{"id":504,"date":"2026-07-29T20:22:08","date_gmt":"2026-07-29T23:22:08","guid":{"rendered":"https:\/\/www.ccsa.ufpb.br\/atuariais\/?p=504"},"modified":"2026-07-29T20:28:20","modified_gmt":"2026-07-29T23:28:20","slug":"divulgacao-das-bancas-de-tcc-2","status":"publish","type":"post","link":"https:\/\/www.ccsa.ufpb.br\/atuariais\/noticia\/divulgacao-das-bancas-de-tcc-2\/","title":{"rendered":"Divulga\u00e7\u00e3o das bancas 2026.1 de TCC 2"},"content":{"rendered":"\n<p class=\"wp-block-paragraph\">A coordena\u00e7\u00e3o do curso de <strong>Ci\u00eancias Atuariais<\/strong> convida toda a comunidade acad\u00eamica para prestigiar as bancas examinadoras de <strong>TCC 2<\/strong> deste semestre. Os formandos apresentar\u00e3o suas pesquisas finais, abordando temas de grande relev\u00e2ncia social e econ\u00f4mica, como <strong>previd\u00eancia social<\/strong>, <strong>seguro agropecu\u00e1rio<\/strong>, <strong>aprendizado de m\u00e1quina<\/strong> e <strong>gest\u00e3o de riscos ambientais<\/strong>.<\/p>\n\n\n\n<p class=\"wp-block-paragraph\">As apresenta\u00e7\u00f5es ocorrer\u00e3o de forma <strong>presencial<\/strong> e s\u00e3o abertas ao p\u00fablico. Venha acompanhar a conclus\u00e3o desta importante etapa acad\u00eamica.<br><\/p>\n\n\n\n<p class=\"wp-block-paragraph\"><a href=\"https:\/\/drive.ufpb.br\/s\/9WgkBFDwnW5FRqQ\">Confira aqui<\/a><\/p>\n\n\n\n<figure class=\"wp-block-image size-large\"><img loading=\"lazy\" decoding=\"async\" width=\"1024\" height=\"683\" src=\"https:\/\/www.ccsa.ufpb.br\/atuariais\/wp-content\/uploads\/sites\/179\/sites\/387\/2026\/07\/image-1024x683.png\" alt=\"\" class=\"wp-image-507\" srcset=\"https:\/\/www.ccsa.ufpb.br\/atuariais\/wp-content\/uploads\/sites\/179\/sites\/387\/2026\/07\/image-1024x683.png 1024w, https:\/\/www.ccsa.ufpb.br\/atuariais\/wp-content\/uploads\/sites\/179\/sites\/387\/2026\/07\/image-300x200.png 300w, https:\/\/www.ccsa.ufpb.br\/atuariais\/wp-content\/uploads\/sites\/179\/sites\/387\/2026\/07\/image-768x512.png 768w, https:\/\/www.ccsa.ufpb.br\/atuariais\/wp-content\/uploads\/sites\/179\/sites\/387\/2026\/07\/image.png 1536w\" sizes=\"auto, (max-width: 1024px) 100vw, 1024px\" \/><\/figure>\n\n\n\n<p class=\"wp-block-paragraph\"><\/p>\n\n\n\n<p class=\"wp-block-paragraph\"><\/p>\n","protected":false},"excerpt":{"rendered":"<p>A coordena\u00e7\u00e3o do curso de Ci\u00eancias Atuariais convida toda a comunidade acad\u00eamica para prestigiar as [&hellip;]<\/p>\n","protected":false},"author":430,"featured_media":508,"comment_status":"open","ping_status":"open","sticky":false,"template":"","format":"standard","meta":{"footnotes":""},"categories":[2],"tags":[],"class_list":["post-504","post","type-post","status-publish","format-standard","has-post-thumbnail","hentry","category-noticia"],"_links":{"self":[{"href":"https:\/\/www.ccsa.ufpb.br\/atuariais\/wp-json\/wp\/v2\/posts\/504","targetHints":{"allow":["GET"]}}],"collection":[{"href":"https:\/\/www.ccsa.ufpb.br\/atuariais\/wp-json\/wp\/v2\/posts"}],"about":[{"href":"https:\/\/www.ccsa.ufpb.br\/atuariais\/wp-json\/wp\/v2\/types\/post"}],"author":[{"embeddable":true,"href":"https:\/\/www.ccsa.ufpb.br\/atuariais\/wp-json\/wp\/v2\/users\/430"}],"replies":[{"embeddable":true,"href":"https:\/\/www.ccsa.ufpb.br\/atuariais\/wp-json\/wp\/v2\/comments?post=504"}],"version-history":[{"count":3,"href":"https:\/\/www.ccsa.ufpb.br\/atuariais\/wp-json\/wp\/v2\/posts\/504\/revisions"}],"predecessor-version":[{"id":510,"href":"https:\/\/www.ccsa.ufpb.br\/atuariais\/wp-json\/wp\/v2\/posts\/504\/revisions\/510"}],"wp:featuredmedia":[{"embeddable":true,"href":"https:\/\/www.ccsa.ufpb.br\/atuariais\/wp-json\/wp\/v2\/media\/508"}],"wp:attachment":[{"href":"https:\/\/www.ccsa.ufpb.br\/atuariais\/wp-json\/wp\/v2\/media?parent=504"}],"wp:term":[{"taxonomy":"category","embeddable":true,"href":"https:\/\/www.ccsa.ufpb.br\/atuariais\/wp-json\/wp\/v2\/categories?post=504"},{"taxonomy":"post_tag","embeddable":true,"href":"https:\/\/www.ccsa.ufpb.br\/atuariais\/wp-json\/wp\/v2\/tags?post=504"}],"curies":[{"name":"wp","href":"https:\/\/api.w.org\/{rel}","templated":true}]}}