{"id":206,"date":"2019-08-08T15:45:00","date_gmt":"2019-08-08T15:45:00","guid":{"rendered":"https:\/\/www.ccsa.ufpb.br\/bsccsa2\/?p=206"},"modified":"2025-02-11T19:53:06","modified_gmt":"2025-02-11T19:53:06","slug":"nota-de-esclarecimento","status":"publish","type":"post","link":"https:\/\/www.ccsa.ufpb.br\/bsccsa\/noticias\/nota-de-esclarecimento\/","title":{"rendered":"Nota de Esclarecimento"},"content":{"rendered":"\n<h1 class=\"wp-block-heading\">Biblioteca Setorial Berilo Borba emite nota para esclarecer aos usu\u00e1rios sobre o atual hor\u00e1rio de funcionamento.<\/h1>\n\n\n\n<p><\/p>\n\n\n\n<p>&nbsp; &nbsp; Desde o \u00faltimo dia 02\/08\/2019, a Biblioteca Setorial do CCSA teve seus hor\u00e1rios de funcionamento e atendimento ao p\u00fablico alterados, em decorr\u00eancia das Portarias de n\u00ba 164 e 170 de 06 de junho do mesmo ano, do Gabinete da Reitoria da UFPB, que trata da jornada di\u00e1ria de trabalho de 08h (oito horas).<\/p>\n\n\n\n<p>&nbsp; &nbsp;A biblioteca enquanto setor de atendimento priorit\u00e1rio ao p\u00fablico discente da UFPB, funcionou at\u00e9 ent\u00e3o em hor\u00e1rio ininterrupto das 7h30min \u00e0s 21h30min diariamente, atendendo a uma m\u00e9dia di\u00e1ria de 450 usu\u00e1rios (alunos de gradua\u00e7\u00e3o, p\u00f3s-gradua\u00e7\u00e3o, servidores t\u00e9cnico-administrativos, professores e comunidade em geral). Para o atendimento desta jornada ininterrupta, os servidores da biblioteca se revesavam em jornada de trabalho de 6h&nbsp;por dia, onde estes atuavam em atividades cont\u00ednuas em regime de escala, atendendo desta forma aos&nbsp;tr\u00eas turnos.&nbsp;<\/p>\n\n\n\n<p>&nbsp; &nbsp; A Coordena\u00e7\u00e3o da Biblioteca como provid\u00eancia j\u00e1 encaminhou processo de solicita\u00e7\u00e3o de flexibiliza\u00e7\u00e3o da jornada de trabalho mediante as portarias mencionadas acima para ter viabilizado o retorno ao turno ininterrupto em escala de jornada de trabalho dos servidores, e consequentemente a volta ao funcionamento normal das 7h30min \u00e0s 21h30min.<\/p>\n\n\n\n<p>&nbsp; &nbsp; A&nbsp;Dire\u00e7\u00e3o do Sistema de Bibliotecas emitiu documento \u00e0 Reitoria desta institui\u00e7\u00e3o, solicitando autoriza\u00e7\u00e3o para a manuten\u00e7\u00e3o de jornada ininterrupta no Sistema de Bibliotecas de acordo com a natureza da presta\u00e7\u00e3o de servi\u00e7os ofertados pelas bibliotecas \u00e0 comunidade acad\u00eamica, principalmente os alunos, enquanto \u00e9 aguardada a an\u00e1lise dos processos de solicita\u00e7\u00e3o de flexibiliza\u00e7\u00e3o da jornada.<\/p>\n\n\n\n<p>&nbsp; &nbsp; O Sindicato dos Trabalhadores em Ensino Superior da Para\u00edba (SINTESP), ap\u00f3s reuni\u00e3o na \u00faltima sexta-feira dia 02\/08\/2019 com a Reitoria e com alguns servidores t\u00e9cnico-administrativos, elaborou e encaminhou em 06\/08\/2019 o Of\u00edcio n\u00ba 008\/2019, que solicita algumas altera\u00e7\u00f5es nas referidas portarias, de forma a viabilizar a an\u00e1lise e celeridade aos pareceres dos processos, de forma a minimizar os preju\u00edzos j\u00e1 trazidos \u00e0 comunidade acad\u00eamica em decorr\u00eancia do assunto em quest\u00e3o.<\/p>\n\n\n\n<p>&nbsp;&nbsp; &nbsp;Pedimos desculpas pelos transtornos causados \u00e0 comunidade acad\u00eamica e reiteramos nosso compromisso em solucionar esta quest\u00e3o o mais breve poss\u00edvel, dentro do que for vi\u00e1vel ao nosso setor.<\/p>\n","protected":false},"excerpt":{"rendered":"<p>Biblioteca Setorial Berilo Borba emite nota para esclarecer aos usu\u00e1rios sobre o atual hor\u00e1rio de [&hellip;]<\/p>\n","protected":false},"author":200,"featured_media":0,"comment_status":"open","ping_status":"open","sticky":false,"template":"","format":"standard","meta":{"footnotes":""},"categories":[3],"tags":[],"class_list":["post-206","post","type-post","status-publish","format-standard","hentry","category-noticias"],"_links":{"self":[{"href":"https:\/\/www.ccsa.ufpb.br\/bsccsa\/wp-json\/wp\/v2\/posts\/206","targetHints":{"allow":["GET"]}}],"collection":[{"href":"https:\/\/www.ccsa.ufpb.br\/bsccsa\/wp-json\/wp\/v2\/posts"}],"about":[{"href":"https:\/\/www.ccsa.ufpb.br\/bsccsa\/wp-json\/wp\/v2\/types\/post"}],"author":[{"embeddable":true,"href":"https:\/\/www.ccsa.ufpb.br\/bsccsa\/wp-json\/wp\/v2\/users\/200"}],"replies":[{"embeddable":true,"href":"https:\/\/www.ccsa.ufpb.br\/bsccsa\/wp-json\/wp\/v2\/comments?post=206"}],"version-history":[{"count":1,"href":"https:\/\/www.ccsa.ufpb.br\/bsccsa\/wp-json\/wp\/v2\/posts\/206\/revisions"}],"predecessor-version":[{"id":207,"href":"https:\/\/www.ccsa.ufpb.br\/bsccsa\/wp-json\/wp\/v2\/posts\/206\/revisions\/207"}],"wp:attachment":[{"href":"https:\/\/www.ccsa.ufpb.br\/bsccsa\/wp-json\/wp\/v2\/media?parent=206"}],"wp:term":[{"taxonomy":"category","embeddable":true,"href":"https:\/\/www.ccsa.ufpb.br\/bsccsa\/wp-json\/wp\/v2\/categories?post=206"},{"taxonomy":"post_tag","embeddable":true,"href":"https:\/\/www.ccsa.ufpb.br\/bsccsa\/wp-json\/wp\/v2\/tags?post=206"}],"curies":[{"name":"wp","href":"https:\/\/api.w.org\/{rel}","templated":true}]}}