{"id":233,"date":"2018-08-28T15:58:00","date_gmt":"2018-08-28T15:58:00","guid":{"rendered":"https:\/\/www.ccsa.ufpb.br\/bsccsa2\/?p=233"},"modified":"2025-10-08T19:02:08","modified_gmt":"2025-10-08T19:02:08","slug":"biblioteca-do-ccsa-completa-25-anos","status":"publish","type":"post","link":"https:\/\/www.ccsa.ufpb.br\/bsccsa\/uncategorized\/biblioteca-do-ccsa-completa-25-anos\/","title":{"rendered":"Biblioteca do CCSA completa 25 anos"},"content":{"rendered":"\n<p>A biblioteca do CCSA est\u00e1 comemorando 25 anos esta semana e est\u00e1 com uma programa\u00e7\u00e3o toda especial<\/p>\n\n\n\n<figure class=\"wp-block-image size-large\"><img loading=\"lazy\" decoding=\"async\" width=\"1024\" height=\"256\" src=\"https:\/\/www.ccsa.ufpb.br\/bsccsa\/wp-content\/uploads\/sites\/179\/sites\/248\/2025\/02\/image-4-1024x256.png\" alt=\"\" class=\"wp-image-234\" \/><\/figure>\n\n\n\n<p><\/p>\n\n\n\n<p>A Biblioteca Setorial Berilo Borba, mais conhecida como Biblioteca Setorial do CCSA (BS\/CCSA), est\u00e1 completando 25 anos no dia 31\/08\/2018.<\/p>\n\n\n\n<p>Criada em&nbsp;31 de agosto&nbsp;de 1993,&nbsp;a Biblioteca teve como proposta unir em um \u00fanico espa\u00e7o o acervo das bibliotecas departamentais existentes no Centro de Ci\u00eancias Sociais Aplicadas (CCSA), no intuito de ampliar o acesso deste material para a comunidade acad\u00eamica do Centro e da UFPB.<\/p>\n\n\n\n<p>Inicialmente, \u00e0 BS\/CCSA era&nbsp;subordinada a Coordena\u00e7\u00e3o de Biblioteconomia, que tinha como Coordenadora&nbsp;\u00e0&nbsp;\u00e9poca, a professora Beth Baltar, e como primeira diretora a professora Eliany Alvarenga. Em 2009 passou&nbsp;a&nbsp;integrar&nbsp;o Sistema de Bibliotecas da UFPB (SIB\/UFPB)&nbsp;,&nbsp;formado pela Biblioteca Central, e&nbsp;por mais&nbsp;19 bibliotecas setoriais, tendo&nbsp;como&nbsp;objetivo a unidade e harmonia das atividades de coleta, tratamento, armazenamento, recupera\u00e7\u00e3o e dissemina\u00e7\u00e3o de informa\u00e7\u00f5es, para o apoio aos programas de ensino, pesquisa e extens\u00e3o do CCSA\/ UFPB.&nbsp;O nome da biblioteca foi escolhido em homenagem ao primeiro diretor de centro do CCSA, e tamb\u00e9m ex-reitor, Professor Berilo Borba.&nbsp;<\/p>\n\n\n\n<p>&nbsp;Para marcar esta data, a Biblioteca Setorial do CCSA est\u00e1 realizando algumas a\u00e7\u00f5es promocionais, das quais tr\u00eas delas se destacam. A primeira &nbsp;\u00e9 pela rede social Instagram&nbsp;, e para participar, \u00e9 preciso seguir o instagram da BS\/CCSA,&nbsp;curtir a foto oficial e marcar dois amigos nos coment\u00e1rios. O sorteio ocorrer\u00e1 no dia 31 desse m\u00eas.<\/p>\n\n\n\n<p>&nbsp;A&nbsp;segunda&nbsp;a\u00e7\u00e3o acontecer\u00e1 durante esta semana, de&nbsp;&nbsp;27 a&nbsp;31 de agosto,&nbsp;com o&nbsp;&#8220;Pegue e Leve&#8221; virtual nas &nbsp;duas redes sociais&nbsp;da BS\/CCSA. Ser\u00e3o postados diariamente&nbsp;fotos de livros adquiridos&nbsp;por meio de&nbsp;doa\u00e7\u00e3o,&nbsp;&nbsp;e&nbsp;o primeiro seguidor que disser &#8220;EU QUERO&#8221; no coment\u00e1rio da imagem, leva o livro.&nbsp;Lembrando que \u00e9 preciso seguir nossa p\u00e1gina e curtir a foto.&nbsp;&nbsp;Ser\u00e3o ao todos 25 livros&nbsp;doados.&nbsp;<\/p>\n\n\n\n<p>&nbsp;A terceira a\u00e7\u00e3o realizada ser\u00e1 a premia\u00e7\u00e3o dos 25 usu\u00e1rios que mais realizaram empr\u00e9stimo no primeiro semestre de 2018. Segue abaixo a rela\u00e7\u00e3o dos referidos usu\u00e1rios.<\/p>\n\n\n\n<p><\/p>\n\n\n\n<figure class=\"wp-block-image size-large\"><img loading=\"lazy\" decoding=\"async\" width=\"1024\" height=\"576\" src=\"https:\/\/www.ccsa.ufpb.br\/bsccsa\/wp-content\/uploads\/sites\/179\/sites\/248\/2025\/02\/image-5-1024x576.png\" alt=\"\" class=\"wp-image-235\" srcset=\"https:\/\/www.ccsa.ufpb.br\/bsccsa\/wp-content\/uploads\/sites\/179\/sites\/248\/2025\/02\/image-5-1024x576.png 1024w, https:\/\/www.ccsa.ufpb.br\/bsccsa\/wp-content\/uploads\/sites\/179\/sites\/248\/2025\/02\/image-5-300x169.png 300w, https:\/\/www.ccsa.ufpb.br\/bsccsa\/wp-content\/uploads\/sites\/179\/sites\/248\/2025\/02\/image-5-768x432.png 768w, https:\/\/www.ccsa.ufpb.br\/bsccsa\/wp-content\/uploads\/sites\/179\/sites\/248\/2025\/02\/image-5.png 1280w\" sizes=\"auto, (max-width: 1024px) 100vw, 1024px\" \/><\/figure>\n\n\n\n<p><\/p>\n\n\n\n<p>&nbsp;Acompanhe as not\u00edcias atrav\u00e9s das nossas redes sociais<\/p>\n\n\n\n<p>Instagram:&nbsp;@bibliotecaccsa_ufpb<\/p>\n\n\n\n<p>Facebook: @bibliotecaccsaufpb<\/p>\n","protected":false},"excerpt":{"rendered":"<p>A biblioteca do CCSA est\u00e1 comemorando 25 anos esta semana e est\u00e1 com uma programa\u00e7\u00e3o [&hellip;]<\/p>\n","protected":false},"author":201,"featured_media":234,"comment_status":"open","ping_status":"open","sticky":false,"template":"","format":"standard","meta":{"footnotes":""},"categories":[1],"tags":[],"class_list":["post-233","post","type-post","status-publish","format-standard","has-post-thumbnail","hentry","category-uncategorized"],"_links":{"self":[{"href":"https:\/\/www.ccsa.ufpb.br\/bsccsa\/wp-json\/wp\/v2\/posts\/233","targetHints":{"allow":["GET"]}}],"collection":[{"href":"https:\/\/www.ccsa.ufpb.br\/bsccsa\/wp-json\/wp\/v2\/posts"}],"about":[{"href":"https:\/\/www.ccsa.ufpb.br\/bsccsa\/wp-json\/wp\/v2\/types\/post"}],"author":[{"embeddable":true,"href":"https:\/\/www.ccsa.ufpb.br\/bsccsa\/wp-json\/wp\/v2\/users\/201"}],"replies":[{"embeddable":true,"href":"https:\/\/www.ccsa.ufpb.br\/bsccsa\/wp-json\/wp\/v2\/comments?post=233"}],"version-history":[{"count":1,"href":"https:\/\/www.ccsa.ufpb.br\/bsccsa\/wp-json\/wp\/v2\/posts\/233\/revisions"}],"predecessor-version":[{"id":236,"href":"https:\/\/www.ccsa.ufpb.br\/bsccsa\/wp-json\/wp\/v2\/posts\/233\/revisions\/236"}],"wp:featuredmedia":[{"embeddable":true,"href":"https:\/\/www.ccsa.ufpb.br\/bsccsa\/wp-json\/wp\/v2\/media\/234"}],"wp:attachment":[{"href":"https:\/\/www.ccsa.ufpb.br\/bsccsa\/wp-json\/wp\/v2\/media?parent=233"}],"wp:term":[{"taxonomy":"category","embeddable":true,"href":"https:\/\/www.ccsa.ufpb.br\/bsccsa\/wp-json\/wp\/v2\/categories?post=233"},{"taxonomy":"post_tag","embeddable":true,"href":"https:\/\/www.ccsa.ufpb.br\/bsccsa\/wp-json\/wp\/v2\/tags?post=233"}],"curies":[{"name":"wp","href":"https:\/\/api.w.org\/{rel}","templated":true}]}}