{"id":292,"date":"2026-08-24T10:13:54","date_gmt":"2026-08-24T13:13:54","guid":{"rendered":"https:\/\/www.ccsa.ufpb.br\/cce\/?p=292"},"modified":"2026-08-25T10:50:08","modified_gmt":"2026-08-25T13:50:08","slug":"relatorio-laurea-academica-2026-1","status":"publish","type":"post","link":"https:\/\/www.ccsa.ufpb.br\/cce\/relatorio-laurea-academica-2026-1\/","title":{"rendered":"Relat\u00f3rio L\u00e1urea Acad\u00eamica 2026.1"},"content":{"rendered":"\n<p class=\"has-text-align-left wp-block-paragraph\">A Comiss\u00e3o Avaliadora para o pr\u00eamio \u201c<strong>L\u00e1urea Acad\u00eamica Destaque da Gradua\u00e7\u00e3o<\/strong>\u201d, bi\u00eanio 2025.2\/2027.1, constitu\u00edda em 14 de abril de 2026 \u00e9 formada pela Coordenadora<strong>, Profa. GABRIELA BEZERRA DE MEDEIROS <\/strong>&nbsp;(Presidente) e os t\u00e9cnico-administrativos&nbsp;JULIETE ALVES FERREIRA e \u00c1LVARO RODRIGUES DE SOUSA NETTO,&nbsp;vem apresentar abaixo as indica\u00e7\u00f5es relativas ao&nbsp;<strong>per\u00edodo 2026.1<\/strong>, de acordo com a&nbsp;<strong>Resolu\u00e7\u00e3o CONSUNI 06\/2022 e a Instru\u00e7\u00e3o Normativa PRG n\u00ba 2\/2025.<\/strong><\/p>\n\n\n\n<p class=\"wp-block-paragraph\"><strong>Nome&nbsp; &nbsp; &nbsp; &nbsp; &nbsp; &nbsp; &nbsp; &nbsp; &nbsp; &nbsp; &nbsp; &nbsp; &nbsp; &nbsp; &nbsp; &nbsp; &nbsp; &nbsp; &nbsp; &nbsp; &nbsp; &nbsp; &nbsp; &nbsp; &nbsp; &nbsp; &nbsp; &nbsp; &nbsp; &nbsp; &nbsp; &nbsp; &nbsp; &nbsp; &nbsp; CRA&nbsp; &nbsp; &nbsp; &nbsp; &nbsp; &nbsp; &nbsp; &nbsp; &nbsp; &nbsp; &nbsp; &nbsp; Matr\u00edcula<\/strong><\/p>\n\n\n\n<p class=\"wp-block-paragraph\">JOAN DA SILVA MORAIS &nbsp; &nbsp; &nbsp; &nbsp; &nbsp; &nbsp; &nbsp; &nbsp; &nbsp; &nbsp; &nbsp; &nbsp; &nbsp; &nbsp; &nbsp; &nbsp; &nbsp; 9.18 &nbsp; &nbsp; &nbsp; &nbsp; &nbsp; &nbsp; &nbsp; &nbsp; &nbsp; &nbsp; &nbsp; 20200054724&nbsp;<\/p>\n\n\n\n<p class=\"wp-block-paragraph\">Dito isto, esta Comiss\u00e3o considera encerradas as suas atividades quanto ao&nbsp;<strong>semestre letivo 2026.1<\/strong>.<\/p>\n\n\n\n<div class=\"wp-block-file\"><a id=\"wp-block-file--media-6931dbe2-4451-4f64-aba7-21331f732eef\" href=\"https:\/\/www.ccsa.ufpb.br\/cce\/wp-content\/uploads\/sites\/179\/sites\/420\/2026\/08\/RELATORIO-FINAL_LAUREA-ACADEMICA-2026.1.pdf\">RELAT\u00d3RIO FINAL_LAUREA ACADEMICA 2026.1<\/a><a href=\"https:\/\/www.ccsa.ufpb.br\/cce\/wp-content\/uploads\/sites\/179\/sites\/420\/2026\/08\/RELATORIO-FINAL_LAUREA-ACADEMICA-2026.1.pdf\" class=\"wp-block-file__button wp-element-button\" download aria-describedby=\"wp-block-file--media-6931dbe2-4451-4f64-aba7-21331f732eef\">Baixar<\/a><\/div>\n","protected":false},"excerpt":{"rendered":"<p>A Comiss\u00e3o Avaliadora para o pr\u00eamio \u201cL\u00e1urea Acad\u00eamica Destaque da Gradua\u00e7\u00e3o\u201d, bi\u00eanio 2025.2\/2027.1, constitu\u00edda em [&hellip;]<\/p>\n","protected":false},"author":484,"featured_media":0,"comment_status":"closed","ping_status":"closed","sticky":false,"template":"","format":"standard","meta":{"footnotes":""},"categories":[1],"tags":[],"class_list":["post-292","post","type-post","status-publish","format-standard","hentry","category-sem-categoria"],"_links":{"self":[{"href":"https:\/\/www.ccsa.ufpb.br\/cce\/wp-json\/wp\/v2\/posts\/292","targetHints":{"allow":["GET"]}}],"collection":[{"href":"https:\/\/www.ccsa.ufpb.br\/cce\/wp-json\/wp\/v2\/posts"}],"about":[{"href":"https:\/\/www.ccsa.ufpb.br\/cce\/wp-json\/wp\/v2\/types\/post"}],"author":[{"embeddable":true,"href":"https:\/\/www.ccsa.ufpb.br\/cce\/wp-json\/wp\/v2\/users\/484"}],"replies":[{"embeddable":true,"href":"https:\/\/www.ccsa.ufpb.br\/cce\/wp-json\/wp\/v2\/comments?post=292"}],"version-history":[{"count":5,"href":"https:\/\/www.ccsa.ufpb.br\/cce\/wp-json\/wp\/v2\/posts\/292\/revisions"}],"predecessor-version":[{"id":300,"href":"https:\/\/www.ccsa.ufpb.br\/cce\/wp-json\/wp\/v2\/posts\/292\/revisions\/300"}],"wp:attachment":[{"href":"https:\/\/www.ccsa.ufpb.br\/cce\/wp-json\/wp\/v2\/media?parent=292"}],"wp:term":[{"taxonomy":"category","embeddable":true,"href":"https:\/\/www.ccsa.ufpb.br\/cce\/wp-json\/wp\/v2\/categories?post=292"},{"taxonomy":"post_tag","embeddable":true,"href":"https:\/\/www.ccsa.ufpb.br\/cce\/wp-json\/wp\/v2\/tags?post=292"}],"curies":[{"name":"wp","href":"https:\/\/api.w.org\/{rel}","templated":true}]}}