{"id":62,"date":"2025-10-15T20:44:00","date_gmt":"2025-10-15T23:44:00","guid":{"rendered":"https:\/\/www.ccsa.ufpb.br\/cce\/?p=62"},"modified":"2025-12-15T20:44:32","modified_gmt":"2025-12-15T23:44:32","slug":"relatorio-laurea-academica-2025-1","status":"publish","type":"post","link":"https:\/\/www.ccsa.ufpb.br\/cce\/relatorio-laurea-academica-2025-1\/","title":{"rendered":"Relat\u00f3rio L\u00e1urea Acad\u00eamica 2025.1"},"content":{"rendered":"\n<p class=\"wp-block-paragraph\">A Comiss\u00e3o Avaliadora para o pr\u00eamio \u201cL\u00e1urea Acad\u00eamica Destaque da Gradua\u00e7\u00e3o\u201d, bi\u00eanio 2025.1\/2026.2, constitu\u00edda em 15 de outubro de 2025 e formada pelo Coordenador em exerc\u00edcio, Prof. H\u00c9LIO RAMOS DE SOUZA FILHO&nbsp;(Presidente) e os t\u00e9cnico-administrativos&nbsp;JULIETE ALVES FERREIRA e \u00c1LVARO RODRIGUES DE SOUSA NETTO,&nbsp;vem apresentar abaixo as indica\u00e7\u00f5es relativas ao&nbsp;per\u00edodo 2025.1, de acordo com a&nbsp;Resolu\u00e7\u00e3o CONSUNI 06\/2022 e a Instru\u00e7\u00e3o Normativa PRG n\u00ba 2\/2025.<\/p>\n\n\n\n<p class=\"wp-block-paragraph\"><strong>DIURNO:<\/strong><\/p>\n\n\n\n<p class=\"wp-block-paragraph\"><strong>Nome&nbsp; &nbsp; &nbsp; &nbsp; &nbsp; &nbsp; &nbsp; &nbsp; &nbsp; &nbsp; &nbsp; &nbsp; &nbsp; &nbsp; &nbsp; &nbsp; &nbsp; &nbsp; &nbsp; &nbsp; &nbsp; &nbsp; &nbsp; &nbsp; &nbsp; &nbsp; &nbsp; &nbsp; &nbsp; &nbsp; &nbsp; &nbsp; &nbsp; &nbsp; &nbsp; CRA&nbsp; &nbsp; &nbsp; &nbsp; &nbsp; &nbsp; &nbsp; &nbsp; &nbsp; &nbsp; &nbsp; Matr\u00edcula<\/strong><\/p>\n\n\n\n<p class=\"wp-block-paragraph\">Rita de Cassia Pereira da Costa&nbsp; &nbsp; &nbsp; &nbsp; &nbsp; &nbsp; &nbsp; &nbsp; &nbsp; &nbsp; &nbsp; &nbsp; &nbsp; 9.38 &nbsp; &nbsp; &nbsp; &nbsp; &nbsp; &nbsp; &nbsp; &nbsp; &nbsp; &nbsp; 20210091267<\/p>\n\n\n\n<p class=\"wp-block-paragraph\">Lais Pires Felizardo&nbsp; &nbsp; &nbsp; &nbsp; &nbsp; &nbsp; &nbsp; &nbsp; &nbsp; &nbsp; &nbsp; &nbsp; &nbsp; &nbsp; &nbsp; &nbsp; &nbsp; &nbsp; &nbsp; &nbsp; &nbsp; &nbsp; &nbsp; &nbsp;9.11 &nbsp; &nbsp; &nbsp; &nbsp; &nbsp; &nbsp; &nbsp; &nbsp; &nbsp; &nbsp; 20210108945<\/p>\n\n\n\n<p class=\"wp-block-paragraph\"><strong>NOTURNO:<\/strong><\/p>\n\n\n\n<p class=\"wp-block-paragraph\"><strong>Nome&nbsp; &nbsp; &nbsp; &nbsp; &nbsp; &nbsp; &nbsp; &nbsp; &nbsp; &nbsp; &nbsp; &nbsp; &nbsp; &nbsp; &nbsp; &nbsp; &nbsp; &nbsp; &nbsp; &nbsp; &nbsp; &nbsp; &nbsp; &nbsp; &nbsp; &nbsp; &nbsp; &nbsp; &nbsp; &nbsp; &nbsp; &nbsp; &nbsp; &nbsp; &nbsp;CRA&nbsp; &nbsp; &nbsp; &nbsp; &nbsp; &nbsp; &nbsp; &nbsp; &nbsp; &nbsp; &nbsp; &nbsp; &nbsp;Matr\u00edcula<\/strong><\/p>\n\n\n\n<p class=\"wp-block-paragraph\">Jos\u00e9 Oziel Herminio de Lima&nbsp; &nbsp; &nbsp; &nbsp; &nbsp; &nbsp; &nbsp; &nbsp; &nbsp; &nbsp; &nbsp; &nbsp; &nbsp; &nbsp; &nbsp; &nbsp;8.82&nbsp; &nbsp; &nbsp; &nbsp; &nbsp; &nbsp; &nbsp; &nbsp; &nbsp; &nbsp; &nbsp; 20200059328<\/p>\n\n\n\n<p class=\"wp-block-paragraph\">Dito isto, esta Comiss\u00e3o considera encerradas as suas atividades quanto ao&nbsp;semestre letivo 2025.1.<\/p>\n\n\n\n<p class=\"wp-block-paragraph\"><a href=\"http:\/\/plone.ufpb.br\/cce\/contents\/documentos\/RelatorioFinalLaureaAcademica2025.1.pdf\">Relat\u00f3rio L\u00e1urea Acad\u00eamica 2025.1<\/a><\/p>\n","protected":false},"excerpt":{"rendered":"<p>A Comiss\u00e3o Avaliadora para o pr\u00eamio \u201cL\u00e1urea Acad\u00eamica Destaque da Gradua\u00e7\u00e3o\u201d, bi\u00eanio 2025.1\/2026.2, constitu\u00edda em [&hellip;]<\/p>\n","protected":false},"author":47,"featured_media":4,"comment_status":"closed","ping_status":"closed","sticky":false,"template":"","format":"standard","meta":{"footnotes":""},"categories":[3],"tags":[],"class_list":["post-62","post","type-post","status-publish","format-standard","has-post-thumbnail","hentry","category-institucional"],"_links":{"self":[{"href":"https:\/\/www.ccsa.ufpb.br\/cce\/wp-json\/wp\/v2\/posts\/62","targetHints":{"allow":["GET"]}}],"collection":[{"href":"https:\/\/www.ccsa.ufpb.br\/cce\/wp-json\/wp\/v2\/posts"}],"about":[{"href":"https:\/\/www.ccsa.ufpb.br\/cce\/wp-json\/wp\/v2\/types\/post"}],"author":[{"embeddable":true,"href":"https:\/\/www.ccsa.ufpb.br\/cce\/wp-json\/wp\/v2\/users\/47"}],"replies":[{"embeddable":true,"href":"https:\/\/www.ccsa.ufpb.br\/cce\/wp-json\/wp\/v2\/comments?post=62"}],"version-history":[{"count":1,"href":"https:\/\/www.ccsa.ufpb.br\/cce\/wp-json\/wp\/v2\/posts\/62\/revisions"}],"predecessor-version":[{"id":63,"href":"https:\/\/www.ccsa.ufpb.br\/cce\/wp-json\/wp\/v2\/posts\/62\/revisions\/63"}],"wp:featuredmedia":[{"embeddable":true,"href":"https:\/\/www.ccsa.ufpb.br\/cce\/wp-json\/wp\/v2\/media\/4"}],"wp:attachment":[{"href":"https:\/\/www.ccsa.ufpb.br\/cce\/wp-json\/wp\/v2\/media?parent=62"}],"wp:term":[{"taxonomy":"category","embeddable":true,"href":"https:\/\/www.ccsa.ufpb.br\/cce\/wp-json\/wp\/v2\/categories?post=62"},{"taxonomy":"post_tag","embeddable":true,"href":"https:\/\/www.ccsa.ufpb.br\/cce\/wp-json\/wp\/v2\/tags?post=62"}],"curies":[{"name":"wp","href":"https:\/\/api.w.org\/{rel}","templated":true}]}}