{"id":132,"date":"2025-11-26T17:26:22","date_gmt":"2025-11-26T20:26:22","guid":{"rendered":"https:\/\/www.ccsa.ufpb.br\/dfc\/?p=132"},"modified":"2025-12-11T13:56:06","modified_gmt":"2025-12-11T16:56:06","slug":"programa-de-monitoria-2026","status":"publish","type":"post","link":"https:\/\/www.ccsa.ufpb.br\/dfc\/processo-seletivo\/programa-de-monitoria-2026\/","title":{"rendered":"PROGRAMA DE MONITORIA 2026"},"content":{"rendered":"\n<p id=\"block-44db4187-0856-40f8-8c75-98574eafbeb3\">O Programa de Monitoria 2026 do DFC contar\u00e1 com 11 projetos:<\/p>\n\n\n\n<p id=\"block-194a8dcb-53eb-482b-9718-1d2405115601\">Aprimoramento da Aprendizagem em Contabilidade P\u00fablica: Monitoria nas Disciplinas Contabilidade<br>para o Setor P\u00fablico II e Pr\u00e1tica P\u00fablica;<\/p>\n\n\n\n<p id=\"block-a01349d8-8399-438a-b92f-23545aa4a4f7\">C\u00e1lculo Atuarial;<\/p>\n\n\n\n<p id=\"block-5d06fbe0-1058-4b37-9ec0-8df4ddce55c4\">Imers\u00e3o Anal\u00edtica: Monitoria em M\u00e9todos Quantitativos para Contadores do Futuro;<\/p>\n\n\n\n<p id=\"block-bf8643e3-ee9a-45ce-8440-1ae14803578f\">Inspira\u00e7\u00e3o Docente e Excel\u00eancia Acad\u00eamica em Contabilidade III;<\/p>\n\n\n\n<p id=\"block-e619b6f2-39fb-43ec-96eb-cce491a6f093\">Melhorias no Ensino de Finan\u00e7as e Contabilidade;<\/p>\n\n\n\n<p id=\"block-56350904-d8ee-4b78-956b-a5b4046470bd\">Monitoria da Contabilidade para Neg\u00f3cios;<\/p>\n\n\n\n<p id=\"block-e5d8ed67-a46c-4504-b10c-a4c8cfce81ca\">Monitoria de Disciplinas de Contabilidade para Ingressantes;<\/p>\n\n\n\n<p id=\"block-de9ac1b3-ded5-4a4c-84a5-1e226cca96cb\">Monitoria do Ensino em Pr\u00e1tica Trabalhista;<\/p>\n\n\n\n<p id=\"block-43fbb8da-7058-46a9-add7-de8866fd2d9e\">Monitoria em Finan\u00e7as Empresariais;<\/p>\n\n\n\n<p id=\"block-496d3ea1-bf32-4ad6-ba3d-ccd9a12cd759\">Monitoria em Tecnologia da Informa\u00e7\u00e3o: fortalecendo a aprendizagem e o uso de recursos informacionais na pr\u00e1tica cont\u00e1bil; e,<\/p>\n\n\n\n<p id=\"block-cabf640f-edc8-42b5-a318-b4417214e6b4\">Monitoria Integrada: Aprendizagem Ativa e Suporte Multicanal para a Forma\u00e7\u00e3o Acad\u00eamica e Profissional.<\/p>\n\n\n\n<p id=\"block-fa822f6d-7e9d-4210-a970-a2647ae5f556\">Ser\u00e3o disponibilizadas 10 vagas para monitores bolsistas e 13 vagas para monitores volunt\u00e1rios.<\/p>\n\n\n\n<p id=\"block-d1ecb450-7078-493c-b48b-7bbf19a6bf1c\">As inscri\u00e7\u00f5es acontecer\u00e3o pelo SIGAA no per\u00edodo de 02 a 04 de dezembro do corrente ano.<\/p>\n\n\n\n<p id=\"block-7678018b-016f-4106-aa4d-72fe6f1149be\">Mais informa\u00e7\u00f5es podem ser obtidas no <a href=\"https:\/\/drive.ufpb.br\/s\/G25LqN8FDBAjDa4\">Edital n\u00ba 3\/2025 &#8211; CCSA-DFC<\/a>.<\/p>\n","protected":false},"excerpt":{"rendered":"<p>O Programa de Monitoria 2026 do DFC contar\u00e1 com 11 projetos: Aprimoramento da Aprendizagem em [&hellip;]<\/p>\n","protected":false},"author":303,"featured_media":0,"comment_status":"closed","ping_status":"open","sticky":false,"template":"","format":"standard","meta":{"footnotes":""},"categories":[3],"tags":[],"class_list":["post-132","post","type-post","status-publish","format-standard","hentry","category-processo-seletivo"],"_links":{"self":[{"href":"https:\/\/www.ccsa.ufpb.br\/dfc\/wp-json\/wp\/v2\/posts\/132","targetHints":{"allow":["GET"]}}],"collection":[{"href":"https:\/\/www.ccsa.ufpb.br\/dfc\/wp-json\/wp\/v2\/posts"}],"about":[{"href":"https:\/\/www.ccsa.ufpb.br\/dfc\/wp-json\/wp\/v2\/types\/post"}],"author":[{"embeddable":true,"href":"https:\/\/www.ccsa.ufpb.br\/dfc\/wp-json\/wp\/v2\/users\/303"}],"replies":[{"embeddable":true,"href":"https:\/\/www.ccsa.ufpb.br\/dfc\/wp-json\/wp\/v2\/comments?post=132"}],"version-history":[{"count":2,"href":"https:\/\/www.ccsa.ufpb.br\/dfc\/wp-json\/wp\/v2\/posts\/132\/revisions"}],"predecessor-version":[{"id":135,"href":"https:\/\/www.ccsa.ufpb.br\/dfc\/wp-json\/wp\/v2\/posts\/132\/revisions\/135"}],"wp:attachment":[{"href":"https:\/\/www.ccsa.ufpb.br\/dfc\/wp-json\/wp\/v2\/media?parent=132"}],"wp:term":[{"taxonomy":"category","embeddable":true,"href":"https:\/\/www.ccsa.ufpb.br\/dfc\/wp-json\/wp\/v2\/categories?post=132"},{"taxonomy":"post_tag","embeddable":true,"href":"https:\/\/www.ccsa.ufpb.br\/dfc\/wp-json\/wp\/v2\/tags?post=132"}],"curies":[{"name":"wp","href":"https:\/\/api.w.org\/{rel}","templated":true}]}}