{"id":10171,"date":"2025-10-07T10:57:04","date_gmt":"2025-10-07T13:57:04","guid":{"rendered":"https:\/\/www.ccsa.ufpb.br\/pesquisarquivistica\/?p=10171"},"modified":"2025-10-07T10:57:04","modified_gmt":"2025-10-07T13:57:04","slug":"classificacao-e-governanca-arquivistica-aplicada-a-gestao-de-documentos-do-ministerio-da-saude-ms-2022","status":"publish","type":"post","link":"https:\/\/www.ccsa.ufpb.br\/pesquisarquivistica\/classificacao-e-governanca-arquivistica-aplicada-a-gestao-de-documentos-do-ministerio-da-saude-ms-2022\/","title":{"rendered":"CLASSIFICA\u00c7\u00c3O E GOVERNAN\u00c7A ARQUIV\u00cdSTICA APLICADA \u00c0 GEST\u00c3O DE DOCUMENTOS DO MINIST\u00c9RIO DA SA\u00daDE (MS) (2022)"},"content":{"rendered":"\n<p>\u00a0<a href=\"http:\/\/lattes.cnpq.br\/4752236489901895\" data-type=\"link\" data-id=\"http:\/\/lattes.cnpq.br\/4752236489901895\">Rogerio Henrique de Ara\u00fajo J\u00fanior &#8211; Coordenador\u00a0<\/a><\/p>\n\n\n\n<p>\u00a0Curso de extens\u00e3o CLASSIFICA\u00c7\u00c3O E GOVERNAN\u00c7A ARQUIV\u00cdSTICA APLICADA \u00c0 GEST\u00c3O DE DOCUMENTOS DO MINIST\u00c9RIO DA SA\u00daDE (MS), promovido pela Faculdade de Ci\u00eancia da Informa\u00e7\u00e3o da Universidade de Bras\u00edlia (FCI\/UnB), na fun\u00e7\u00e3o de Coordenador, com 60 hora(s) de atividades desenvolvidas. A atividade foi realizada no per\u00edodo de 22 de Agosto de 2022 a 2 de Setembro de 2022.\u00f3dulo 1: Aspectos introdut\u00f3rios (a situa\u00e7\u00e3o arquiv\u00edstica em rela\u00e7\u00e3o \u00e0 classifica\u00e7\u00e3o no Brasil); M\u00f3dulo 2: Defini\u00e7\u00e3o de conceitos e objetivos da Classifica\u00e7\u00e3o; M\u00f3dulo 3: A Teoria da Classifica\u00e7\u00e3o; M\u00f3dulo 4: Princ\u00edpios arquiv\u00edsticos envolvidos na classifica\u00e7\u00e3o; M\u00f3dulo 5: Metodologia para constru\u00e7\u00e3o de instrumentos de classifica\u00e7\u00e3o; M\u00f3dulo 6: Metodologia para a constru\u00e7\u00e3o de linguagens document\u00e1rias e taxonomias aplicadas \u00e0 classifica\u00e7\u00e3o arquiv\u00edstica. M\u00f3dulo 7: A indexa\u00e7\u00e3o de documentos arquiv\u00edsticos; M\u00f3dulo 8: An\u00e1lise de instrumentos de classifica\u00e7\u00e3o, linguagens document\u00e1rias e taxonomias (laborat\u00f3rio); M\u00f3dulo 9: Sistemas de gest\u00e3o de documentos no ambiente digital e a classifica\u00e7\u00e3o; M\u00f3dulo 10: A governan\u00e7a arquiv\u00edstica..<\/p>\n","protected":false},"excerpt":{"rendered":"<p>\u00a0Rogerio Henrique de Ara\u00fajo J\u00fanior &#8211; Coordenador\u00a0 \u00a0Curso de extens\u00e3o CLASSIFICA\u00c7\u00c3O E GOVERNAN\u00c7A ARQUIV\u00cdSTICA APLICADA \u00c0 GEST\u00c3O DE DOCUMENTOS DO MINIST\u00c9RIO DA SA\u00daDE (MS), promovido pela Faculdade de Ci\u00eancia da Informa\u00e7\u00e3o da Universidade de Bras\u00edlia (FCI\/UnB), na fun\u00e7\u00e3o de Coordenador, com 60 hora(s) de atividades desenvolvidas. A atividade foi realizada no per\u00edodo de 22 de [&hellip;]<\/p>\n","protected":false},"author":21,"featured_media":0,"comment_status":"open","ping_status":"open","sticky":false,"template":"","format":"standard","meta":{"ocean_post_layout":"","ocean_both_sidebars_style":"","ocean_both_sidebars_content_width":0,"ocean_both_sidebars_sidebars_width":0,"ocean_sidebar":"","ocean_second_sidebar":"","ocean_disable_margins":"enable","ocean_add_body_class":"","ocean_shortcode_before_top_bar":"","ocean_shortcode_after_top_bar":"","ocean_shortcode_before_header":"","ocean_shortcode_after_header":"","ocean_has_shortcode":"","ocean_shortcode_after_title":"","ocean_shortcode_before_footer_widgets":"","ocean_shortcode_after_footer_widgets":"","ocean_shortcode_before_footer_bottom":"","ocean_shortcode_after_footer_bottom":"","ocean_display_top_bar":"default","ocean_display_header":"default","ocean_header_style":"","ocean_center_header_left_menu":"","ocean_custom_header_template":"","ocean_custom_logo":0,"ocean_custom_retina_logo":0,"ocean_custom_logo_max_width":0,"ocean_custom_logo_tablet_max_width":0,"ocean_custom_logo_mobile_max_width":0,"ocean_custom_logo_max_height":0,"ocean_custom_logo_tablet_max_height":0,"ocean_custom_logo_mobile_max_height":0,"ocean_header_custom_menu":"","ocean_menu_typo_font_family":"","ocean_menu_typo_font_subset":"","ocean_menu_typo_font_size":0,"ocean_menu_typo_font_size_tablet":0,"ocean_menu_typo_font_size_mobile":0,"ocean_menu_typo_font_size_unit":"px","ocean_menu_typo_font_weight":"","ocean_menu_typo_font_weight_tablet":"","ocean_menu_typo_font_weight_mobile":"","ocean_menu_typo_transform":"","ocean_menu_typo_transform_tablet":"","ocean_menu_typo_transform_mobile":"","ocean_menu_typo_line_height":0,"ocean_menu_typo_line_height_tablet":0,"ocean_menu_typo_line_height_mobile":0,"ocean_menu_typo_line_height_unit":"","ocean_menu_typo_spacing":0,"ocean_menu_typo_spacing_tablet":0,"ocean_menu_typo_spacing_mobile":0,"ocean_menu_typo_spacing_unit":"","ocean_menu_link_color":"","ocean_menu_link_color_hover":"","ocean_menu_link_color_active":"","ocean_menu_link_background":"","ocean_menu_link_hover_background":"","ocean_menu_link_active_background":"","ocean_menu_social_links_bg":"","ocean_menu_social_hover_links_bg":"","ocean_menu_social_links_color":"","ocean_menu_social_hover_links_color":"","ocean_disable_title":"default","ocean_disable_heading":"default","ocean_post_title":"","ocean_post_subheading":"","ocean_post_title_style":"","ocean_post_title_background_color":"","ocean_post_title_background":0,"ocean_post_title_bg_image_position":"","ocean_post_title_bg_image_attachment":"","ocean_post_title_bg_image_repeat":"","ocean_post_title_bg_image_size":"","ocean_post_title_height":0,"ocean_post_title_bg_overlay":0.5,"ocean_post_title_bg_overlay_color":"","ocean_disable_breadcrumbs":"default","ocean_breadcrumbs_color":"","ocean_breadcrumbs_separator_color":"","ocean_breadcrumbs_links_color":"","ocean_breadcrumbs_links_hover_color":"","ocean_display_footer_widgets":"default","ocean_display_footer_bottom":"default","ocean_custom_footer_template":"","ocean_post_oembed":"","ocean_post_self_hosted_media":"","ocean_post_video_embed":"","ocean_link_format":"","ocean_link_format_target":"self","ocean_quote_format":"","ocean_quote_format_link":"post","ocean_gallery_link_images":"on","ocean_gallery_id":[],"footnotes":""},"categories":[596,1],"tags":[781,969,1142,599,1143,573],"class_list":["post-10171","post","type-post","status-publish","format-standard","hentry","category-docente","category-projetos-de-extensao","tag-governanca-arquivistica","tag-instrumentos-de-gestao-arquivistica","tag-linguagem-documentaria","tag-plano-de-classificacao","tag-taxonomia","tag-universidade-de-brasilia-unb","entry"],"_links":{"self":[{"href":"https:\/\/www.ccsa.ufpb.br\/pesquisarquivistica\/wp-json\/wp\/v2\/posts\/10171","targetHints":{"allow":["GET"]}}],"collection":[{"href":"https:\/\/www.ccsa.ufpb.br\/pesquisarquivistica\/wp-json\/wp\/v2\/posts"}],"about":[{"href":"https:\/\/www.ccsa.ufpb.br\/pesquisarquivistica\/wp-json\/wp\/v2\/types\/post"}],"author":[{"embeddable":true,"href":"https:\/\/www.ccsa.ufpb.br\/pesquisarquivistica\/wp-json\/wp\/v2\/users\/21"}],"replies":[{"embeddable":true,"href":"https:\/\/www.ccsa.ufpb.br\/pesquisarquivistica\/wp-json\/wp\/v2\/comments?post=10171"}],"version-history":[{"count":1,"href":"https:\/\/www.ccsa.ufpb.br\/pesquisarquivistica\/wp-json\/wp\/v2\/posts\/10171\/revisions"}],"predecessor-version":[{"id":10172,"href":"https:\/\/www.ccsa.ufpb.br\/pesquisarquivistica\/wp-json\/wp\/v2\/posts\/10171\/revisions\/10172"}],"wp:attachment":[{"href":"https:\/\/www.ccsa.ufpb.br\/pesquisarquivistica\/wp-json\/wp\/v2\/media?parent=10171"}],"wp:term":[{"taxonomy":"category","embeddable":true,"href":"https:\/\/www.ccsa.ufpb.br\/pesquisarquivistica\/wp-json\/wp\/v2\/categories?post=10171"},{"taxonomy":"post_tag","embeddable":true,"href":"https:\/\/www.ccsa.ufpb.br\/pesquisarquivistica\/wp-json\/wp\/v2\/tags?post=10171"}],"curies":[{"name":"wp","href":"https:\/\/api.w.org\/{rel}","templated":true}]}}