{"id":1026,"date":"2021-09-23T11:39:14","date_gmt":"2021-09-23T14:39:14","guid":{"rendered":"http:\/\/www.ccsa.ufpb.br\/pesquisarquivistica\/?p=1026"},"modified":"2025-04-23T16:13:16","modified_gmt":"2025-04-23T19:13:16","slug":"preservacao-digital-sistemica-2021-atual","status":"publish","type":"post","link":"https:\/\/www.ccsa.ufpb.br\/pesquisarquivistica\/preservacao-digital-sistemica-2021-atual\/","title":{"rendered":"PRESERVA\u00c7\u00c3O DIGITAL SIST\u00caMICA (2021-2022)"},"content":{"rendered":"\n<p class=\"wp-block-paragraph\"><a href=\"http:\/\/lattes.cnpq.br\/0822963734544353\" target=\"_blank\" rel=\"noreferrer noopener\">T\u00e2nia Barbosa Salles Gava<\/a><\/p>\n\n\n\n<p class=\"wp-block-paragraph\">Com o advento da internet e populariza\u00e7\u00e3o dos computadores pessoais, come\u00e7aram a ocorrer mudan\u00e7as significativas na forma de comunica\u00e7\u00e3o e compartilhamento de informa\u00e7\u00f5es e, consequentemente, na produ\u00e7\u00e3o dos documentos. O ambiente digital trouxe grandes avan\u00e7os, mas tamb\u00e9m uma s\u00e9rie de complexidades inerentes \u00e0 vulnerabilidade do ambiente tecnol\u00f3gico. Em um ambiente digital, por exemplo, houve a necessidade de se repensar a preserva\u00e7\u00e3o do patrim\u00f4nio arquiv\u00edstico digital, e muito mais do que isso, uma preserva\u00e7\u00e3o digital sist\u00eamica que prev\u00ea uma cadeia de cust\u00f3dia arquiv\u00edstica digital ininterrupta, uma vez que \u00e9 cada vez mais crescente a produ\u00e7\u00e3o de documentos nato digitais. Para isso h\u00e1 de se pensar na integra\u00e7\u00e3o de Sistemas de Gest\u00e3o Arquiv\u00edstica Digital com os Reposit\u00f3rios Arquiv\u00edsticos Digitais Confi\u00e1veis (RDC-Arq), como uma alternativa para a preserva\u00e7\u00e3o de documentos nato digitais digital em um ambiente de gest\u00e3o arquiv\u00edstica, a fim de manter os documentos arquiv\u00edsticos digitais aut\u00eanticos e acess\u00edveis a longo prazo. Neste contexto, este projeto tem como objetivo geral discutir sobre os aspectos mais importantes da Preserva\u00e7\u00e3o Digital Sist\u00eamica que integra os Sistemas de Gest\u00e3o Arquiv\u00edstica de Documentos aos Reposit\u00f3rios Arquiv\u00edsticos Digitais Confi\u00e1veis, com o objetivo de manter uma cadeia de cust\u00f3dia digital arquiv\u00edstica ininterrupta. Trata-se de uma pesquisa explorat\u00f3ria, bibliogr\u00e1fica e documental, tendo como principais fontes documentais e bibliogr\u00e1ficas as normativas do Conselho Nacional de Arquivos e do Arquivo Nacional, Padr\u00f5es internacionais de refer\u00eancia sobre o tema, documentos institucionais que apresentam resultados relacionados ao tema em quest\u00e3o, artigos cient\u00edficos de pesquisadores nacionais e internacionais, al\u00e9m do material resultante das fases do Projeto InterPARES (http:\/\/www.interpares.org\/), dentre outros. Espera-se apresentar e discutir sobre os principais conceitos relacionados \u00e0 Preserva\u00e7\u00e3o Digital Sist\u00eamica, bem como apresentar cen\u00e1rios de uso dessa integra\u00e7\u00e3o, al\u00e9m de buscar apoiar as institui\u00e7\u00f5es brasileiras, p\u00fablicas e\/ou privadas, na implanta\u00e7\u00e3o de modelos conceituais, tais como a Resolu\u00e7\u00e3o n\u00ba 43, e orienta\u00e7\u00f5es tais como a Orienta\u00e7\u00e3o T\u00e9cnica n\u00ba 3, do Conarq. O tema torna-se muito relevante ao se pensar na import\u00e2ncia de uma Preserva\u00e7\u00e3o Digital Sist\u00eamica que prev\u00ea a preserva\u00e7\u00e3o e acesso a longo prazo do patrim\u00f4nio arquiv\u00edstico digital brasileiro, t\u00e3o importante para a manuten\u00e7\u00e3o de nossa mem\u00f3ria coletiva.<\/p>\n","protected":false},"excerpt":{"rendered":"<p>T\u00e2nia Barbosa Salles Gava Com o advento da internet e populariza\u00e7\u00e3o dos computadores pessoais, come\u00e7aram a ocorrer mudan\u00e7as significativas na forma de comunica\u00e7\u00e3o e compartilhamento de informa\u00e7\u00f5es e, consequentemente, na produ\u00e7\u00e3o dos documentos. O ambiente digital trouxe grandes avan\u00e7os, mas tamb\u00e9m uma s\u00e9rie de complexidades inerentes \u00e0 vulnerabilidade do ambiente tecnol\u00f3gico. Em um ambiente digital, [&hellip;]<\/p>\n","protected":false},"author":5,"featured_media":0,"comment_status":"open","ping_status":"open","sticky":false,"template":"","format":"standard","meta":{"ocean_front_end_style_editor":"no","ocean_post_layout":"","ocean_both_sidebars_style":"","ocean_both_sidebars_content_width":0,"ocean_both_sidebars_sidebars_width":0,"ocean_sidebar":"0","ocean_second_sidebar":"0","ocean_disable_margins":"enable","ocean_add_body_class":"","ocean_shortcode_before_top_bar":"","ocean_shortcode_after_top_bar":"","ocean_shortcode_before_header":"","ocean_shortcode_after_header":"","ocean_has_shortcode":"","ocean_shortcode_after_title":"","ocean_shortcode_before_footer_widgets":"","ocean_shortcode_after_footer_widgets":"","ocean_shortcode_before_footer_bottom":"","ocean_shortcode_after_footer_bottom":"","ocean_display_top_bar":"default","ocean_display_header":"default","ocean_header_style":"","ocean_center_header_left_menu":"0","ocean_custom_header_template":"0","ocean_custom_logo":0,"ocean_custom_retina_logo":0,"ocean_custom_logo_max_width":0,"ocean_custom_logo_tablet_max_width":0,"ocean_custom_logo_mobile_max_width":0,"ocean_custom_logo_max_height":0,"ocean_custom_logo_tablet_max_height":0,"ocean_custom_logo_mobile_max_height":0,"ocean_header_custom_menu":"0","ocean_menu_typo_font_family":"0","ocean_menu_typo_font_subset":"","ocean_menu_typo_font_size":0,"ocean_menu_typo_font_size_tablet":0,"ocean_menu_typo_font_size_mobile":0,"ocean_menu_typo_font_size_unit":"px","ocean_menu_typo_font_weight":"","ocean_menu_typo_font_weight_tablet":"","ocean_menu_typo_font_weight_mobile":"","ocean_menu_typo_transform":"","ocean_menu_typo_transform_tablet":"","ocean_menu_typo_transform_mobile":"","ocean_menu_typo_line_height":0,"ocean_menu_typo_line_height_tablet":0,"ocean_menu_typo_line_height_mobile":0,"ocean_menu_typo_line_height_unit":"","ocean_menu_typo_spacing":0,"ocean_menu_typo_spacing_tablet":0,"ocean_menu_typo_spacing_mobile":0,"ocean_menu_typo_spacing_unit":"","ocean_menu_link_color":"","ocean_menu_link_color_hover":"","ocean_menu_link_color_active":"","ocean_menu_link_background":"","ocean_menu_link_hover_background":"","ocean_menu_link_active_background":"","ocean_menu_social_links_bg":"","ocean_menu_social_hover_links_bg":"","ocean_menu_social_links_color":"","ocean_menu_social_hover_links_color":"","ocean_disable_title":"default","ocean_disable_heading":"default","ocean_post_title":"","ocean_post_subheading":"","ocean_post_title_style":"","ocean_post_title_background_color":"","ocean_post_title_background":0,"ocean_post_title_bg_image_position":"","ocean_post_title_bg_image_attachment":"","ocean_post_title_bg_image_repeat":"","ocean_post_title_bg_image_size":"","ocean_post_title_height":0,"ocean_post_title_bg_overlay":0.5,"ocean_post_title_bg_overlay_color":"","ocean_disable_breadcrumbs":"default","ocean_breadcrumbs_color":"","ocean_breadcrumbs_separator_color":"","ocean_breadcrumbs_links_color":"","ocean_breadcrumbs_links_hover_color":"","ocean_display_footer_widgets":"default","ocean_display_footer_bottom":"default","ocean_custom_footer_template":"0","ocean_post_oembed":"","ocean_post_self_hosted_media":"","ocean_post_video_embed":"","ocean_link_format":"","ocean_link_format_target":"self","ocean_quote_format":"","ocean_quote_format_link":"post","ocean_gallery_link_images":"off","ocean_gallery_id":[],"footnotes":""},"categories":[596,9],"tags":[135,581,577],"class_list":["post-1026","post","type-post","status-publish","format-standard","hentry","category-docente","category-projetos-de-pesquisa","tag-preservacao","tag-repositorio-digital","tag-universidade-federal-do-espirito-santo-ufes","entry"],"_links":{"self":[{"href":"https:\/\/www.ccsa.ufpb.br\/pesquisarquivistica\/wp-json\/wp\/v2\/posts\/1026","targetHints":{"allow":["GET"]}}],"collection":[{"href":"https:\/\/www.ccsa.ufpb.br\/pesquisarquivistica\/wp-json\/wp\/v2\/posts"}],"about":[{"href":"https:\/\/www.ccsa.ufpb.br\/pesquisarquivistica\/wp-json\/wp\/v2\/types\/post"}],"author":[{"embeddable":true,"href":"https:\/\/www.ccsa.ufpb.br\/pesquisarquivistica\/wp-json\/wp\/v2\/users\/5"}],"replies":[{"embeddable":true,"href":"https:\/\/www.ccsa.ufpb.br\/pesquisarquivistica\/wp-json\/wp\/v2\/comments?post=1026"}],"version-history":[{"count":3,"href":"https:\/\/www.ccsa.ufpb.br\/pesquisarquivistica\/wp-json\/wp\/v2\/posts\/1026\/revisions"}],"predecessor-version":[{"id":9785,"href":"https:\/\/www.ccsa.ufpb.br\/pesquisarquivistica\/wp-json\/wp\/v2\/posts\/1026\/revisions\/9785"}],"wp:attachment":[{"href":"https:\/\/www.ccsa.ufpb.br\/pesquisarquivistica\/wp-json\/wp\/v2\/media?parent=1026"}],"wp:term":[{"taxonomy":"category","embeddable":true,"href":"https:\/\/www.ccsa.ufpb.br\/pesquisarquivistica\/wp-json\/wp\/v2\/categories?post=1026"},{"taxonomy":"post_tag","embeddable":true,"href":"https:\/\/www.ccsa.ufpb.br\/pesquisarquivistica\/wp-json\/wp\/v2\/tags?post=1026"}],"curies":[{"name":"wp","href":"https:\/\/api.w.org\/{rel}","templated":true}]}}