{"id":10379,"date":"2026-04-27T16:47:35","date_gmt":"2026-04-27T19:47:35","guid":{"rendered":"https:\/\/www.ccsa.ufpb.br\/pesquisarquivistica\/?p=10379"},"modified":"2026-04-27T16:47:35","modified_gmt":"2026-04-27T19:47:35","slug":"competencia-do-profissional-da-informacao-nas-organizacoes-referente-ao-periodo-2020-2022-2020-2023","status":"publish","type":"post","link":"https:\/\/www.ccsa.ufpb.br\/pesquisarquivistica\/competencia-do-profissional-da-informacao-nas-organizacoes-referente-ao-periodo-2020-2022-2020-2023\/","title":{"rendered":"COMPET\u00caNCIA DO PROFISSIONAL DA INFORMA\u00c7\u00c3O NAS ORGANIZA\u00c7\u00d5ES, REFERENTE AO PER\u00cdODO 2020-2022 (2020-2023)"},"content":{"rendered":"\n<p class=\"wp-block-paragraph\"><a href=\"http:\/\/lattes.cnpq.br\/1307713177150719\">Eliana Maria dos Santos Bahia Jacintho &#8211; Coordenador<\/a> \/ Iuri Ianiski de Moura &#8211; Integrante \/ Souza, Ana Cristina de &#8211; Integrante \/ Oda, Rafael &#8211; Integrante \/ RODRIGUES, Carlos Alberto &#8211; Integrante \/ CUNHA,Ana Paula Turatti da &#8211; Integrante \/ Jos\u00e9 Claudio Matos &#8211; Integrante \/ NEVES, Larissa Duarte &#8211; Integrante \/ Jos\u00e9 Rosa &#8211; Integrante \/ Daniela Capri &#8211; Integrante \/ Mario Menezes &#8211; Integrante.<\/p>\n\n\n\n<p class=\"wp-block-paragraph\">Conhecer os perfis profissionais, a compet\u00eancia de forma\u00e7\u00e3o que pode contribuir com a praxe arquivistas, bibliotec\u00e1rias, cientistas da informa\u00e7\u00e3o e documentalistas para formar o uso de redes sociais, m\u00eddias locativas, sensores, entre outras tecnologias, no ambiente do arquivo, e documentalista na I4.0 entre o per\u00edodo de 2020-2022.a)Identificar as tend\u00eancias de contrata\u00e7\u00e3o pelo SIARE por parte das empresas\/organiza\u00e7\u00f5es e institui\u00e7\u00f5es;b)Selecionar os conceitos obtidos nas ofertas no SIARE;c)Distinguir a forma\u00e7\u00e3o em Arquivologia, Biblioteconomia e Ci\u00eancia da Informa\u00e7\u00e3o e Documentalistas oferecidos pelas universidades com compet\u00eancia na 4.0;d)Relatar os perfis do mercado na \u00e1rea da Arquivologia, Biblioteconomia, Ci\u00eancia da Informa\u00e7\u00e3o e Documentalista.Metodologia: Quanto \u00e0 metodologia, esta pesquisa utilizar\u00e1 procedimentos qualitativos e observa\u00e7\u00e3o na jun\u00e7\u00e3o da triangula\u00e7\u00e3o para conhecer o estado da quest\u00e3o e seu desenvolvimento. A carga hor\u00e1ria semanal alocada para pesquisa do projeto ser\u00e1 de 20 horas e solicita-se que seja constado no Plano de Trabalho do departamento (PAD.)Resultado esperado:As atividades de ensino, pesquisa ser\u00e3o executdas pela coordenadora do projeto e em orienta\u00e7\u00e3o de alunos de TCC, alunos de Mestrados e doutorados e p\u00f3s- doutorados durante os semestres e espera-se alcan\u00e7ar os seguintes resultados: a) Mapear as ofertas de emprego no Brasil e Mercosul durante os anos de 2020 a 2023; observar o mercado de trabalho com a tecnolog\u00edas nos arquivos e nas bibliotecas; apresentar palestras, realizar oficinas e escrever textos sobre os resultados da pesquisa; tra\u00e7ar elementos na observa\u00e7\u00e3o no mercado de trabalho.<\/p>\n\n\n\n<p class=\"wp-block-paragraph\"><\/p>\n","protected":false},"excerpt":{"rendered":"<p>Eliana Maria dos Santos Bahia Jacintho &#8211; Coordenador \/ Iuri Ianiski de Moura &#8211; Integrante \/ Souza, Ana Cristina de &#8211; Integrante \/ Oda, Rafael &#8211; Integrante \/ RODRIGUES, Carlos Alberto &#8211; Integrante \/ CUNHA,Ana Paula Turatti da &#8211; Integrante \/ Jos\u00e9 Claudio Matos &#8211; Integrante \/ NEVES, Larissa Duarte &#8211; Integrante \/ Jos\u00e9 Rosa [&hellip;]<\/p>\n","protected":false},"author":6,"featured_media":0,"comment_status":"closed","ping_status":"open","sticky":false,"template":"","format":"standard","meta":{"ocean_front_end_style_editor":"no","ocean_post_layout":"","ocean_both_sidebars_style":"","ocean_both_sidebars_content_width":0,"ocean_both_sidebars_sidebars_width":0,"ocean_sidebar":"","ocean_second_sidebar":"","ocean_disable_margins":"enable","ocean_add_body_class":"","ocean_shortcode_before_top_bar":"","ocean_shortcode_after_top_bar":"","ocean_shortcode_before_header":"","ocean_shortcode_after_header":"","ocean_has_shortcode":"","ocean_shortcode_after_title":"","ocean_shortcode_before_footer_widgets":"","ocean_shortcode_after_footer_widgets":"","ocean_shortcode_before_footer_bottom":"","ocean_shortcode_after_footer_bottom":"","ocean_display_top_bar":"default","ocean_display_header":"default","ocean_header_style":"","ocean_center_header_left_menu":"","ocean_custom_header_template":"","ocean_custom_logo":0,"ocean_custom_retina_logo":0,"ocean_custom_logo_max_width":0,"ocean_custom_logo_tablet_max_width":0,"ocean_custom_logo_mobile_max_width":0,"ocean_custom_logo_max_height":0,"ocean_custom_logo_tablet_max_height":0,"ocean_custom_logo_mobile_max_height":0,"ocean_header_custom_menu":"","ocean_menu_typo_font_family":"","ocean_menu_typo_font_subset":"","ocean_menu_typo_font_size":0,"ocean_menu_typo_font_size_tablet":0,"ocean_menu_typo_font_size_mobile":0,"ocean_menu_typo_font_size_unit":"px","ocean_menu_typo_font_weight":"","ocean_menu_typo_font_weight_tablet":"","ocean_menu_typo_font_weight_mobile":"","ocean_menu_typo_transform":"","ocean_menu_typo_transform_tablet":"","ocean_menu_typo_transform_mobile":"","ocean_menu_typo_line_height":0,"ocean_menu_typo_line_height_tablet":0,"ocean_menu_typo_line_height_mobile":0,"ocean_menu_typo_line_height_unit":"","ocean_menu_typo_spacing":0,"ocean_menu_typo_spacing_tablet":0,"ocean_menu_typo_spacing_mobile":0,"ocean_menu_typo_spacing_unit":"","ocean_menu_link_color":"","ocean_menu_link_color_hover":"","ocean_menu_link_color_active":"","ocean_menu_link_background":"","ocean_menu_link_hover_background":"","ocean_menu_link_active_background":"","ocean_menu_social_links_bg":"","ocean_menu_social_hover_links_bg":"","ocean_menu_social_links_color":"","ocean_menu_social_hover_links_color":"","ocean_disable_title":"default","ocean_disable_heading":"default","ocean_post_title":"","ocean_post_subheading":"","ocean_post_title_style":"","ocean_post_title_background_color":"","ocean_post_title_background":0,"ocean_post_title_bg_image_position":"","ocean_post_title_bg_image_attachment":"","ocean_post_title_bg_image_repeat":"","ocean_post_title_bg_image_size":"","ocean_post_title_height":0,"ocean_post_title_bg_overlay":0.5,"ocean_post_title_bg_overlay_color":"","ocean_disable_breadcrumbs":"default","ocean_breadcrumbs_color":"","ocean_breadcrumbs_separator_color":"","ocean_breadcrumbs_links_color":"","ocean_breadcrumbs_links_hover_color":"","ocean_display_footer_widgets":"default","ocean_display_footer_bottom":"default","ocean_custom_footer_template":"","ocean_post_oembed":"","ocean_post_self_hosted_media":"","ocean_post_video_embed":"","ocean_link_format":"","ocean_link_format_target":"self","ocean_quote_format":"","ocean_quote_format_link":"post","ocean_gallery_link_images":"on","ocean_gallery_id":[],"footnotes":""},"categories":[596,9],"tags":[103,647,559],"class_list":["post-10379","post","type-post","status-publish","format-standard","hentry","category-docente","category-projetos-de-pesquisa","tag-atuacao-profissional","tag-competencia","tag-universidade-federal-de-santa-catarina-ufsc","entry"],"_links":{"self":[{"href":"https:\/\/www.ccsa.ufpb.br\/pesquisarquivistica\/wp-json\/wp\/v2\/posts\/10379","targetHints":{"allow":["GET"]}}],"collection":[{"href":"https:\/\/www.ccsa.ufpb.br\/pesquisarquivistica\/wp-json\/wp\/v2\/posts"}],"about":[{"href":"https:\/\/www.ccsa.ufpb.br\/pesquisarquivistica\/wp-json\/wp\/v2\/types\/post"}],"author":[{"embeddable":true,"href":"https:\/\/www.ccsa.ufpb.br\/pesquisarquivistica\/wp-json\/wp\/v2\/users\/6"}],"replies":[{"embeddable":true,"href":"https:\/\/www.ccsa.ufpb.br\/pesquisarquivistica\/wp-json\/wp\/v2\/comments?post=10379"}],"version-history":[{"count":1,"href":"https:\/\/www.ccsa.ufpb.br\/pesquisarquivistica\/wp-json\/wp\/v2\/posts\/10379\/revisions"}],"predecessor-version":[{"id":10386,"href":"https:\/\/www.ccsa.ufpb.br\/pesquisarquivistica\/wp-json\/wp\/v2\/posts\/10379\/revisions\/10386"}],"wp:attachment":[{"href":"https:\/\/www.ccsa.ufpb.br\/pesquisarquivistica\/wp-json\/wp\/v2\/media?parent=10379"}],"wp:term":[{"taxonomy":"category","embeddable":true,"href":"https:\/\/www.ccsa.ufpb.br\/pesquisarquivistica\/wp-json\/wp\/v2\/categories?post=10379"},{"taxonomy":"post_tag","embeddable":true,"href":"https:\/\/www.ccsa.ufpb.br\/pesquisarquivistica\/wp-json\/wp\/v2\/tags?post=10379"}],"curies":[{"name":"wp","href":"https:\/\/api.w.org\/{rel}","templated":true}]}}