{"id":1052,"date":"2021-09-26T15:35:04","date_gmt":"2021-09-26T18:35:04","guid":{"rendered":"http:\/\/www.ccsa.ufpb.br\/pesquisarquivistica\/?p=1052"},"modified":"2025-03-02T01:14:35","modified_gmt":"2025-03-02T04:14:35","slug":"reflexao-das-abordagens-teoricas-sobre-gestao-de-documentos-nos-cursos-universitarios-de-arquivologia-no-brasil-2018-atual-2","status":"publish","type":"post","link":"https:\/\/www.ccsa.ufpb.br\/pesquisarquivistica\/reflexao-das-abordagens-teoricas-sobre-gestao-de-documentos-nos-cursos-universitarios-de-arquivologia-no-brasil-2018-atual-2\/","title":{"rendered":"REFLEX\u00c3O DAS ABORDAGENS TE\u00d3RICAS SOBRE GEST\u00c3O DE DOCUMENTOS NOS CURSOS UNIVERSIT\u00c1RIOS DE ARQUIVOLOGIA NO BRASIL (2018 &#8211; Atual)"},"content":{"rendered":"\n<p class=\"wp-block-paragraph\"><a href=\"http:\/\/lattes.cnpq.br\/9118131363647579\" data-type=\"URL\" data-id=\"http:\/\/lattes.cnpq.br\/9118131363647579\" target=\"_blank\" rel=\"noreferrer noopener\">Eliane Silveira Gon\u00e7alves<\/a><\/p>\n\n\n\n<p class=\"wp-block-paragraph\">&nbsp;O presente projeto tem como principal a\u00e7\u00e3o analisar o campo da Gest\u00e3o de Documentos a partir das refer\u00eancias bibliogr\u00e1ficas inseridas nos Projetos Pol\u00edticos Pedag\u00f3gicos dos 16 cursos universit\u00e1rios de Arquivologia no Brasil e os Planos de Ensino das disciplinas que abordam a tem\u00e1tica Gest\u00e3o de Documentos. Essa analise ser\u00e1 realizada a partir de pesquisa bibliogr\u00e1fica e pesquisa documental tendo uma abordagem quali-quanti com o intuito de: primeiro fazer um perfil de como os temas Ciclo Vital, Teoria da Tr\u00eas Idades, Fases da Gest\u00e3o de Documentos est\u00e3o sendo apresentados nos cursos de Arquivologia no Brasil; e segundo, fazer uma analise de como a Gest\u00e3o de Documentos e seus campos te\u00f3ricos est\u00e3o sendo ensinado dentro das cursos universit\u00e1rios para os futuros arquivistas brasileiros.<\/p>\n\n\n\n<p class=\"wp-block-paragraph\"><\/p>\n","protected":false},"excerpt":{"rendered":"<p>Eliane Silveira Gon\u00e7alves &nbsp;O presente projeto tem como principal a\u00e7\u00e3o analisar o campo da Gest\u00e3o de Documentos a partir das refer\u00eancias bibliogr\u00e1ficas inseridas nos Projetos Pol\u00edticos Pedag\u00f3gicos dos 16 cursos universit\u00e1rios de Arquivologia no Brasil e os Planos de Ensino das disciplinas que abordam a tem\u00e1tica Gest\u00e3o de Documentos. Essa analise ser\u00e1 realizada a partir [&hellip;]<\/p>\n","protected":false},"author":4,"featured_media":0,"comment_status":"open","ping_status":"open","sticky":false,"template":"","format":"standard","meta":{"ocean_front_end_style_editor":"no","ocean_post_layout":"","ocean_both_sidebars_style":"","ocean_both_sidebars_content_width":0,"ocean_both_sidebars_sidebars_width":0,"ocean_sidebar":"0","ocean_second_sidebar":"0","ocean_disable_margins":"enable","ocean_add_body_class":"","ocean_shortcode_before_top_bar":"","ocean_shortcode_after_top_bar":"","ocean_shortcode_before_header":"","ocean_shortcode_after_header":"","ocean_has_shortcode":"","ocean_shortcode_after_title":"","ocean_shortcode_before_footer_widgets":"","ocean_shortcode_after_footer_widgets":"","ocean_shortcode_before_footer_bottom":"","ocean_shortcode_after_footer_bottom":"","ocean_display_top_bar":"default","ocean_display_header":"default","ocean_header_style":"","ocean_center_header_left_menu":"0","ocean_custom_header_template":"0","ocean_custom_logo":0,"ocean_custom_retina_logo":0,"ocean_custom_logo_max_width":0,"ocean_custom_logo_tablet_max_width":0,"ocean_custom_logo_mobile_max_width":0,"ocean_custom_logo_max_height":0,"ocean_custom_logo_tablet_max_height":0,"ocean_custom_logo_mobile_max_height":0,"ocean_header_custom_menu":"0","ocean_menu_typo_font_family":"0","ocean_menu_typo_font_subset":"","ocean_menu_typo_font_size":0,"ocean_menu_typo_font_size_tablet":0,"ocean_menu_typo_font_size_mobile":0,"ocean_menu_typo_font_size_unit":"px","ocean_menu_typo_font_weight":"","ocean_menu_typo_font_weight_tablet":"","ocean_menu_typo_font_weight_mobile":"","ocean_menu_typo_transform":"","ocean_menu_typo_transform_tablet":"","ocean_menu_typo_transform_mobile":"","ocean_menu_typo_line_height":0,"ocean_menu_typo_line_height_tablet":0,"ocean_menu_typo_line_height_mobile":0,"ocean_menu_typo_line_height_unit":"","ocean_menu_typo_spacing":0,"ocean_menu_typo_spacing_tablet":0,"ocean_menu_typo_spacing_mobile":0,"ocean_menu_typo_spacing_unit":"","ocean_menu_link_color":"","ocean_menu_link_color_hover":"","ocean_menu_link_color_active":"","ocean_menu_link_background":"","ocean_menu_link_hover_background":"","ocean_menu_link_active_background":"","ocean_menu_social_links_bg":"","ocean_menu_social_hover_links_bg":"","ocean_menu_social_links_color":"","ocean_menu_social_hover_links_color":"","ocean_disable_title":"default","ocean_disable_heading":"default","ocean_post_title":"","ocean_post_subheading":"","ocean_post_title_style":"","ocean_post_title_background_color":"","ocean_post_title_background":0,"ocean_post_title_bg_image_position":"","ocean_post_title_bg_image_attachment":"","ocean_post_title_bg_image_repeat":"","ocean_post_title_bg_image_size":"","ocean_post_title_height":0,"ocean_post_title_bg_overlay":0.5,"ocean_post_title_bg_overlay_color":"","ocean_disable_breadcrumbs":"default","ocean_breadcrumbs_color":"","ocean_breadcrumbs_separator_color":"","ocean_breadcrumbs_links_color":"","ocean_breadcrumbs_links_hover_color":"","ocean_display_footer_widgets":"default","ocean_display_footer_bottom":"default","ocean_custom_footer_template":"0","ocean_post_oembed":"","ocean_post_self_hosted_media":"","ocean_post_video_embed":"","ocean_link_format":"","ocean_link_format_target":"self","ocean_quote_format":"","ocean_quote_format_link":"post","ocean_gallery_link_images":"off","ocean_gallery_id":[],"footnotes":""},"categories":[596,9],"tags":[254,74,712],"class_list":["post-1052","post","type-post","status-publish","format-standard","hentry","category-docente","category-projetos-de-pesquisa","tag-arquivologia-brasileira","tag-gestao-de-documentos","tag-universidade-federal-do-amazonas-ufam","entry"],"_links":{"self":[{"href":"https:\/\/www.ccsa.ufpb.br\/pesquisarquivistica\/wp-json\/wp\/v2\/posts\/1052","targetHints":{"allow":["GET"]}}],"collection":[{"href":"https:\/\/www.ccsa.ufpb.br\/pesquisarquivistica\/wp-json\/wp\/v2\/posts"}],"about":[{"href":"https:\/\/www.ccsa.ufpb.br\/pesquisarquivistica\/wp-json\/wp\/v2\/types\/post"}],"author":[{"embeddable":true,"href":"https:\/\/www.ccsa.ufpb.br\/pesquisarquivistica\/wp-json\/wp\/v2\/users\/4"}],"replies":[{"embeddable":true,"href":"https:\/\/www.ccsa.ufpb.br\/pesquisarquivistica\/wp-json\/wp\/v2\/comments?post=1052"}],"version-history":[{"count":4,"href":"https:\/\/www.ccsa.ufpb.br\/pesquisarquivistica\/wp-json\/wp\/v2\/posts\/1052\/revisions"}],"predecessor-version":[{"id":1062,"href":"https:\/\/www.ccsa.ufpb.br\/pesquisarquivistica\/wp-json\/wp\/v2\/posts\/1052\/revisions\/1062"}],"wp:attachment":[{"href":"https:\/\/www.ccsa.ufpb.br\/pesquisarquivistica\/wp-json\/wp\/v2\/media?parent=1052"}],"wp:term":[{"taxonomy":"category","embeddable":true,"href":"https:\/\/www.ccsa.ufpb.br\/pesquisarquivistica\/wp-json\/wp\/v2\/categories?post=1052"},{"taxonomy":"post_tag","embeddable":true,"href":"https:\/\/www.ccsa.ufpb.br\/pesquisarquivistica\/wp-json\/wp\/v2\/tags?post=1052"}],"curies":[{"name":"wp","href":"https:\/\/api.w.org\/{rel}","templated":true}]}}