{"id":10665,"date":"2026-05-25T16:36:41","date_gmt":"2026-05-25T19:36:41","guid":{"rendered":"https:\/\/www.ccsa.ufpb.br\/pesquisarquivistica\/?p=10665"},"modified":"2026-05-25T16:36:59","modified_gmt":"2026-05-25T19:36:59","slug":"giro-da-arquivo-fase-ii-politicas-publicas-arquivisticas-em-pauta","status":"publish","type":"post","link":"https:\/\/www.ccsa.ufpb.br\/pesquisarquivistica\/giro-da-arquivo-fase-ii-politicas-publicas-arquivisticas-em-pauta\/","title":{"rendered":"GIRO DA ARQUIVO FASE II: pol\u00edticas p\u00fablicas arquiv\u00edsticas em pauta (2025-Atual)"},"content":{"rendered":"\n<p class=\"wp-block-paragraph\"><a href=\"http:\/\/lattes.cnpq.br\/4630337941956640\">Francisco Alcides Cougo Junior &#8211; Coordenador.<\/a><\/p>\n\n\n\n<p class=\"wp-block-paragraph\">O presente projeto de extens\u00e3o, intitulado Giro da Arquivo Fase II: pol\u00edticas p\u00fablicas arquiv\u00edsticas em pauta, d\u00e1 continuidade a uma experi\u00eancia bem-sucedida de divulga\u00e7\u00e3o t\u00e9cnica, cient\u00edfica e cultural para a Arquivologia, desenvolvida entre 2020 e 2025 junto ao Departamento de Arquivologia da Universidade Federal de Santa Maria. Ao longo de cinco anos, o Giro da Arquivo consolidou-se como ve\u00edculo de circula\u00e7\u00e3o de informa\u00e7\u00f5es, an\u00e1lise cr\u00edtica e promo\u00e7\u00e3o de debates, aproximando a comunidade arquiv\u00edstica da sociedade. Nesta nova fase, pretende-se direcionar esfor\u00e7os para a observa\u00e7\u00e3o sistem\u00e1tica, a an\u00e1lise e a divulga\u00e7\u00e3o de informa\u00e7\u00f5es relacionadas \u00e0s pol\u00edticas p\u00fablicas arquiv\u00edsticas no Brasil, de modo a contribuir para o fortalecimento da governan\u00e7a documental e para a amplia\u00e7\u00e3o da participa\u00e7\u00e3o social na formula\u00e7\u00e3o e no acompanhamento de pol\u00edticas. Neste sentido, o projeto apresenta como objetivo geral Monitorar continuamente a agenda das pol\u00edticas p\u00fablicas arquiv\u00edsticas brasileiras e apresentar an\u00e1lises cr\u00edticas a respeito atrav\u00e9s de boletim digital de acesso aberto, publicado semanalmente, promovendo o fortalecimento da cultura arquiv\u00edstica e da participa\u00e7\u00e3o social. Com dura\u00e7\u00e3o prevista de cinco anos, esta iniciativa buscar\u00e1, al\u00e9m de difundir informa\u00e7\u00f5es, fomentar uma cultura arquiv\u00edstica cidad\u00e3, capaz de incidir positivamente no ciclo de formula\u00e7\u00e3o de pol\u00edticas p\u00fablicas de arquivos e de promover o reconhecimento dos arquivos como instrumentos de garantia de direitos, mem\u00f3ria e democracia.<\/p>\n","protected":false},"excerpt":{"rendered":"<p>Francisco Alcides Cougo Junior &#8211; Coordenador. O presente projeto de extens\u00e3o, intitulado Giro da Arquivo Fase II: pol\u00edticas p\u00fablicas arquiv\u00edsticas em pauta, d\u00e1 continuidade a uma experi\u00eancia bem-sucedida de divulga\u00e7\u00e3o t\u00e9cnica, cient\u00edfica e cultural para a Arquivologia, desenvolvida entre 2020 e 2025 junto ao Departamento de Arquivologia da Universidade Federal de Santa Maria. Ao longo [&hellip;]<\/p>\n","protected":false},"author":6,"featured_media":0,"comment_status":"closed","ping_status":"open","sticky":false,"template":"","format":"standard","meta":{"ocean_front_end_style_editor":"no","ocean_post_layout":"","ocean_both_sidebars_style":"","ocean_both_sidebars_content_width":0,"ocean_both_sidebars_sidebars_width":0,"ocean_sidebar":"","ocean_second_sidebar":"","ocean_disable_margins":"enable","ocean_add_body_class":"","ocean_shortcode_before_top_bar":"","ocean_shortcode_after_top_bar":"","ocean_shortcode_before_header":"","ocean_shortcode_after_header":"","ocean_has_shortcode":"","ocean_shortcode_after_title":"","ocean_shortcode_before_footer_widgets":"","ocean_shortcode_after_footer_widgets":"","ocean_shortcode_before_footer_bottom":"","ocean_shortcode_after_footer_bottom":"","ocean_display_top_bar":"default","ocean_display_header":"default","ocean_header_style":"","ocean_center_header_left_menu":"","ocean_custom_header_template":"","ocean_custom_logo":0,"ocean_custom_retina_logo":0,"ocean_custom_logo_max_width":0,"ocean_custom_logo_tablet_max_width":0,"ocean_custom_logo_mobile_max_width":0,"ocean_custom_logo_max_height":0,"ocean_custom_logo_tablet_max_height":0,"ocean_custom_logo_mobile_max_height":0,"ocean_header_custom_menu":"","ocean_menu_typo_font_family":"","ocean_menu_typo_font_subset":"","ocean_menu_typo_font_size":0,"ocean_menu_typo_font_size_tablet":0,"ocean_menu_typo_font_size_mobile":0,"ocean_menu_typo_font_size_unit":"px","ocean_menu_typo_font_weight":"","ocean_menu_typo_font_weight_tablet":"","ocean_menu_typo_font_weight_mobile":"","ocean_menu_typo_transform":"","ocean_menu_typo_transform_tablet":"","ocean_menu_typo_transform_mobile":"","ocean_menu_typo_line_height":0,"ocean_menu_typo_line_height_tablet":0,"ocean_menu_typo_line_height_mobile":0,"ocean_menu_typo_line_height_unit":"","ocean_menu_typo_spacing":0,"ocean_menu_typo_spacing_tablet":0,"ocean_menu_typo_spacing_mobile":0,"ocean_menu_typo_spacing_unit":"","ocean_menu_link_color":"","ocean_menu_link_color_hover":"","ocean_menu_link_color_active":"","ocean_menu_link_background":"","ocean_menu_link_hover_background":"","ocean_menu_link_active_background":"","ocean_menu_social_links_bg":"","ocean_menu_social_hover_links_bg":"","ocean_menu_social_links_color":"","ocean_menu_social_hover_links_color":"","ocean_disable_title":"default","ocean_disable_heading":"default","ocean_post_title":"","ocean_post_subheading":"","ocean_post_title_style":"","ocean_post_title_background_color":"","ocean_post_title_background":0,"ocean_post_title_bg_image_position":"","ocean_post_title_bg_image_attachment":"","ocean_post_title_bg_image_repeat":"","ocean_post_title_bg_image_size":"","ocean_post_title_height":0,"ocean_post_title_bg_overlay":0.5,"ocean_post_title_bg_overlay_color":"","ocean_disable_breadcrumbs":"default","ocean_breadcrumbs_color":"","ocean_breadcrumbs_separator_color":"","ocean_breadcrumbs_links_color":"","ocean_breadcrumbs_links_hover_color":"","ocean_display_footer_widgets":"default","ocean_display_footer_bottom":"default","ocean_custom_footer_template":"","ocean_post_oembed":"","ocean_post_self_hosted_media":"","ocean_post_video_embed":"","ocean_link_format":"","ocean_link_format_target":"self","ocean_quote_format":"","ocean_quote_format_link":"post","ocean_gallery_link_images":"on","ocean_gallery_id":[],"footnotes":""},"categories":[596,1],"tags":[609,579],"class_list":["post-10665","post","type-post","status-publish","format-standard","hentry","category-docente","category-projetos-de-extensao","tag-divulgacao-cientifica","tag-universidade-federal-de-minas-gerais-ufmg","entry"],"_links":{"self":[{"href":"https:\/\/www.ccsa.ufpb.br\/pesquisarquivistica\/wp-json\/wp\/v2\/posts\/10665","targetHints":{"allow":["GET"]}}],"collection":[{"href":"https:\/\/www.ccsa.ufpb.br\/pesquisarquivistica\/wp-json\/wp\/v2\/posts"}],"about":[{"href":"https:\/\/www.ccsa.ufpb.br\/pesquisarquivistica\/wp-json\/wp\/v2\/types\/post"}],"author":[{"embeddable":true,"href":"https:\/\/www.ccsa.ufpb.br\/pesquisarquivistica\/wp-json\/wp\/v2\/users\/6"}],"replies":[{"embeddable":true,"href":"https:\/\/www.ccsa.ufpb.br\/pesquisarquivistica\/wp-json\/wp\/v2\/comments?post=10665"}],"version-history":[{"count":2,"href":"https:\/\/www.ccsa.ufpb.br\/pesquisarquivistica\/wp-json\/wp\/v2\/posts\/10665\/revisions"}],"predecessor-version":[{"id":10670,"href":"https:\/\/www.ccsa.ufpb.br\/pesquisarquivistica\/wp-json\/wp\/v2\/posts\/10665\/revisions\/10670"}],"wp:attachment":[{"href":"https:\/\/www.ccsa.ufpb.br\/pesquisarquivistica\/wp-json\/wp\/v2\/media?parent=10665"}],"wp:term":[{"taxonomy":"category","embeddable":true,"href":"https:\/\/www.ccsa.ufpb.br\/pesquisarquivistica\/wp-json\/wp\/v2\/categories?post=10665"},{"taxonomy":"post_tag","embeddable":true,"href":"https:\/\/www.ccsa.ufpb.br\/pesquisarquivistica\/wp-json\/wp\/v2\/tags?post=10665"}],"curies":[{"name":"wp","href":"https:\/\/api.w.org\/{rel}","templated":true}]}}