{"id":1067,"date":"2021-09-26T16:03:44","date_gmt":"2021-09-26T19:03:44","guid":{"rendered":"http:\/\/www.ccsa.ufpb.br\/pesquisarquivistica\/?p=1067"},"modified":"2025-03-02T01:12:59","modified_gmt":"2025-03-02T04:12:59","slug":"politicas-arquivisticas-acoes-de-gestao-e-preservacao-documental-no-sistema-de-arquivos-e-documentos-do-estado-do-amazonas-saged-2018-atual-2","status":"publish","type":"post","link":"https:\/\/www.ccsa.ufpb.br\/pesquisarquivistica\/politicas-arquivisticas-acoes-de-gestao-e-preservacao-documental-no-sistema-de-arquivos-e-documentos-do-estado-do-amazonas-saged-2018-atual-2\/","title":{"rendered":"POL\u00cdTICAS ARQUIV\u00cdSTICAS: a\u00e7\u00f5es de gest\u00e3o e preserva\u00e7\u00e3o documental no sistema de arquivos e documentos do Estado do Amazonas \u2013 SAGED (2018 &#8211; Atual)"},"content":{"rendered":"\n<p><a href=\"http:\/\/lattes.cnpq.br\/4538003029990471\" data-type=\"URL\" data-id=\"http:\/\/lattes.cnpq.br\/4538003029990471\" target=\"_blank\" rel=\"noreferrer noopener\">Rodolfo Almeida de Azevedo<\/a><\/p>\n\n\n\n<p>A presente a\u00e7\u00e3o de extens\u00e3o do curso de arquivologia intitulada POL\u00cdTICAS ARQUIV\u00cdSTICAS: A\u00c7\u00c3O DE GEST\u00c3O E PRESERVA\u00c7\u00c3O DOCUMENTAL NO SISTEMA DE ARQUIVOS E DOCUMENTOS DO ESTADO DO AMAZONAS &#8211; SAGED, tem por objetivos prestar assessoria arquiv\u00edsticas junto a Secretaria de Administra\u00e7\u00e3o de Estado do Amazonas &#8211; SEAD, para atualizar os instrumentos de gest\u00e3o do documental; identificar as tipologias documentais produzidas e recebidas no \u00e2mbito do SAGED e; prestar assist\u00eancia na identifica\u00e7\u00e3o de fundos para difus\u00e3o em plataformas digitais. A SEAD tem por finalidade, segundo o inciso I, Art. 1. da Lei Delegada N. 75, a ? formula\u00e7\u00e3o de diretrizes, promo\u00e7\u00e3o, coordena\u00e7\u00e3o, acompanhamento e avalia\u00e7\u00e3o de planos e projetos de moderniza\u00e7\u00e3o e gest\u00e3o da administra\u00e7\u00e3o p\u00fablica estadual, compreendendo, inclusive, a gest\u00e3o do patrim\u00f4nio, da log\u00edstica e acompanhamento dos gastos p\u00fablicos, assegurando um processo permanente de melhoria e inova\u00e7\u00e3o cont\u00ednua?. Importante ressaltar que a organiza\u00e7\u00e3o administrativa contempor\u00e2nea \u00e9 marcada por constante mudan\u00e7as estrutural e funcional. Logo, para a realiza\u00e7\u00e3o da presente atividade, faz necess\u00e1rio, primeiramente, mapear a legisla\u00e7\u00e3o estadual voltada para gest\u00e3o documental, com foco nos Decretos 37.898, de 23 de maio de 2017 que aprovado o Plano de Classifica\u00e7\u00e3o e Tabela de Temporalidade de Documentos das Atividades-meio, produzidas pela administra\u00e7\u00e3o p\u00fablica do Estado do Amazonas; Decreto 37.899, de 23 de maio de 2017 que institui o Sistema de Arquivos e Gest\u00e3o de Documentos do Estado do Amazonas -SAGED-AM; Decreto n\u00b0 38.019 de 29 de junho de 2017; Manual T\u00e9cnico do Sistema de Arquivos e Gest\u00e3o de Documentos do Estado do Amazonas (2017). Ap\u00f3s a pesquisa a legisla\u00e7\u00e3o estadual, elaborar grupos de a\u00e7\u00e3o com foco na atualiza\u00e7\u00e3o do Plano de Classifica\u00e7\u00e3o, Tabela de Temporalidade e Manual de procedimentos, visando tornar tais instrumentos condizentes com a realidade pr\u00e1tica, podendo ser aplicado de maneira eficiente nos diversos \u00f3rg\u00e3os do estado.<\/p>\n","protected":false},"excerpt":{"rendered":"<p>Rodolfo Almeida de Azevedo A presente a\u00e7\u00e3o de extens\u00e3o do curso de arquivologia intitulada POL\u00cdTICAS ARQUIV\u00cdSTICAS: A\u00c7\u00c3O DE GEST\u00c3O E PRESERVA\u00c7\u00c3O DOCUMENTAL NO SISTEMA DE ARQUIVOS E DOCUMENTOS DO ESTADO DO AMAZONAS &#8211; SAGED, tem por objetivos prestar assessoria arquiv\u00edsticas junto a Secretaria de Administra\u00e7\u00e3o de Estado do Amazonas &#8211; SEAD, para atualizar os instrumentos [&hellip;]<\/p>\n","protected":false},"author":4,"featured_media":0,"comment_status":"open","ping_status":"open","sticky":false,"template":"","format":"standard","meta":{"ocean_post_layout":"","ocean_both_sidebars_style":"","ocean_both_sidebars_content_width":0,"ocean_both_sidebars_sidebars_width":0,"ocean_sidebar":"0","ocean_second_sidebar":"0","ocean_disable_margins":"enable","ocean_add_body_class":"","ocean_shortcode_before_top_bar":"","ocean_shortcode_after_top_bar":"","ocean_shortcode_before_header":"","ocean_shortcode_after_header":"","ocean_has_shortcode":"","ocean_shortcode_after_title":"","ocean_shortcode_before_footer_widgets":"","ocean_shortcode_after_footer_widgets":"","ocean_shortcode_before_footer_bottom":"","ocean_shortcode_after_footer_bottom":"","ocean_display_top_bar":"default","ocean_display_header":"default","ocean_header_style":"","ocean_center_header_left_menu":"0","ocean_custom_header_template":"0","ocean_custom_logo":0,"ocean_custom_retina_logo":0,"ocean_custom_logo_max_width":0,"ocean_custom_logo_tablet_max_width":0,"ocean_custom_logo_mobile_max_width":0,"ocean_custom_logo_max_height":0,"ocean_custom_logo_tablet_max_height":0,"ocean_custom_logo_mobile_max_height":0,"ocean_header_custom_menu":"0","ocean_menu_typo_font_family":"0","ocean_menu_typo_font_subset":"","ocean_menu_typo_font_size":0,"ocean_menu_typo_font_size_tablet":0,"ocean_menu_typo_font_size_mobile":0,"ocean_menu_typo_font_size_unit":"px","ocean_menu_typo_font_weight":"","ocean_menu_typo_font_weight_tablet":"","ocean_menu_typo_font_weight_mobile":"","ocean_menu_typo_transform":"","ocean_menu_typo_transform_tablet":"","ocean_menu_typo_transform_mobile":"","ocean_menu_typo_line_height":0,"ocean_menu_typo_line_height_tablet":0,"ocean_menu_typo_line_height_mobile":0,"ocean_menu_typo_line_height_unit":"","ocean_menu_typo_spacing":0,"ocean_menu_typo_spacing_tablet":0,"ocean_menu_typo_spacing_mobile":0,"ocean_menu_typo_spacing_unit":"","ocean_menu_link_color":"","ocean_menu_link_color_hover":"","ocean_menu_link_color_active":"","ocean_menu_link_background":"","ocean_menu_link_hover_background":"","ocean_menu_link_active_background":"","ocean_menu_social_links_bg":"","ocean_menu_social_hover_links_bg":"","ocean_menu_social_links_color":"","ocean_menu_social_hover_links_color":"","ocean_disable_title":"default","ocean_disable_heading":"default","ocean_post_title":"","ocean_post_subheading":"","ocean_post_title_style":"","ocean_post_title_background_color":"","ocean_post_title_background":0,"ocean_post_title_bg_image_position":"","ocean_post_title_bg_image_attachment":"","ocean_post_title_bg_image_repeat":"","ocean_post_title_bg_image_size":"","ocean_post_title_height":0,"ocean_post_title_bg_overlay":0.5,"ocean_post_title_bg_overlay_color":"","ocean_disable_breadcrumbs":"default","ocean_breadcrumbs_color":"","ocean_breadcrumbs_separator_color":"","ocean_breadcrumbs_links_color":"","ocean_breadcrumbs_links_hover_color":"","ocean_display_footer_widgets":"default","ocean_display_footer_bottom":"default","ocean_custom_footer_template":"0","ocean_post_oembed":"","ocean_post_self_hosted_media":"","ocean_post_video_embed":"","ocean_link_format":"","ocean_link_format_target":"self","ocean_quote_format":"","ocean_quote_format_link":"post","ocean_gallery_link_images":"off","ocean_gallery_id":[],"footnotes":""},"categories":[596,1],"tags":[74,82,712],"class_list":["post-1067","post","type-post","status-publish","format-standard","hentry","category-docente","category-projetos-de-extensao","tag-gestao-de-documentos","tag-politicas-arquivisticas","tag-universidade-federal-do-amazonas-ufam","entry"],"_links":{"self":[{"href":"https:\/\/www.ccsa.ufpb.br\/pesquisarquivistica\/wp-json\/wp\/v2\/posts\/1067","targetHints":{"allow":["GET"]}}],"collection":[{"href":"https:\/\/www.ccsa.ufpb.br\/pesquisarquivistica\/wp-json\/wp\/v2\/posts"}],"about":[{"href":"https:\/\/www.ccsa.ufpb.br\/pesquisarquivistica\/wp-json\/wp\/v2\/types\/post"}],"author":[{"embeddable":true,"href":"https:\/\/www.ccsa.ufpb.br\/pesquisarquivistica\/wp-json\/wp\/v2\/users\/4"}],"replies":[{"embeddable":true,"href":"https:\/\/www.ccsa.ufpb.br\/pesquisarquivistica\/wp-json\/wp\/v2\/comments?post=1067"}],"version-history":[{"count":1,"href":"https:\/\/www.ccsa.ufpb.br\/pesquisarquivistica\/wp-json\/wp\/v2\/posts\/1067\/revisions"}],"predecessor-version":[{"id":1068,"href":"https:\/\/www.ccsa.ufpb.br\/pesquisarquivistica\/wp-json\/wp\/v2\/posts\/1067\/revisions\/1068"}],"wp:attachment":[{"href":"https:\/\/www.ccsa.ufpb.br\/pesquisarquivistica\/wp-json\/wp\/v2\/media?parent=1067"}],"wp:term":[{"taxonomy":"category","embeddable":true,"href":"https:\/\/www.ccsa.ufpb.br\/pesquisarquivistica\/wp-json\/wp\/v2\/categories?post=1067"},{"taxonomy":"post_tag","embeddable":true,"href":"https:\/\/www.ccsa.ufpb.br\/pesquisarquivistica\/wp-json\/wp\/v2\/tags?post=1067"}],"curies":[{"name":"wp","href":"https:\/\/api.w.org\/{rel}","templated":true}]}}