{"id":11023,"date":"2026-08-23T23:10:27","date_gmt":"2026-08-24T02:10:27","guid":{"rendered":"https:\/\/www.ccsa.ufpb.br\/pesquisarquivistica\/?p=11023"},"modified":"2026-08-23T23:10:27","modified_gmt":"2026-08-24T02:10:27","slug":"memoria-documentada-registros-de-uma-profissao-2016-2017","status":"publish","type":"post","link":"https:\/\/www.ccsa.ufpb.br\/pesquisarquivistica\/memoria-documentada-registros-de-uma-profissao-2016-2017\/","title":{"rendered":"MEM\u00d3RIA DOCUMENTADA: registros de uma profiss\u00e3o (2016-2017)"},"content":{"rendered":"\n<p class=\"wp-block-paragraph\"><a href=\"http:\/\/lattes.cnpq.br\/8047892088151487\">Maria Isabel de Jesus Sousa Barreira<\/a> &#8211; Coordenador<\/p>\n\n\n\n<p class=\"wp-block-paragraph\">Projeto que busca compreender o lugar da mem\u00f3ria nas discuss\u00f5es acad\u00eamicas das \u00faltimas d\u00e9cadas, considerando que na contemporaneidade \u00e9 recorrente a tem\u00e1tica envolvendo a mem\u00f3ria enquanto &#8220;demanda de passado&#8221; fato que se deve ao entendimento de que a viv\u00eancia individual e coletiva do passado possa, de algum modo, explicitar o tempo presente. Assim, essa investiga\u00e7\u00e3o pretende como objetivo primaz resgatar a mem\u00f3ria institucional do curso de Biblioteconomia e Documenta\u00e7\u00e3o da UFBa no percurso de 7 d\u00e9cadas (1942-2012) e especificamente compreender a institui\u00e7\u00e3o educacional enquanto l\u00f3cus de mem\u00f3ria relevante no processo formativo dos sujeitos sociais; analisar, a partir da percep\u00e7\u00e3o dos investigados o significado desse espa\u00e7o na mem\u00f3ria individual e coletiva dessa comunidade acad\u00eamica; analisar o sentido de identidade profissional dos egressos. A pesquisa tem car\u00e1ter descritivo, com abordagem quantitativa e qualitativa, cujo universo \u00e9 composto pelos egressos do curso de biblioteconomia e documenta\u00e7\u00e3o. A metodologia delineada consiste em descrever procedimentos que nortear\u00e3o as etapas a serem realizadas, em detrimento dos objetivos tra\u00e7ados pela pesquisa. S\u00e3o eles:a) delineamento do recorte temporal;b) sele\u00e7\u00e3o dos egressos que compor\u00e3o a amostra;c) levantamento de informa\u00e7\u00f5es junto ao CRB5 relativas aos egressos part\u00edcipes do estudo; d) Compreens\u00e3o da institui\u00e7\u00e3o educacional enquanto l\u00f3cus de mem\u00f3ria relevante no processo formativo dos sujeitos sociais a partir da percep\u00e7\u00e3o dos investigados; e) identifica\u00e7\u00e3o e an\u00e1lise o significado desse espa\u00e7o na mem\u00f3ria individual e coletiva dos participes dessa comunidade acad\u00eamica. Os dados ser\u00e3o coletados junto aos bibliotec\u00e1rios registrados no Conselho Regional de Biblioteconomia (CRB 5) bem como no ICI, antiga Escola de Biblioteconomia e Documenta\u00e7\u00e3o da UFBA. O tratamento dos dados ser\u00e1 por ordenamento de categorias tem\u00e1ticas, elaboradas a partir das informa\u00e7\u00f5es do campo de investiga\u00e7\u00e3o e interpretados em raz\u00e3o da an\u00e1lise que melhor representar os objetivos da pesquisa e \u00e0 luz da literatura que constitui o referencial te\u00f3rico adotado.<\/p>\n","protected":false},"excerpt":{"rendered":"<p>Maria Isabel de Jesus Sousa Barreira &#8211; Coordenador Projeto que busca compreender o lugar da mem\u00f3ria nas discuss\u00f5es acad\u00eamicas das \u00faltimas d\u00e9cadas, considerando que na contemporaneidade \u00e9 recorrente a tem\u00e1tica envolvendo a mem\u00f3ria enquanto &#8220;demanda de passado&#8221; fato que se deve ao entendimento de que a viv\u00eancia individual e coletiva do passado possa, de algum [&hellip;]<\/p>\n","protected":false},"author":24,"featured_media":0,"comment_status":"closed","ping_status":"open","sticky":false,"template":"","format":"standard","meta":{"ocean_front_end_style_editor":"no","ocean_post_layout":"","ocean_both_sidebars_style":"","ocean_both_sidebars_content_width":0,"ocean_both_sidebars_sidebars_width":0,"ocean_sidebar":"","ocean_second_sidebar":"","ocean_disable_margins":"enable","ocean_add_body_class":"","ocean_shortcode_before_top_bar":"","ocean_shortcode_after_top_bar":"","ocean_shortcode_before_header":"","ocean_shortcode_after_header":"","ocean_has_shortcode":"","ocean_shortcode_after_title":"","ocean_shortcode_before_footer_widgets":"","ocean_shortcode_after_footer_widgets":"","ocean_shortcode_before_footer_bottom":"","ocean_shortcode_after_footer_bottom":"","ocean_display_top_bar":"default","ocean_display_header":"default","ocean_header_style":"","ocean_center_header_left_menu":"","ocean_custom_header_template":"","ocean_custom_logo":0,"ocean_custom_retina_logo":0,"ocean_custom_logo_max_width":0,"ocean_custom_logo_tablet_max_width":0,"ocean_custom_logo_mobile_max_width":0,"ocean_custom_logo_max_height":0,"ocean_custom_logo_tablet_max_height":0,"ocean_custom_logo_mobile_max_height":0,"ocean_header_custom_menu":"","ocean_menu_typo_font_family":"","ocean_menu_typo_font_subset":"","ocean_menu_typo_font_size":0,"ocean_menu_typo_font_size_tablet":0,"ocean_menu_typo_font_size_mobile":0,"ocean_menu_typo_font_size_unit":"px","ocean_menu_typo_font_weight":"","ocean_menu_typo_font_weight_tablet":"","ocean_menu_typo_font_weight_mobile":"","ocean_menu_typo_transform":"","ocean_menu_typo_transform_tablet":"","ocean_menu_typo_transform_mobile":"","ocean_menu_typo_line_height":0,"ocean_menu_typo_line_height_tablet":0,"ocean_menu_typo_line_height_mobile":0,"ocean_menu_typo_line_height_unit":"","ocean_menu_typo_spacing":0,"ocean_menu_typo_spacing_tablet":0,"ocean_menu_typo_spacing_mobile":0,"ocean_menu_typo_spacing_unit":"","ocean_menu_link_color":"","ocean_menu_link_color_hover":"","ocean_menu_link_color_active":"","ocean_menu_link_background":"","ocean_menu_link_hover_background":"","ocean_menu_link_active_background":"","ocean_menu_social_links_bg":"","ocean_menu_social_hover_links_bg":"","ocean_menu_social_links_color":"","ocean_menu_social_hover_links_color":"","ocean_disable_title":"default","ocean_disable_heading":"default","ocean_post_title":"","ocean_post_subheading":"","ocean_post_title_style":"","ocean_post_title_background_color":"","ocean_post_title_background":0,"ocean_post_title_bg_image_position":"","ocean_post_title_bg_image_attachment":"","ocean_post_title_bg_image_repeat":"","ocean_post_title_bg_image_size":"","ocean_post_title_height":0,"ocean_post_title_bg_overlay":0.5,"ocean_post_title_bg_overlay_color":"","ocean_disable_breadcrumbs":"default","ocean_breadcrumbs_color":"","ocean_breadcrumbs_separator_color":"","ocean_breadcrumbs_links_color":"","ocean_breadcrumbs_links_hover_color":"","ocean_display_footer_widgets":"default","ocean_display_footer_bottom":"default","ocean_custom_footer_template":"","ocean_post_oembed":"","ocean_post_self_hosted_media":"","ocean_post_video_embed":"","ocean_link_format":"","ocean_link_format_target":"self","ocean_quote_format":"","ocean_quote_format_link":"post","ocean_gallery_link_images":"on","ocean_gallery_id":[],"footnotes":""},"categories":[596,9],"tags":[136,1265,1266,653],"class_list":["post-11023","post","type-post","status-publish","format-standard","hentry","category-docente","category-projetos-de-pesquisa","tag-memoria","tag-memoria-documentada","tag-registros","tag-universidade-federal-da-bahia-ufba","entry"],"_links":{"self":[{"href":"https:\/\/www.ccsa.ufpb.br\/pesquisarquivistica\/wp-json\/wp\/v2\/posts\/11023","targetHints":{"allow":["GET"]}}],"collection":[{"href":"https:\/\/www.ccsa.ufpb.br\/pesquisarquivistica\/wp-json\/wp\/v2\/posts"}],"about":[{"href":"https:\/\/www.ccsa.ufpb.br\/pesquisarquivistica\/wp-json\/wp\/v2\/types\/post"}],"author":[{"embeddable":true,"href":"https:\/\/www.ccsa.ufpb.br\/pesquisarquivistica\/wp-json\/wp\/v2\/users\/24"}],"replies":[{"embeddable":true,"href":"https:\/\/www.ccsa.ufpb.br\/pesquisarquivistica\/wp-json\/wp\/v2\/comments?post=11023"}],"version-history":[{"count":1,"href":"https:\/\/www.ccsa.ufpb.br\/pesquisarquivistica\/wp-json\/wp\/v2\/posts\/11023\/revisions"}],"predecessor-version":[{"id":11024,"href":"https:\/\/www.ccsa.ufpb.br\/pesquisarquivistica\/wp-json\/wp\/v2\/posts\/11023\/revisions\/11024"}],"wp:attachment":[{"href":"https:\/\/www.ccsa.ufpb.br\/pesquisarquivistica\/wp-json\/wp\/v2\/media?parent=11023"}],"wp:term":[{"taxonomy":"category","embeddable":true,"href":"https:\/\/www.ccsa.ufpb.br\/pesquisarquivistica\/wp-json\/wp\/v2\/categories?post=11023"},{"taxonomy":"post_tag","embeddable":true,"href":"https:\/\/www.ccsa.ufpb.br\/pesquisarquivistica\/wp-json\/wp\/v2\/tags?post=11023"}],"curies":[{"name":"wp","href":"https:\/\/api.w.org\/{rel}","templated":true}]}}