{"id":1196,"date":"2021-09-28T17:32:12","date_gmt":"2021-09-28T20:32:12","guid":{"rendered":"http:\/\/www.ccsa.ufpb.br\/pesquisarquivistica\/?p=1196"},"modified":"2022-07-25T16:09:10","modified_gmt":"2022-07-25T19:09:10","slug":"arquivologia-e-a-construcao-do-seu-objeto-cientifico-concepcoes-trajetorias-contextualizacoes-2008-2013","status":"publish","type":"post","link":"https:\/\/www.ccsa.ufpb.br\/pesquisarquivistica\/arquivologia-e-a-construcao-do-seu-objeto-cientifico-concepcoes-trajetorias-contextualizacoes-2008-2013\/","title":{"rendered":"ARQUIVOLOGIA E A CONSTRU\u00c7\u00c3O DO SEU OBJETO CIENT\u00cdFICO: concep\u00e7\u00f5es, trajet\u00f3rias, contextualiza\u00e7\u00f5es (2008-2013)"},"content":{"rendered":"\n<p class=\"wp-block-paragraph\"><a href=\"http:\/\/lattes.cnpq.br\/9398149996443387\" target=\"_blank\" rel=\"noreferrer noopener\">Clarissa Moreira dos Santos Schmidt<\/a><\/p>\n\n\n\n<p class=\"wp-block-paragraph\">Mesmo inicialmente desenvolvida com base num Fazer, documentado e difundido por meio de manuais na Europa do final do s\u00e9culo XIX, a Arquivologia n\u00e3o se restringe a uma \u00e1rea eminentemente pr\u00e1tica e requer princ\u00edpios que orientem os procedimentos deste Fazer e o fundamentem em termos te\u00f3ricos. Por tratar-se de uma \u00e1rea de Saber &#8220;nova&#8221; e, por assim dizer, ainda em processo de elabora\u00e7\u00e3o e desenvolvimento, necessita permanentemente revisitar seus pressupostos e estabelecer seu estatuto de ci\u00eancia. Nesta pesquisa pretende-se apresentar reflex\u00f5es em torno do Objeto cient\u00edfico da Arquivologia, com vistas \u00e0 proposi\u00e7\u00e3o de que h\u00e1 diferentes defini\u00e7\u00f5es no \u00e2mbito de sua comunidade cient\u00edfica, ou ainda, de seu campo cient\u00edfico, al\u00e9m de investigar a configura\u00e7\u00e3o e consequ\u00eancias destas diferen\u00e7as no campo cient\u00edfico brasileiro.<\/p>\n","protected":false},"excerpt":{"rendered":"<p>Clarissa Moreira dos Santos Schmidt Mesmo inicialmente desenvolvida com base num Fazer, documentado e difundido por meio de manuais na Europa do final do s\u00e9culo XIX, a Arquivologia n\u00e3o se restringe a uma \u00e1rea eminentemente pr\u00e1tica e requer princ\u00edpios que orientem os procedimentos deste Fazer e o fundamentem em termos te\u00f3ricos. Por tratar-se de uma [&hellip;]<\/p>\n","protected":false},"author":5,"featured_media":0,"comment_status":"open","ping_status":"open","sticky":false,"template":"","format":"standard","meta":{"ocean_front_end_style_editor":"no","ocean_post_layout":"","ocean_both_sidebars_style":"","ocean_both_sidebars_content_width":0,"ocean_both_sidebars_sidebars_width":0,"ocean_sidebar":"0","ocean_second_sidebar":"0","ocean_disable_margins":"enable","ocean_add_body_class":"","ocean_shortcode_before_top_bar":"","ocean_shortcode_after_top_bar":"","ocean_shortcode_before_header":"","ocean_shortcode_after_header":"","ocean_has_shortcode":"","ocean_shortcode_after_title":"","ocean_shortcode_before_footer_widgets":"","ocean_shortcode_after_footer_widgets":"","ocean_shortcode_before_footer_bottom":"","ocean_shortcode_after_footer_bottom":"","ocean_display_top_bar":"default","ocean_display_header":"default","ocean_header_style":"","ocean_center_header_left_menu":"0","ocean_custom_header_template":"0","ocean_custom_logo":0,"ocean_custom_retina_logo":0,"ocean_custom_logo_max_width":0,"ocean_custom_logo_tablet_max_width":0,"ocean_custom_logo_mobile_max_width":0,"ocean_custom_logo_max_height":0,"ocean_custom_logo_tablet_max_height":0,"ocean_custom_logo_mobile_max_height":0,"ocean_header_custom_menu":"0","ocean_menu_typo_font_family":"0","ocean_menu_typo_font_subset":"","ocean_menu_typo_font_size":0,"ocean_menu_typo_font_size_tablet":0,"ocean_menu_typo_font_size_mobile":0,"ocean_menu_typo_font_size_unit":"px","ocean_menu_typo_font_weight":"","ocean_menu_typo_font_weight_tablet":"","ocean_menu_typo_font_weight_mobile":"","ocean_menu_typo_transform":"","ocean_menu_typo_transform_tablet":"","ocean_menu_typo_transform_mobile":"","ocean_menu_typo_line_height":0,"ocean_menu_typo_line_height_tablet":0,"ocean_menu_typo_line_height_mobile":0,"ocean_menu_typo_line_height_unit":"","ocean_menu_typo_spacing":0,"ocean_menu_typo_spacing_tablet":0,"ocean_menu_typo_spacing_mobile":0,"ocean_menu_typo_spacing_unit":"","ocean_menu_link_color":"","ocean_menu_link_color_hover":"","ocean_menu_link_color_active":"","ocean_menu_link_background":"","ocean_menu_link_hover_background":"","ocean_menu_link_active_background":"","ocean_menu_social_links_bg":"","ocean_menu_social_hover_links_bg":"","ocean_menu_social_links_color":"","ocean_menu_social_hover_links_color":"","ocean_disable_title":"default","ocean_disable_heading":"default","ocean_post_title":"","ocean_post_subheading":"","ocean_post_title_style":"","ocean_post_title_background_color":"","ocean_post_title_background":0,"ocean_post_title_bg_image_position":"","ocean_post_title_bg_image_attachment":"","ocean_post_title_bg_image_repeat":"","ocean_post_title_bg_image_size":"","ocean_post_title_height":0,"ocean_post_title_bg_overlay":0.5,"ocean_post_title_bg_overlay_color":"","ocean_disable_breadcrumbs":"default","ocean_breadcrumbs_color":"","ocean_breadcrumbs_separator_color":"","ocean_breadcrumbs_links_color":"","ocean_breadcrumbs_links_hover_color":"","ocean_display_footer_widgets":"default","ocean_display_footer_bottom":"default","ocean_custom_footer_template":"0","ocean_post_oembed":"","ocean_post_self_hosted_media":"","ocean_post_video_embed":"","ocean_link_format":"","ocean_link_format_target":"self","ocean_quote_format":"","ocean_quote_format_link":"post","ocean_gallery_link_images":"off","ocean_gallery_id":[],"footnotes":""},"categories":[596,9],"tags":[415,558],"class_list":["post-1196","post","type-post","status-publish","format-standard","hentry","category-docente","category-projetos-de-pesquisa","tag-epistemologia","tag-universidade-federal-fluminense-uff","entry"],"_links":{"self":[{"href":"https:\/\/www.ccsa.ufpb.br\/pesquisarquivistica\/wp-json\/wp\/v2\/posts\/1196","targetHints":{"allow":["GET"]}}],"collection":[{"href":"https:\/\/www.ccsa.ufpb.br\/pesquisarquivistica\/wp-json\/wp\/v2\/posts"}],"about":[{"href":"https:\/\/www.ccsa.ufpb.br\/pesquisarquivistica\/wp-json\/wp\/v2\/types\/post"}],"author":[{"embeddable":true,"href":"https:\/\/www.ccsa.ufpb.br\/pesquisarquivistica\/wp-json\/wp\/v2\/users\/5"}],"replies":[{"embeddable":true,"href":"https:\/\/www.ccsa.ufpb.br\/pesquisarquivistica\/wp-json\/wp\/v2\/comments?post=1196"}],"version-history":[{"count":2,"href":"https:\/\/www.ccsa.ufpb.br\/pesquisarquivistica\/wp-json\/wp\/v2\/posts\/1196\/revisions"}],"predecessor-version":[{"id":1617,"href":"https:\/\/www.ccsa.ufpb.br\/pesquisarquivistica\/wp-json\/wp\/v2\/posts\/1196\/revisions\/1617"}],"wp:attachment":[{"href":"https:\/\/www.ccsa.ufpb.br\/pesquisarquivistica\/wp-json\/wp\/v2\/media?parent=1196"}],"wp:term":[{"taxonomy":"category","embeddable":true,"href":"https:\/\/www.ccsa.ufpb.br\/pesquisarquivistica\/wp-json\/wp\/v2\/categories?post=1196"},{"taxonomy":"post_tag","embeddable":true,"href":"https:\/\/www.ccsa.ufpb.br\/pesquisarquivistica\/wp-json\/wp\/v2\/tags?post=1196"}],"curies":[{"name":"wp","href":"https:\/\/api.w.org\/{rel}","templated":true}]}}