{"id":1260,"date":"2021-09-30T10:49:14","date_gmt":"2021-09-30T13:49:14","guid":{"rendered":"http:\/\/www.ccsa.ufpb.br\/pesquisarquivistica\/?p=1260"},"modified":"2025-03-04T21:05:56","modified_gmt":"2025-03-05T00:05:56","slug":"projeto-de-implantacao-do-sistema-de-arquivos-da-assembleia-legislativa-rs-2004-2005","status":"publish","type":"post","link":"https:\/\/www.ccsa.ufpb.br\/pesquisarquivistica\/projeto-de-implantacao-do-sistema-de-arquivos-da-assembleia-legislativa-rs-2004-2005\/","title":{"rendered":"PROJETO DE IMPLANTA\u00c7\u00c3O DO SISTEMA DE ARQUIVOS DA ASSEMBL\u00c9IA LEGISLATIVA &#8211; RS (2004-2005)"},"content":{"rendered":"\n<p><a rel=\"noreferrer noopener\" href=\"http:\/\/lattes.cnpq.br\/5674093783791894\" target=\"_blank\">Jorge Eduardo Enriquez Vivar<\/a> &#8211; coordenador\/  <a href=\"http:\/\/lattes.cnpq.br\/5118387541734094\" target=\"_blank\" rel=\"noreferrer noopener\">Rafael Port da Rocha<\/a><\/p>\n\n\n\n<p>O presente Projeto de Implanta\u00e7\u00e3o do Sistema de Arquivos na Assembl\u00e9ia do Rio Grande do Sul, pretende estabelecer pol\u00edticas direcionadas a necess\u00e1ria e urgente aplica\u00e7\u00e3o de programas de gest\u00e3o documental, que venham racionalizar o processo administrativo no que diz respeito a disponibilidade da informa\u00e7\u00e3o para a execu\u00e7\u00e3o das atividades inerentes a sua compet\u00eancia e visando por outro lado, a conserva\u00e7\u00e3o, preserva\u00e7\u00e3o e acesso \u00e0 informa\u00e7\u00e3o documental, entendendo-se que dito Patrim\u00f4nio, constitui parte importante e \u00fanica para a hist\u00f3ria e a mem\u00f3ria do Estado do Rio Grande do Sul, elemento b\u00e1sico a ser considerado no desenvolvimento pol\u00edtico, econ\u00f4mico, social e cultural da regi\u00e3o do Brasil, seja no que se refere, \u00e0 preserva\u00e7\u00e3o e conhecimento de sua mem\u00f3ria e identidade hist\u00f3rica, como no que diz respeito, a transpar\u00eancia administrativa fun\u00e7\u00e3o social dos arquivos.<\/p>\n\n\n\n<p><\/p>\n\n\n\n<p><\/p>\n","protected":false},"excerpt":{"rendered":"<p>Jorge Eduardo Enriquez Vivar &#8211; coordenador\/ Rafael Port da Rocha O presente Projeto de Implanta\u00e7\u00e3o do Sistema de Arquivos na Assembl\u00e9ia do Rio Grande do Sul, pretende estabelecer pol\u00edticas direcionadas a necess\u00e1ria e urgente aplica\u00e7\u00e3o de programas de gest\u00e3o documental, que venham racionalizar o processo administrativo no que diz respeito a disponibilidade da informa\u00e7\u00e3o para [&hellip;]<\/p>\n","protected":false},"author":5,"featured_media":0,"comment_status":"open","ping_status":"open","sticky":false,"template":"","format":"standard","meta":{"ocean_post_layout":"","ocean_both_sidebars_style":"","ocean_both_sidebars_content_width":0,"ocean_both_sidebars_sidebars_width":0,"ocean_sidebar":"0","ocean_second_sidebar":"0","ocean_disable_margins":"enable","ocean_add_body_class":"","ocean_shortcode_before_top_bar":"","ocean_shortcode_after_top_bar":"","ocean_shortcode_before_header":"","ocean_shortcode_after_header":"","ocean_has_shortcode":"","ocean_shortcode_after_title":"","ocean_shortcode_before_footer_widgets":"","ocean_shortcode_after_footer_widgets":"","ocean_shortcode_before_footer_bottom":"","ocean_shortcode_after_footer_bottom":"","ocean_display_top_bar":"default","ocean_display_header":"default","ocean_header_style":"","ocean_center_header_left_menu":"0","ocean_custom_header_template":"0","ocean_custom_logo":0,"ocean_custom_retina_logo":0,"ocean_custom_logo_max_width":0,"ocean_custom_logo_tablet_max_width":0,"ocean_custom_logo_mobile_max_width":0,"ocean_custom_logo_max_height":0,"ocean_custom_logo_tablet_max_height":0,"ocean_custom_logo_mobile_max_height":0,"ocean_header_custom_menu":"0","ocean_menu_typo_font_family":"0","ocean_menu_typo_font_subset":"","ocean_menu_typo_font_size":0,"ocean_menu_typo_font_size_tablet":0,"ocean_menu_typo_font_size_mobile":0,"ocean_menu_typo_font_size_unit":"px","ocean_menu_typo_font_weight":"","ocean_menu_typo_font_weight_tablet":"","ocean_menu_typo_font_weight_mobile":"","ocean_menu_typo_transform":"","ocean_menu_typo_transform_tablet":"","ocean_menu_typo_transform_mobile":"","ocean_menu_typo_line_height":0,"ocean_menu_typo_line_height_tablet":0,"ocean_menu_typo_line_height_mobile":0,"ocean_menu_typo_line_height_unit":"","ocean_menu_typo_spacing":0,"ocean_menu_typo_spacing_tablet":0,"ocean_menu_typo_spacing_mobile":0,"ocean_menu_typo_spacing_unit":"","ocean_menu_link_color":"","ocean_menu_link_color_hover":"","ocean_menu_link_color_active":"","ocean_menu_link_background":"","ocean_menu_link_hover_background":"","ocean_menu_link_active_background":"","ocean_menu_social_links_bg":"","ocean_menu_social_hover_links_bg":"","ocean_menu_social_links_color":"","ocean_menu_social_hover_links_color":"","ocean_disable_title":"default","ocean_disable_heading":"default","ocean_post_title":"","ocean_post_subheading":"","ocean_post_title_style":"","ocean_post_title_background_color":"","ocean_post_title_background":0,"ocean_post_title_bg_image_position":"","ocean_post_title_bg_image_attachment":"","ocean_post_title_bg_image_repeat":"","ocean_post_title_bg_image_size":"","ocean_post_title_height":0,"ocean_post_title_bg_overlay":0.5,"ocean_post_title_bg_overlay_color":"","ocean_disable_breadcrumbs":"default","ocean_breadcrumbs_color":"","ocean_breadcrumbs_separator_color":"","ocean_breadcrumbs_links_color":"","ocean_breadcrumbs_links_hover_color":"","ocean_display_footer_widgets":"default","ocean_display_footer_bottom":"default","ocean_custom_footer_template":"0","ocean_post_oembed":"","ocean_post_self_hosted_media":"","ocean_post_video_embed":"","ocean_link_format":"","ocean_link_format_target":"self","ocean_quote_format":"","ocean_quote_format_link":"post","ocean_gallery_link_images":"off","ocean_gallery_id":[],"footnotes":""},"categories":[596,9],"tags":[82,192,645],"class_list":["post-1260","post","type-post","status-publish","format-standard","hentry","category-docente","category-projetos-de-pesquisa","tag-politicas-arquivisticas","tag-sistemas-de-arquivos","tag-universidade-federal-do-rio-grande-do-sul-ufrgs","entry"],"_links":{"self":[{"href":"https:\/\/www.ccsa.ufpb.br\/pesquisarquivistica\/wp-json\/wp\/v2\/posts\/1260","targetHints":{"allow":["GET"]}}],"collection":[{"href":"https:\/\/www.ccsa.ufpb.br\/pesquisarquivistica\/wp-json\/wp\/v2\/posts"}],"about":[{"href":"https:\/\/www.ccsa.ufpb.br\/pesquisarquivistica\/wp-json\/wp\/v2\/types\/post"}],"author":[{"embeddable":true,"href":"https:\/\/www.ccsa.ufpb.br\/pesquisarquivistica\/wp-json\/wp\/v2\/users\/5"}],"replies":[{"embeddable":true,"href":"https:\/\/www.ccsa.ufpb.br\/pesquisarquivistica\/wp-json\/wp\/v2\/comments?post=1260"}],"version-history":[{"count":2,"href":"https:\/\/www.ccsa.ufpb.br\/pesquisarquivistica\/wp-json\/wp\/v2\/posts\/1260\/revisions"}],"predecessor-version":[{"id":1688,"href":"https:\/\/www.ccsa.ufpb.br\/pesquisarquivistica\/wp-json\/wp\/v2\/posts\/1260\/revisions\/1688"}],"wp:attachment":[{"href":"https:\/\/www.ccsa.ufpb.br\/pesquisarquivistica\/wp-json\/wp\/v2\/media?parent=1260"}],"wp:term":[{"taxonomy":"category","embeddable":true,"href":"https:\/\/www.ccsa.ufpb.br\/pesquisarquivistica\/wp-json\/wp\/v2\/categories?post=1260"},{"taxonomy":"post_tag","embeddable":true,"href":"https:\/\/www.ccsa.ufpb.br\/pesquisarquivistica\/wp-json\/wp\/v2\/tags?post=1260"}],"curies":[{"name":"wp","href":"https:\/\/api.w.org\/{rel}","templated":true}]}}