{"id":1481,"date":"2021-10-05T11:23:36","date_gmt":"2021-10-05T14:23:36","guid":{"rendered":"http:\/\/www.ccsa.ufpb.br\/pesquisarquivistica\/?p=1481"},"modified":"2022-07-24T14:12:23","modified_gmt":"2022-07-24T17:12:23","slug":"os-arquivos-eclesiasticos-no-brasil-producao-gestao-e-custodia-de-documentos-2013-2016","status":"publish","type":"post","link":"https:\/\/www.ccsa.ufpb.br\/pesquisarquivistica\/os-arquivos-eclesiasticos-no-brasil-producao-gestao-e-custodia-de-documentos-2013-2016\/","title":{"rendered":"OS ARQUIVOS ECLESI\u00c1STICOS NO BRASIL: produ\u00e7\u00e3o, gest\u00e3o e cust\u00f3dia de documentos (2013-2016)"},"content":{"rendered":"\n<p><a href=\"http:\/\/lattes.cnpq.br\/5810994575541911\" target=\"_blank\" rel=\"noreferrer noopener\">Eliane Braga<\/a><\/p>\n\n\n\n<p>Junto com a inaugura\u00e7\u00e3o da cidade de Bras\u00edlia foi criada a Arquidiocese de Bras\u00edlia por meio da bula Quandoquidem Nullum do Papa Jo\u00e3o XXIII, no ano de 1960. Durante todo esse tempo a C\u00faria Metropolitana acumulou documentos em decorr\u00eancia de sua pr\u00f3pria atividade administrativa, na qual \u00e9 confidente dos arquivos eclesi\u00e1sticos diocesanos. Esses documentos, considerados um bem cultural da Igreja Cat\u00f3lica Apost\u00f3lica Romana (ICAR), s\u00e3o de grande import\u00e2ncia, n\u00e3o s\u00f3 eclesi\u00e1stica, mas tamb\u00e9m, para a mem\u00f3ria social e cultural. Nesse sentido, a ICAR promulgou em seu C\u00f3digo de Direito Can\u00f4nico (CDC) &#8211; conjunto de normas e regras que regem a Igreja Cat\u00f3lica &#8211; o dever de custodiar e guardar os documentos referentes \u00e0 sua pr\u00f3pria diocese ou \u00e0s par\u00f3quias, com o maior cuidado. Aqui, quando a Igreja remete ao zelo documental quer designar, principalmente, a gest\u00e3o documental, ou seja, conjunto de medidas e rotinas visando \u00e0 racionaliza\u00e7\u00e3o e efici\u00eancia da cria\u00e7\u00e3o, tramita\u00e7\u00e3o, classifica\u00e7\u00e3o, uso prim\u00e1rio e avalia\u00e7\u00e3o de arquivos, visando a sua guarda ou recolhimento? (CAMARGO e BELLOTTO, 1996). Assim, a Igreja \u00e9 detentora dos arquivos de assuntos diocesanos n\u00e3o s\u00f3 espirituais, mas tamb\u00e9m temporais (CDC, C\u00e2n. 486 \u00a7 2). Dentre outros documentos1, a Igreja Cat\u00f3lica atesta sua preocupa\u00e7\u00e3o com os bens patrimoniais e hist\u00f3ricos, onde os arquivos seriam respons\u00e1veis pela edifica\u00e7\u00e3o de uma mem\u00f3ria das comunidades crist\u00e3s. Segundo Arahuetes (2004), os arquivos eclesi\u00e1sticos devem ser tratados com os mesmos elementos de um arquivo qualquer, ou seja, a pol\u00edtica arquiv\u00edstica aplicada em institui\u00e7\u00f5es privadas cabe da mesma forma \u00e0 Igreja Cat\u00f3lica. Toda documenta\u00e7\u00e3o produzida e acumulada por uma entidade org\u00e2nica no desempenho de suas atividades resulta em um arquivo. Logo, a documenta\u00e7\u00e3o produzida e acumulada pela Arquidiocese de Bras\u00edlia, no desempenho de suas atividades, corresponde ao Arquivo da C\u00faria. Esse deve ser amparado pela Lei 8.159 promulgada em 1991, que disp\u00f5e sobre a pol\u00edtica nacional de arquivos p\u00fablicos e privados estabelecendo as suas compet\u00eancias. O Arquivo, al\u00e9m de refletir a organiza\u00e7\u00e3o administrativa da Igreja e seus processos de trabalho, d\u00e1 suporte para suas atividades evangelizadoras. Santos (2005), conclui que n\u00e3o h\u00e1, por parte da Igreja Cat\u00f3lica brasileira, uma preocupa\u00e7\u00e3o em conservar essa documenta\u00e7\u00e3o. Diante da pouca informa\u00e7\u00e3o que se tem da C\u00faria Metropolitana de Bras\u00edlia e do seu acervo, torna-se salutar um diagn\u00f3stico que identifique as tipologias e esp\u00e9cies documentais por ela produzidas, bem como os procedimentos utilizados na gest\u00e3o e preserva\u00e7\u00e3o de seu acervo.<\/p>\n","protected":false},"excerpt":{"rendered":"<p>Eliane Braga Junto com a inaugura\u00e7\u00e3o da cidade de Bras\u00edlia foi criada a Arquidiocese de Bras\u00edlia por meio da bula Quandoquidem Nullum do Papa Jo\u00e3o XXIII, no ano de 1960. Durante todo esse tempo a C\u00faria Metropolitana acumulou documentos em decorr\u00eancia de sua pr\u00f3pria atividade administrativa, na qual \u00e9 confidente dos arquivos eclesi\u00e1sticos diocesanos. Esses [&hellip;]<\/p>\n","protected":false},"author":5,"featured_media":0,"comment_status":"open","ping_status":"open","sticky":false,"template":"","format":"standard","meta":{"ocean_post_layout":"","ocean_both_sidebars_style":"","ocean_both_sidebars_content_width":0,"ocean_both_sidebars_sidebars_width":0,"ocean_sidebar":"0","ocean_second_sidebar":"0","ocean_disable_margins":"enable","ocean_add_body_class":"","ocean_shortcode_before_top_bar":"","ocean_shortcode_after_top_bar":"","ocean_shortcode_before_header":"","ocean_shortcode_after_header":"","ocean_has_shortcode":"","ocean_shortcode_after_title":"","ocean_shortcode_before_footer_widgets":"","ocean_shortcode_after_footer_widgets":"","ocean_shortcode_before_footer_bottom":"","ocean_shortcode_after_footer_bottom":"","ocean_display_top_bar":"default","ocean_display_header":"default","ocean_header_style":"","ocean_center_header_left_menu":"0","ocean_custom_header_template":"0","ocean_custom_logo":0,"ocean_custom_retina_logo":0,"ocean_custom_logo_max_width":0,"ocean_custom_logo_tablet_max_width":0,"ocean_custom_logo_mobile_max_width":0,"ocean_custom_logo_max_height":0,"ocean_custom_logo_tablet_max_height":0,"ocean_custom_logo_mobile_max_height":0,"ocean_header_custom_menu":"0","ocean_menu_typo_font_family":"0","ocean_menu_typo_font_subset":"","ocean_menu_typo_font_size":0,"ocean_menu_typo_font_size_tablet":0,"ocean_menu_typo_font_size_mobile":0,"ocean_menu_typo_font_size_unit":"px","ocean_menu_typo_font_weight":"","ocean_menu_typo_font_weight_tablet":"","ocean_menu_typo_font_weight_mobile":"","ocean_menu_typo_transform":"","ocean_menu_typo_transform_tablet":"","ocean_menu_typo_transform_mobile":"","ocean_menu_typo_line_height":0,"ocean_menu_typo_line_height_tablet":0,"ocean_menu_typo_line_height_mobile":0,"ocean_menu_typo_line_height_unit":"","ocean_menu_typo_spacing":0,"ocean_menu_typo_spacing_tablet":0,"ocean_menu_typo_spacing_mobile":0,"ocean_menu_typo_spacing_unit":"","ocean_menu_link_color":"","ocean_menu_link_color_hover":"","ocean_menu_link_color_active":"","ocean_menu_link_background":"","ocean_menu_link_hover_background":"","ocean_menu_link_active_background":"","ocean_menu_social_links_bg":"","ocean_menu_social_hover_links_bg":"","ocean_menu_social_links_color":"","ocean_menu_social_hover_links_color":"","ocean_disable_title":"default","ocean_disable_heading":"default","ocean_post_title":"","ocean_post_subheading":"","ocean_post_title_style":"","ocean_post_title_background_color":"","ocean_post_title_background":0,"ocean_post_title_bg_image_position":"","ocean_post_title_bg_image_attachment":"","ocean_post_title_bg_image_repeat":"","ocean_post_title_bg_image_size":"","ocean_post_title_height":0,"ocean_post_title_bg_overlay":0.5,"ocean_post_title_bg_overlay_color":"","ocean_disable_breadcrumbs":"default","ocean_breadcrumbs_color":"","ocean_breadcrumbs_separator_color":"","ocean_breadcrumbs_links_color":"","ocean_breadcrumbs_links_hover_color":"","ocean_display_footer_widgets":"default","ocean_display_footer_bottom":"default","ocean_custom_footer_template":"0","ocean_post_oembed":"","ocean_post_self_hosted_media":"","ocean_post_video_embed":"","ocean_link_format":"","ocean_link_format_target":"self","ocean_quote_format":"","ocean_quote_format_link":"post","ocean_gallery_link_images":"off","ocean_gallery_id":[],"footnotes":""},"categories":[596,9],"tags":[659,573],"class_list":["post-1481","post","type-post","status-publish","format-standard","hentry","category-docente","category-projetos-de-pesquisa","tag-arquivo-eclesiastico","tag-universidade-de-brasilia-unb","entry"],"_links":{"self":[{"href":"https:\/\/www.ccsa.ufpb.br\/pesquisarquivistica\/wp-json\/wp\/v2\/posts\/1481","targetHints":{"allow":["GET"]}}],"collection":[{"href":"https:\/\/www.ccsa.ufpb.br\/pesquisarquivistica\/wp-json\/wp\/v2\/posts"}],"about":[{"href":"https:\/\/www.ccsa.ufpb.br\/pesquisarquivistica\/wp-json\/wp\/v2\/types\/post"}],"author":[{"embeddable":true,"href":"https:\/\/www.ccsa.ufpb.br\/pesquisarquivistica\/wp-json\/wp\/v2\/users\/5"}],"replies":[{"embeddable":true,"href":"https:\/\/www.ccsa.ufpb.br\/pesquisarquivistica\/wp-json\/wp\/v2\/comments?post=1481"}],"version-history":[{"count":2,"href":"https:\/\/www.ccsa.ufpb.br\/pesquisarquivistica\/wp-json\/wp\/v2\/posts\/1481\/revisions"}],"predecessor-version":[{"id":1499,"href":"https:\/\/www.ccsa.ufpb.br\/pesquisarquivistica\/wp-json\/wp\/v2\/posts\/1481\/revisions\/1499"}],"wp:attachment":[{"href":"https:\/\/www.ccsa.ufpb.br\/pesquisarquivistica\/wp-json\/wp\/v2\/media?parent=1481"}],"wp:term":[{"taxonomy":"category","embeddable":true,"href":"https:\/\/www.ccsa.ufpb.br\/pesquisarquivistica\/wp-json\/wp\/v2\/categories?post=1481"},{"taxonomy":"post_tag","embeddable":true,"href":"https:\/\/www.ccsa.ufpb.br\/pesquisarquivistica\/wp-json\/wp\/v2\/tags?post=1481"}],"curies":[{"name":"wp","href":"https:\/\/api.w.org\/{rel}","templated":true}]}}