{"id":1881,"date":"2021-10-09T14:28:13","date_gmt":"2021-10-09T17:28:13","guid":{"rendered":"http:\/\/www.ccsa.ufpb.br\/pesquisarquivistica\/?p=1881"},"modified":"2022-07-06T10:43:27","modified_gmt":"2022-07-06T13:43:27","slug":"o-acervo-em-marfim-luso-afro-oriental-no-brasil-pesquisa-introdutoria-nos-acervos-de-minas-gerais-2014-atual","status":"publish","type":"post","link":"https:\/\/www.ccsa.ufpb.br\/pesquisarquivistica\/o-acervo-em-marfim-luso-afro-oriental-no-brasil-pesquisa-introdutoria-nos-acervos-de-minas-gerais-2014-atual\/","title":{"rendered":"O ACERVO EM MARFIM LUSO-AFRO-ORIENTAL NO BRASIL: pesquisa introdut\u00f3ria nos acervos de Minas Gerais (2014-atual)"},"content":{"rendered":"\n<p> <a rel=\"noreferrer noopener\" href=\"http:\/\/lattes.cnpq.br\/4227034481540406\" data-type=\"URL\" data-id=\"http:\/\/lattes.cnpq.br\/4227034481540406\" target=\"_blank\">Yacy-Ara Froner Gon\u00e7alves<\/a>&#8211; Coordenador \/<a rel=\"noreferrer noopener\" href=\"http:\/\/lattes.cnpq.br\/3247370288714655\" data-type=\"URL\" data-id=\"http:\/\/lattes.cnpq.br\/3247370288714655\" target=\"_blank\">Ana Martins Panisset<\/a> <\/p>\n\n\n\n<p>Os acervos indo-afro-europeus em marfim no Brasil, com recorte em Minas Gerais, pouco estudados e com escassa documenta\u00e7\u00e3o de proced\u00eancia ou origem, \u00e9 o objeto da pesquisa apresentada. Esta imagin\u00e1ria em marfim, independentemente de se tratar de obras de arte de teor religioso ou laico objetos religiosos, de adorno, decorativos ou armas , \u00e9 gerada pela interpenetra\u00e7\u00e3o das culturas africanas, asi\u00e1ticas e portuguesa, manifestas nos seus aspectos formais, iconogr\u00e1ficos, pl\u00e1sticos, materiais, t\u00e9cnicos e funcionais. As atividades desenvolvidas t\u00eam por objetivo apoiar a pesquisa apresentada \u00e0 FAPEMIG como pesquisador mineiro e o projeto The Luso-African Ivories: Inventory, Written Sources, and the History of Production , uma parceria entre a UFMG, a Wesleyan University-USA e o Centro de Hist\u00f3ria da Universidade de Lisboa\/ FLUL.<\/p>\n","protected":false},"excerpt":{"rendered":"<p>Yacy-Ara Froner Gon\u00e7alves&#8211; Coordenador \/Ana Martins Panisset Os acervos indo-afro-europeus em marfim no Brasil, com recorte em Minas Gerais, pouco estudados e com escassa documenta\u00e7\u00e3o de proced\u00eancia ou origem, \u00e9 o objeto da pesquisa apresentada. Esta imagin\u00e1ria em marfim, independentemente de se tratar de obras de arte de teor religioso ou laico objetos religiosos, de [&hellip;]<\/p>\n","protected":false},"author":6,"featured_media":0,"comment_status":"open","ping_status":"open","sticky":false,"template":"","format":"standard","meta":{"ocean_post_layout":"","ocean_both_sidebars_style":"","ocean_both_sidebars_content_width":0,"ocean_both_sidebars_sidebars_width":0,"ocean_sidebar":"","ocean_second_sidebar":"","ocean_disable_margins":"enable","ocean_add_body_class":"","ocean_shortcode_before_top_bar":"","ocean_shortcode_after_top_bar":"","ocean_shortcode_before_header":"","ocean_shortcode_after_header":"","ocean_has_shortcode":"","ocean_shortcode_after_title":"","ocean_shortcode_before_footer_widgets":"","ocean_shortcode_after_footer_widgets":"","ocean_shortcode_before_footer_bottom":"","ocean_shortcode_after_footer_bottom":"","ocean_display_top_bar":"default","ocean_display_header":"default","ocean_header_style":"","ocean_center_header_left_menu":"","ocean_custom_header_template":"","ocean_custom_logo":0,"ocean_custom_retina_logo":0,"ocean_custom_logo_max_width":0,"ocean_custom_logo_tablet_max_width":0,"ocean_custom_logo_mobile_max_width":0,"ocean_custom_logo_max_height":0,"ocean_custom_logo_tablet_max_height":0,"ocean_custom_logo_mobile_max_height":0,"ocean_header_custom_menu":"","ocean_menu_typo_font_family":"","ocean_menu_typo_font_subset":"","ocean_menu_typo_font_size":0,"ocean_menu_typo_font_size_tablet":0,"ocean_menu_typo_font_size_mobile":0,"ocean_menu_typo_font_size_unit":"px","ocean_menu_typo_font_weight":"","ocean_menu_typo_font_weight_tablet":"","ocean_menu_typo_font_weight_mobile":"","ocean_menu_typo_transform":"","ocean_menu_typo_transform_tablet":"","ocean_menu_typo_transform_mobile":"","ocean_menu_typo_line_height":0,"ocean_menu_typo_line_height_tablet":0,"ocean_menu_typo_line_height_mobile":0,"ocean_menu_typo_line_height_unit":"","ocean_menu_typo_spacing":0,"ocean_menu_typo_spacing_tablet":0,"ocean_menu_typo_spacing_mobile":0,"ocean_menu_typo_spacing_unit":"","ocean_menu_link_color":"","ocean_menu_link_color_hover":"","ocean_menu_link_color_active":"","ocean_menu_link_background":"","ocean_menu_link_hover_background":"","ocean_menu_link_active_background":"","ocean_menu_social_links_bg":"","ocean_menu_social_hover_links_bg":"","ocean_menu_social_links_color":"","ocean_menu_social_hover_links_color":"","ocean_disable_title":"default","ocean_disable_heading":"default","ocean_post_title":"","ocean_post_subheading":"","ocean_post_title_style":"","ocean_post_title_background_color":"","ocean_post_title_background":0,"ocean_post_title_bg_image_position":"","ocean_post_title_bg_image_attachment":"","ocean_post_title_bg_image_repeat":"","ocean_post_title_bg_image_size":"","ocean_post_title_height":0,"ocean_post_title_bg_overlay":0.5,"ocean_post_title_bg_overlay_color":"","ocean_disable_breadcrumbs":"default","ocean_breadcrumbs_color":"","ocean_breadcrumbs_separator_color":"","ocean_breadcrumbs_links_color":"","ocean_breadcrumbs_links_hover_color":"","ocean_display_footer_widgets":"default","ocean_display_footer_bottom":"default","ocean_custom_footer_template":"","ocean_post_oembed":"","ocean_post_self_hosted_media":"","ocean_post_video_embed":"","ocean_link_format":"","ocean_link_format_target":"self","ocean_quote_format":"","ocean_quote_format_link":"post","ocean_gallery_link_images":"off","ocean_gallery_id":[],"footnotes":""},"categories":[596,9],"tags":[579],"class_list":["post-1881","post","type-post","status-publish","format-standard","hentry","category-docente","category-projetos-de-pesquisa","tag-universidade-federal-de-minas-gerais-ufmg","entry"],"_links":{"self":[{"href":"https:\/\/www.ccsa.ufpb.br\/pesquisarquivistica\/wp-json\/wp\/v2\/posts\/1881","targetHints":{"allow":["GET"]}}],"collection":[{"href":"https:\/\/www.ccsa.ufpb.br\/pesquisarquivistica\/wp-json\/wp\/v2\/posts"}],"about":[{"href":"https:\/\/www.ccsa.ufpb.br\/pesquisarquivistica\/wp-json\/wp\/v2\/types\/post"}],"author":[{"embeddable":true,"href":"https:\/\/www.ccsa.ufpb.br\/pesquisarquivistica\/wp-json\/wp\/v2\/users\/6"}],"replies":[{"embeddable":true,"href":"https:\/\/www.ccsa.ufpb.br\/pesquisarquivistica\/wp-json\/wp\/v2\/comments?post=1881"}],"version-history":[{"count":2,"href":"https:\/\/www.ccsa.ufpb.br\/pesquisarquivistica\/wp-json\/wp\/v2\/posts\/1881\/revisions"}],"predecessor-version":[{"id":1884,"href":"https:\/\/www.ccsa.ufpb.br\/pesquisarquivistica\/wp-json\/wp\/v2\/posts\/1881\/revisions\/1884"}],"wp:attachment":[{"href":"https:\/\/www.ccsa.ufpb.br\/pesquisarquivistica\/wp-json\/wp\/v2\/media?parent=1881"}],"wp:term":[{"taxonomy":"category","embeddable":true,"href":"https:\/\/www.ccsa.ufpb.br\/pesquisarquivistica\/wp-json\/wp\/v2\/categories?post=1881"},{"taxonomy":"post_tag","embeddable":true,"href":"https:\/\/www.ccsa.ufpb.br\/pesquisarquivistica\/wp-json\/wp\/v2\/tags?post=1881"}],"curies":[{"name":"wp","href":"https:\/\/api.w.org\/{rel}","templated":true}]}}