{"id":1887,"date":"2021-10-09T14:39:27","date_gmt":"2021-10-09T17:39:27","guid":{"rendered":"http:\/\/www.ccsa.ufpb.br\/pesquisarquivistica\/?p=1887"},"modified":"2025-04-17T14:43:22","modified_gmt":"2025-04-17T17:43:22","slug":"arquivo-pessoal-prof-roseni-sena-organizacao-preservacao-e-divulgacao","status":"publish","type":"post","link":"https:\/\/www.ccsa.ufpb.br\/pesquisarquivistica\/arquivo-pessoal-prof-roseni-sena-organizacao-preservacao-e-divulgacao\/","title":{"rendered":"ARQUIVO PESSOAL PROF. ROSENI SENA: organiza\u00e7\u00e3o, preserva\u00e7\u00e3o e divulga\u00e7\u00e3o (2017-2020)"},"content":{"rendered":"\n<p><a rel=\"noreferrer noopener\" href=\"http:\/\/lattes.cnpq.br\/9662960711845185\" data-type=\"URL\" data-id=\"http:\/\/lattes.cnpq.br\/9662960711845185\" target=\"_blank\">Rita de C\u00e1ssia Marques<\/a> &#8211; Coordenadora \/ <a rel=\"noreferrer noopener\" href=\"http:\/\/lattes.cnpq.br\/3247370288714655\" data-type=\"URL\" data-id=\"http:\/\/lattes.cnpq.br\/3247370288714655\" target=\"_blank\">Ana Martins Panisset<\/a> \/ <a href=\"http:\/\/lattes.cnpq.br\/2186094231736251\">Jos\u00e9 Francisco Guelfi Campos<\/a><\/p>\n\n\n\n<p>O Centro de Mem\u00f3ria da Escola de Enfermagem (CEMENF), integra a Rede de Museus desde 2005 e possui acervo variado sobre a Hist\u00f3ria da Enfermagem em Minas Gerais, composto de documenta\u00e7\u00e3o administrativa, depoimentos orais, material tridimensional e fotogr\u00e1fico. A documenta\u00e7\u00e3o se divide entre Escola de Enfermagem Carlos Chagas (1933-1968) e Escola de Enfermagem da UFMG de 1968, aos dias de hoje. Desde 2015 \u00e9 o local de guarda do arquivo institucional, que vem sendo organizado em parceria com a Diretoria de Arquivo (DIARQ- UFMG). O CEMENF esta diante de um novo desafio ? o da organiza\u00e7\u00e3o do arquivo pessoal da Profa. Roseni Sena ? doado pela fam\u00edlia, em dezembro de 2016. Professora em\u00e9rita de Escola de Enfermagem, ocupou diversos cargos na institui\u00e7\u00e3o, inclusive a dire\u00e7\u00e3o da Escola (1998-2002). Importante lideran\u00e7a da Enfermagem, realizou trabalhos ligados a forma\u00e7\u00e3o e capacita\u00e7\u00e3o de recursos humanos para sa\u00fade em todo a America Latina, levando o nome da Escola de Enfermagem da UFMG ao reconhecimento internacional. Foi diretora da Escola de Sa\u00fade de MG e do Instituto Inhotim. A doa\u00e7\u00e3o recebida \u00e9 composta de placas, medalhas, 35 pastas com comprovantes de curr\u00edculo entre 1975-2007, livros, fotos e diversos outros documentos como: relat\u00f3rios, aulas, apresenta\u00e7\u00f5es, discursos, folhetos e textos avulsos. E a primeira vez que o CEMENF recebe um conjunto de documentos t\u00e3o variado, fugindo ao costume de doa\u00e7\u00f5es de doa\u00e7\u00f5es isoladas, assim sendo ser\u00e1 tratado como a doa\u00e7\u00e3o inicial para a forma\u00e7\u00e3o dos ?Arquivos Pessoais de Professores?. O arquivo recebido tem import\u00e2ncia para o CEMENF, visto que oferece subs\u00eddios para pesquisas diversas como : Historia da Enfermagem, ensino de enfermagem, forma\u00e7\u00e3o e capacita\u00e7\u00e3o de recursos humanos em sa\u00fade, agencias internacionais de financiamento na \u00e1rea de sa\u00fade, pol\u00edticas de sa\u00fade, de inclus\u00e3o e de cidadania.A preserva\u00e7\u00e3o deste arquivo pessoal \u00e9 uma oportunidade para aplicar consagradas metodologias e ao mesmo tempo, por ser o primeiro, pode se submeter a testes de novas metodologias de organiza\u00e7\u00e3o, tratamento e sistematiza\u00e7\u00e3o de dados que servir\u00e3o de base para novos recolhimentos. A incorpora\u00e7\u00e3o deste arquivo pessoal tem potencial para gerar protocolos de procedimentos que possam ser testados, aprovados e consolidar o Centro de Mem\u00f3ria como um espa\u00e7o de mem\u00f3ria e n\u00e3o s\u00f3 de recolhimento compuls\u00f3rio pela institui\u00e7\u00e3o.<\/p>\n","protected":false},"excerpt":{"rendered":"<p>Rita de C\u00e1ssia Marques &#8211; Coordenadora \/ Ana Martins Panisset \/ Jos\u00e9 Francisco Guelfi Campos O Centro de Mem\u00f3ria da Escola de Enfermagem (CEMENF), integra a Rede de Museus desde 2005 e possui acervo variado sobre a Hist\u00f3ria da Enfermagem em Minas Gerais, composto de documenta\u00e7\u00e3o administrativa, depoimentos orais, material tridimensional e fotogr\u00e1fico. A documenta\u00e7\u00e3o [&hellip;]<\/p>\n","protected":false},"author":6,"featured_media":0,"comment_status":"open","ping_status":"open","sticky":false,"template":"","format":"standard","meta":{"ocean_post_layout":"","ocean_both_sidebars_style":"","ocean_both_sidebars_content_width":0,"ocean_both_sidebars_sidebars_width":0,"ocean_sidebar":"","ocean_second_sidebar":"","ocean_disable_margins":"enable","ocean_add_body_class":"","ocean_shortcode_before_top_bar":"","ocean_shortcode_after_top_bar":"","ocean_shortcode_before_header":"","ocean_shortcode_after_header":"","ocean_has_shortcode":"","ocean_shortcode_after_title":"","ocean_shortcode_before_footer_widgets":"","ocean_shortcode_after_footer_widgets":"","ocean_shortcode_before_footer_bottom":"","ocean_shortcode_after_footer_bottom":"","ocean_display_top_bar":"default","ocean_display_header":"default","ocean_header_style":"","ocean_center_header_left_menu":"","ocean_custom_header_template":"","ocean_custom_logo":0,"ocean_custom_retina_logo":0,"ocean_custom_logo_max_width":0,"ocean_custom_logo_tablet_max_width":0,"ocean_custom_logo_mobile_max_width":0,"ocean_custom_logo_max_height":0,"ocean_custom_logo_tablet_max_height":0,"ocean_custom_logo_mobile_max_height":0,"ocean_header_custom_menu":"","ocean_menu_typo_font_family":"","ocean_menu_typo_font_subset":"","ocean_menu_typo_font_size":0,"ocean_menu_typo_font_size_tablet":0,"ocean_menu_typo_font_size_mobile":0,"ocean_menu_typo_font_size_unit":"px","ocean_menu_typo_font_weight":"","ocean_menu_typo_font_weight_tablet":"","ocean_menu_typo_font_weight_mobile":"","ocean_menu_typo_transform":"","ocean_menu_typo_transform_tablet":"","ocean_menu_typo_transform_mobile":"","ocean_menu_typo_line_height":0,"ocean_menu_typo_line_height_tablet":0,"ocean_menu_typo_line_height_mobile":0,"ocean_menu_typo_line_height_unit":"","ocean_menu_typo_spacing":0,"ocean_menu_typo_spacing_tablet":0,"ocean_menu_typo_spacing_mobile":0,"ocean_menu_typo_spacing_unit":"","ocean_menu_link_color":"","ocean_menu_link_color_hover":"","ocean_menu_link_color_active":"","ocean_menu_link_background":"","ocean_menu_link_hover_background":"","ocean_menu_link_active_background":"","ocean_menu_social_links_bg":"","ocean_menu_social_hover_links_bg":"","ocean_menu_social_links_color":"","ocean_menu_social_hover_links_color":"","ocean_disable_title":"default","ocean_disable_heading":"default","ocean_post_title":"","ocean_post_subheading":"","ocean_post_title_style":"","ocean_post_title_background_color":"","ocean_post_title_background":0,"ocean_post_title_bg_image_position":"","ocean_post_title_bg_image_attachment":"","ocean_post_title_bg_image_repeat":"","ocean_post_title_bg_image_size":"","ocean_post_title_height":0,"ocean_post_title_bg_overlay":0.5,"ocean_post_title_bg_overlay_color":"","ocean_disable_breadcrumbs":"default","ocean_breadcrumbs_color":"","ocean_breadcrumbs_separator_color":"","ocean_breadcrumbs_links_color":"","ocean_breadcrumbs_links_hover_color":"","ocean_display_footer_widgets":"default","ocean_display_footer_bottom":"default","ocean_custom_footer_template":"","ocean_post_oembed":"","ocean_post_self_hosted_media":"","ocean_post_video_embed":"","ocean_link_format":"","ocean_link_format_target":"self","ocean_quote_format":"","ocean_quote_format_link":"post","ocean_gallery_link_images":"off","ocean_gallery_id":[],"footnotes":""},"categories":[596,1],"tags":[347,642,135,579],"class_list":["post-1887","post","type-post","status-publish","format-standard","hentry","category-docente","category-projetos-de-extensao","tag-arquivo-pessoal","tag-conservacao","tag-preservacao","tag-universidade-federal-de-minas-gerais-ufmg","entry"],"_links":{"self":[{"href":"https:\/\/www.ccsa.ufpb.br\/pesquisarquivistica\/wp-json\/wp\/v2\/posts\/1887","targetHints":{"allow":["GET"]}}],"collection":[{"href":"https:\/\/www.ccsa.ufpb.br\/pesquisarquivistica\/wp-json\/wp\/v2\/posts"}],"about":[{"href":"https:\/\/www.ccsa.ufpb.br\/pesquisarquivistica\/wp-json\/wp\/v2\/types\/post"}],"author":[{"embeddable":true,"href":"https:\/\/www.ccsa.ufpb.br\/pesquisarquivistica\/wp-json\/wp\/v2\/users\/6"}],"replies":[{"embeddable":true,"href":"https:\/\/www.ccsa.ufpb.br\/pesquisarquivistica\/wp-json\/wp\/v2\/comments?post=1887"}],"version-history":[{"count":5,"href":"https:\/\/www.ccsa.ufpb.br\/pesquisarquivistica\/wp-json\/wp\/v2\/posts\/1887\/revisions"}],"predecessor-version":[{"id":9606,"href":"https:\/\/www.ccsa.ufpb.br\/pesquisarquivistica\/wp-json\/wp\/v2\/posts\/1887\/revisions\/9606"}],"wp:attachment":[{"href":"https:\/\/www.ccsa.ufpb.br\/pesquisarquivistica\/wp-json\/wp\/v2\/media?parent=1887"}],"wp:term":[{"taxonomy":"category","embeddable":true,"href":"https:\/\/www.ccsa.ufpb.br\/pesquisarquivistica\/wp-json\/wp\/v2\/categories?post=1887"},{"taxonomy":"post_tag","embeddable":true,"href":"https:\/\/www.ccsa.ufpb.br\/pesquisarquivistica\/wp-json\/wp\/v2\/tags?post=1887"}],"curies":[{"name":"wp","href":"https:\/\/api.w.org\/{rel}","templated":true}]}}