{"id":2037,"date":"2021-10-10T20:43:52","date_gmt":"2021-10-10T23:43:52","guid":{"rendered":"http:\/\/www.ccsa.ufpb.br\/pesquisarquivistica\/?p=2037"},"modified":"2022-07-09T14:25:02","modified_gmt":"2022-07-09T17:25:02","slug":"historico-e-incorporacao-de-arquivos-pessoais-por-instituicoes-arquivisticas-publicas-na-cidade-do-rio-de-janeiro-2019-atual","status":"publish","type":"post","link":"https:\/\/www.ccsa.ufpb.br\/pesquisarquivistica\/historico-e-incorporacao-de-arquivos-pessoais-por-instituicoes-arquivisticas-publicas-na-cidade-do-rio-de-janeiro-2019-atual\/","title":{"rendered":"HIST\u00d3RICO E INCORPORA\u00c7\u00c3O DE ARQUIVOS PESSOAIS POR INSTITUI\u00c7\u00d5ES ARQUIV\u00cdSTICAS P\u00daBLICAS NA CIDADE DO RIO DE JANEIRO (2019-Atual)"},"content":{"rendered":"\n<p><a href=\"http:\/\/lattes.cnpq.br\/3330664202102987\" target=\"_blank\" rel=\"noreferrer noopener\">Renato Crivelli Duarte<\/a><\/p>\n\n\n\n<p>O projeto se prop\u00f5e a desenvolver um estudo do hist\u00f3rico de incorpora\u00e7\u00f5es de arquivos pessoais por institui\u00e7\u00f5es arquiv\u00edsticas p\u00fablicas na cidade do Rio de Janeiro. Toma-se como objeto de an\u00e1lise tr\u00eas institui\u00e7\u00f5es arquiv\u00edsticas p\u00fablicas em diferentes n\u00edveis de poder: Arquivo Nacional, Arquivo P\u00fablico do Estado do Rio de Janeiro e Arquivo Geral da Cidade do Rio de Janeiro. O objetivo desta pesquisa \u00e9 realizar um mapeamento do hist\u00f3rico de incorpora\u00e7\u00f5es de arquivos pessoais por estas institui\u00e7\u00f5es, como forma inicial de refletir sobre o lugar ocupado pelos arquivos pessoais na \u00e1rea dos arquivos no Brasil.<\/p>\n","protected":false},"excerpt":{"rendered":"<p>Renato Crivelli Duarte O projeto se prop\u00f5e a desenvolver um estudo do hist\u00f3rico de incorpora\u00e7\u00f5es de arquivos pessoais por institui\u00e7\u00f5es arquiv\u00edsticas p\u00fablicas na cidade do Rio de Janeiro. Toma-se como objeto de an\u00e1lise tr\u00eas institui\u00e7\u00f5es arquiv\u00edsticas p\u00fablicas em diferentes n\u00edveis de poder: Arquivo Nacional, Arquivo P\u00fablico do Estado do Rio de Janeiro e Arquivo Geral [&hellip;]<\/p>\n","protected":false},"author":5,"featured_media":0,"comment_status":"open","ping_status":"open","sticky":false,"template":"","format":"standard","meta":{"ocean_post_layout":"","ocean_both_sidebars_style":"","ocean_both_sidebars_content_width":0,"ocean_both_sidebars_sidebars_width":0,"ocean_sidebar":"0","ocean_second_sidebar":"0","ocean_disable_margins":"enable","ocean_add_body_class":"","ocean_shortcode_before_top_bar":"","ocean_shortcode_after_top_bar":"","ocean_shortcode_before_header":"","ocean_shortcode_after_header":"","ocean_has_shortcode":"","ocean_shortcode_after_title":"","ocean_shortcode_before_footer_widgets":"","ocean_shortcode_after_footer_widgets":"","ocean_shortcode_before_footer_bottom":"","ocean_shortcode_after_footer_bottom":"","ocean_display_top_bar":"default","ocean_display_header":"default","ocean_header_style":"","ocean_center_header_left_menu":"0","ocean_custom_header_template":"0","ocean_custom_logo":0,"ocean_custom_retina_logo":0,"ocean_custom_logo_max_width":0,"ocean_custom_logo_tablet_max_width":0,"ocean_custom_logo_mobile_max_width":0,"ocean_custom_logo_max_height":0,"ocean_custom_logo_tablet_max_height":0,"ocean_custom_logo_mobile_max_height":0,"ocean_header_custom_menu":"0","ocean_menu_typo_font_family":"0","ocean_menu_typo_font_subset":"","ocean_menu_typo_font_size":0,"ocean_menu_typo_font_size_tablet":0,"ocean_menu_typo_font_size_mobile":0,"ocean_menu_typo_font_size_unit":"px","ocean_menu_typo_font_weight":"","ocean_menu_typo_font_weight_tablet":"","ocean_menu_typo_font_weight_mobile":"","ocean_menu_typo_transform":"","ocean_menu_typo_transform_tablet":"","ocean_menu_typo_transform_mobile":"","ocean_menu_typo_line_height":0,"ocean_menu_typo_line_height_tablet":0,"ocean_menu_typo_line_height_mobile":0,"ocean_menu_typo_line_height_unit":"","ocean_menu_typo_spacing":0,"ocean_menu_typo_spacing_tablet":0,"ocean_menu_typo_spacing_mobile":0,"ocean_menu_typo_spacing_unit":"","ocean_menu_link_color":"","ocean_menu_link_color_hover":"","ocean_menu_link_color_active":"","ocean_menu_link_background":"","ocean_menu_link_hover_background":"","ocean_menu_link_active_background":"","ocean_menu_social_links_bg":"","ocean_menu_social_hover_links_bg":"","ocean_menu_social_links_color":"","ocean_menu_social_hover_links_color":"","ocean_disable_title":"default","ocean_disable_heading":"default","ocean_post_title":"","ocean_post_subheading":"","ocean_post_title_style":"","ocean_post_title_background_color":"","ocean_post_title_background":0,"ocean_post_title_bg_image_position":"","ocean_post_title_bg_image_attachment":"","ocean_post_title_bg_image_repeat":"","ocean_post_title_bg_image_size":"","ocean_post_title_height":0,"ocean_post_title_bg_overlay":0.5,"ocean_post_title_bg_overlay_color":"","ocean_disable_breadcrumbs":"default","ocean_breadcrumbs_color":"","ocean_breadcrumbs_separator_color":"","ocean_breadcrumbs_links_color":"","ocean_breadcrumbs_links_hover_color":"","ocean_display_footer_widgets":"default","ocean_display_footer_bottom":"default","ocean_custom_footer_template":"0","ocean_post_oembed":"","ocean_post_self_hosted_media":"","ocean_post_video_embed":"","ocean_link_format":"","ocean_link_format_target":"self","ocean_quote_format":"","ocean_quote_format_link":"post","ocean_gallery_link_images":"off","ocean_gallery_id":[],"footnotes":""},"categories":[596,9],"tags":[347,570],"class_list":["post-2037","post","type-post","status-publish","format-standard","hentry","category-docente","category-projetos-de-pesquisa","tag-arquivo-pessoal","tag-universidade-federal-do-estado-do-rio-de-janeiro-unirio","entry"],"_links":{"self":[{"href":"https:\/\/www.ccsa.ufpb.br\/pesquisarquivistica\/wp-json\/wp\/v2\/posts\/2037","targetHints":{"allow":["GET"]}}],"collection":[{"href":"https:\/\/www.ccsa.ufpb.br\/pesquisarquivistica\/wp-json\/wp\/v2\/posts"}],"about":[{"href":"https:\/\/www.ccsa.ufpb.br\/pesquisarquivistica\/wp-json\/wp\/v2\/types\/post"}],"author":[{"embeddable":true,"href":"https:\/\/www.ccsa.ufpb.br\/pesquisarquivistica\/wp-json\/wp\/v2\/users\/5"}],"replies":[{"embeddable":true,"href":"https:\/\/www.ccsa.ufpb.br\/pesquisarquivistica\/wp-json\/wp\/v2\/comments?post=2037"}],"version-history":[{"count":1,"href":"https:\/\/www.ccsa.ufpb.br\/pesquisarquivistica\/wp-json\/wp\/v2\/posts\/2037\/revisions"}],"predecessor-version":[{"id":2038,"href":"https:\/\/www.ccsa.ufpb.br\/pesquisarquivistica\/wp-json\/wp\/v2\/posts\/2037\/revisions\/2038"}],"wp:attachment":[{"href":"https:\/\/www.ccsa.ufpb.br\/pesquisarquivistica\/wp-json\/wp\/v2\/media?parent=2037"}],"wp:term":[{"taxonomy":"category","embeddable":true,"href":"https:\/\/www.ccsa.ufpb.br\/pesquisarquivistica\/wp-json\/wp\/v2\/categories?post=2037"},{"taxonomy":"post_tag","embeddable":true,"href":"https:\/\/www.ccsa.ufpb.br\/pesquisarquivistica\/wp-json\/wp\/v2\/tags?post=2037"}],"curies":[{"name":"wp","href":"https:\/\/api.w.org\/{rel}","templated":true}]}}