{"id":2045,"date":"2021-10-10T21:09:09","date_gmt":"2021-10-11T00:09:09","guid":{"rendered":"http:\/\/www.ccsa.ufpb.br\/pesquisarquivistica\/?p=2045"},"modified":"2025-04-11T21:57:21","modified_gmt":"2025-04-12T00:57:21","slug":"repressao-e-memoria-analise-das-politicas-de-aquisicao-para-arquivos-pessoais-2018-atual","status":"publish","type":"post","link":"https:\/\/www.ccsa.ufpb.br\/pesquisarquivistica\/repressao-e-memoria-analise-das-politicas-de-aquisicao-para-arquivos-pessoais-2018-atual\/","title":{"rendered":"REPRESS\u00c3O E MEM\u00d3RIA: an\u00e1lise das pol\u00edticas de aquisi\u00e7\u00e3o para arquivos pessoais (2018-2021)"},"content":{"rendered":"\n<p><a href=\"http:\/\/lattes.cnpq.br\/8774777542544081\" target=\"_blank\" rel=\"noreferrer noopener\">Patr\u00edcia Ladeira Penna Mac\u00eado<\/a><\/p>\n\n\n\n<p>Ap\u00f3s a vig\u00eancia de longos per\u00edodos de ditaduras militares, iniciam-se, em diversos pa\u00edses processos de justi\u00e7a transicional e de implementa\u00e7\u00e3o de pol\u00edticas de mem\u00f3ria. A cria\u00e7\u00e3o de arquivos e o recolhimento de fundos provenientes de institui\u00e7\u00f5es que formavam os aparatos repressivos e de organiza\u00e7\u00f5es de resist\u00eancia \u00e0 repress\u00e3o s\u00e3o pr\u00e1ticas fundamentais para subsidiar a justi\u00e7a transicional e as pol\u00edticas de mem\u00f3ria na regi\u00e3o. Nesse contexto, destacam-se tamb\u00e9m os arquivos provenientes de indiv\u00edduos que vivenciaram esse processo. A capacidade dos arquivos pessoais revelarem contextos sociais mais amplos a partir da consci\u00eancia de que um documento individual n\u00e3o \u00e9 somente portador de conte\u00fado privado, mas tamb\u00e9m, um reflexo hist\u00f3rico e coletivo \u00e9 parte deste projeto que visa identificar as institui\u00e7\u00f5es que possuem arquivos pessoais de contexto ditatoriais. Nosso objetivo nesta pesquisa \u00e9 analisar e compreender as pol\u00edticas de aquisi\u00e7\u00e3o de institui\u00e7\u00f5es p\u00fablicas para arquivos pessoais, de forma a afirmar a import\u00e2ncia desses instrumentos para a exist\u00eancia de acervos mais democr\u00e1ticos e que sirvam como ferramenta de entendimento do passado e interpreta\u00e7\u00e3o do presente.<\/p>\n","protected":false},"excerpt":{"rendered":"<p>Patr\u00edcia Ladeira Penna Mac\u00eado Ap\u00f3s a vig\u00eancia de longos per\u00edodos de ditaduras militares, iniciam-se, em diversos pa\u00edses processos de justi\u00e7a transicional e de implementa\u00e7\u00e3o de pol\u00edticas de mem\u00f3ria. A cria\u00e7\u00e3o de arquivos e o recolhimento de fundos provenientes de institui\u00e7\u00f5es que formavam os aparatos repressivos e de organiza\u00e7\u00f5es de resist\u00eancia \u00e0 repress\u00e3o s\u00e3o pr\u00e1ticas fundamentais [&hellip;]<\/p>\n","protected":false},"author":5,"featured_media":0,"comment_status":"open","ping_status":"open","sticky":false,"template":"","format":"standard","meta":{"ocean_post_layout":"","ocean_both_sidebars_style":"","ocean_both_sidebars_content_width":0,"ocean_both_sidebars_sidebars_width":0,"ocean_sidebar":"0","ocean_second_sidebar":"0","ocean_disable_margins":"enable","ocean_add_body_class":"","ocean_shortcode_before_top_bar":"","ocean_shortcode_after_top_bar":"","ocean_shortcode_before_header":"","ocean_shortcode_after_header":"","ocean_has_shortcode":"","ocean_shortcode_after_title":"","ocean_shortcode_before_footer_widgets":"","ocean_shortcode_after_footer_widgets":"","ocean_shortcode_before_footer_bottom":"","ocean_shortcode_after_footer_bottom":"","ocean_display_top_bar":"default","ocean_display_header":"default","ocean_header_style":"","ocean_center_header_left_menu":"0","ocean_custom_header_template":"0","ocean_custom_logo":0,"ocean_custom_retina_logo":0,"ocean_custom_logo_max_width":0,"ocean_custom_logo_tablet_max_width":0,"ocean_custom_logo_mobile_max_width":0,"ocean_custom_logo_max_height":0,"ocean_custom_logo_tablet_max_height":0,"ocean_custom_logo_mobile_max_height":0,"ocean_header_custom_menu":"0","ocean_menu_typo_font_family":"0","ocean_menu_typo_font_subset":"","ocean_menu_typo_font_size":0,"ocean_menu_typo_font_size_tablet":0,"ocean_menu_typo_font_size_mobile":0,"ocean_menu_typo_font_size_unit":"px","ocean_menu_typo_font_weight":"","ocean_menu_typo_font_weight_tablet":"","ocean_menu_typo_font_weight_mobile":"","ocean_menu_typo_transform":"","ocean_menu_typo_transform_tablet":"","ocean_menu_typo_transform_mobile":"","ocean_menu_typo_line_height":0,"ocean_menu_typo_line_height_tablet":0,"ocean_menu_typo_line_height_mobile":0,"ocean_menu_typo_line_height_unit":"","ocean_menu_typo_spacing":0,"ocean_menu_typo_spacing_tablet":0,"ocean_menu_typo_spacing_mobile":0,"ocean_menu_typo_spacing_unit":"","ocean_menu_link_color":"","ocean_menu_link_color_hover":"","ocean_menu_link_color_active":"","ocean_menu_link_background":"","ocean_menu_link_hover_background":"","ocean_menu_link_active_background":"","ocean_menu_social_links_bg":"","ocean_menu_social_hover_links_bg":"","ocean_menu_social_links_color":"","ocean_menu_social_hover_links_color":"","ocean_disable_title":"default","ocean_disable_heading":"default","ocean_post_title":"","ocean_post_subheading":"","ocean_post_title_style":"","ocean_post_title_background_color":"","ocean_post_title_background":0,"ocean_post_title_bg_image_position":"","ocean_post_title_bg_image_attachment":"","ocean_post_title_bg_image_repeat":"","ocean_post_title_bg_image_size":"","ocean_post_title_height":0,"ocean_post_title_bg_overlay":0.5,"ocean_post_title_bg_overlay_color":"","ocean_disable_breadcrumbs":"default","ocean_breadcrumbs_color":"","ocean_breadcrumbs_separator_color":"","ocean_breadcrumbs_links_color":"","ocean_breadcrumbs_links_hover_color":"","ocean_display_footer_widgets":"default","ocean_display_footer_bottom":"default","ocean_custom_footer_template":"0","ocean_post_oembed":"","ocean_post_self_hosted_media":"","ocean_post_video_embed":"","ocean_link_format":"","ocean_link_format_target":"self","ocean_quote_format":"","ocean_quote_format_link":"post","ocean_gallery_link_images":"off","ocean_gallery_id":[],"footnotes":""},"categories":[596,9],"tags":[347,136,570],"class_list":["post-2045","post","type-post","status-publish","format-standard","hentry","category-docente","category-projetos-de-pesquisa","tag-arquivo-pessoal","tag-memoria","tag-universidade-federal-do-estado-do-rio-de-janeiro-unirio","entry"],"_links":{"self":[{"href":"https:\/\/www.ccsa.ufpb.br\/pesquisarquivistica\/wp-json\/wp\/v2\/posts\/2045","targetHints":{"allow":["GET"]}}],"collection":[{"href":"https:\/\/www.ccsa.ufpb.br\/pesquisarquivistica\/wp-json\/wp\/v2\/posts"}],"about":[{"href":"https:\/\/www.ccsa.ufpb.br\/pesquisarquivistica\/wp-json\/wp\/v2\/types\/post"}],"author":[{"embeddable":true,"href":"https:\/\/www.ccsa.ufpb.br\/pesquisarquivistica\/wp-json\/wp\/v2\/users\/5"}],"replies":[{"embeddable":true,"href":"https:\/\/www.ccsa.ufpb.br\/pesquisarquivistica\/wp-json\/wp\/v2\/comments?post=2045"}],"version-history":[{"count":2,"href":"https:\/\/www.ccsa.ufpb.br\/pesquisarquivistica\/wp-json\/wp\/v2\/posts\/2045\/revisions"}],"predecessor-version":[{"id":9305,"href":"https:\/\/www.ccsa.ufpb.br\/pesquisarquivistica\/wp-json\/wp\/v2\/posts\/2045\/revisions\/9305"}],"wp:attachment":[{"href":"https:\/\/www.ccsa.ufpb.br\/pesquisarquivistica\/wp-json\/wp\/v2\/media?parent=2045"}],"wp:term":[{"taxonomy":"category","embeddable":true,"href":"https:\/\/www.ccsa.ufpb.br\/pesquisarquivistica\/wp-json\/wp\/v2\/categories?post=2045"},{"taxonomy":"post_tag","embeddable":true,"href":"https:\/\/www.ccsa.ufpb.br\/pesquisarquivistica\/wp-json\/wp\/v2\/tags?post=2045"}],"curies":[{"name":"wp","href":"https:\/\/api.w.org\/{rel}","templated":true}]}}