{"id":2475,"date":"2021-11-10T19:41:01","date_gmt":"2021-11-10T22:41:01","guid":{"rendered":"http:\/\/www.ccsa.ufpb.br\/pesquisarquivistica\/?p=2475"},"modified":"2023-06-04T16:25:24","modified_gmt":"2023-06-04T19:25:24","slug":"zonas-interdisciplinares-entre-arquivologia-e-ciencia-da-informacao-cartografia-das-praticas-discursiva-2009","status":"publish","type":"post","link":"https:\/\/www.ccsa.ufpb.br\/pesquisarquivistica\/zonas-interdisciplinares-entre-arquivologia-e-ciencia-da-informacao-cartografia-das-praticas-discursiva-2009\/","title":{"rendered":"ZONAS INTERDISCIPLINARES ENTRE ARQUIVOLOGIA E CI\u00caNCIA DA INFORMA\u00c7\u00c3O: cartografia das praticas discursivas (2009)"},"content":{"rendered":"\n<p><a href=\"http:\/\/lattes.cnpq.br\/9453097597745835\" target=\"_blank\" rel=\"noreferrer noopener\">Welder Ant\u00f4nio Silva<\/a><\/p>\n\n\n\n<p>Esta pesquisa tem como objeto de estudo as zonas interdisciplinares entre a Arquivologia e a<br>Ci\u00eancia da Informa\u00e7\u00e3o e, consequentemente, como estas se manifestam nas pr\u00e1ticas<br>discursivas dos docentes de Arquivologia no Brasil, diante do surgimento de reflex\u00f5es<br>envolvendo os horizontes cient\u00edficos e epistemol\u00f3gicos da Arquivologia, o seu l\u00f3cus de<br>produ\u00e7\u00e3o de conhecimento, a defini\u00e7\u00e3o e o alargamento das suas fronteiras e dos seus marcos<br>interdisciplinares e a incorpora\u00e7\u00e3o do fen\u00f4meno informacional arquiv\u00edstico. Para tanto, foram<br>considerados os seguintes pressupostos: (I) o desenvolvimento do ensino deve ser<br>considerado como um dos sinais do avan\u00e7o e de renova\u00e7\u00e3o de um campo do conhecimento;<br>(II) no cerne do conhecimento de um campo cient\u00edfico, existe uma rela\u00e7\u00e3o entre linguagem e<br>processos informacionais, a qual acontece nos dom\u00ednios de outra rela\u00e7\u00e3o de interdepend\u00eancia o sujeito e o seu meio sociocultural (um universo pr\u00e1tico-discursivo dotado de regras, de<br>interpreta\u00e7\u00f5es e de significados, que especificam os contextos onde as informa\u00e7\u00f5es e<br>conhecimentos adquirem sentidos). Tamb\u00e9m foram considerados: (1) algumas quest\u00f5es<br>hist\u00f3ricas e epistemol\u00f3gicas referentes \u00e0 Ci\u00eancia da Informa\u00e7\u00e3o e \u00e0 Arquivologia, (2) as<br>rela\u00e7\u00f5es de di\u00e1logos e fronteiras entre ambas, (3) o hist\u00f3rico dos Cursos de Arquivologia no<br>Brasil, (4) algumas considera\u00e7\u00f5es a respeito dos docentes de Arquivologia na atualidade<br>(forma\u00e7\u00e3o, titula\u00e7\u00e3o e mapeamento parcial da produ\u00e7\u00e3o de conhecimento dos mesmos em<br>peri\u00f3dicos especializados nacionais), bem como (5) algumas estrat\u00e9gias conceituais e<br>procedimentais quanto ao conceito de interdisciplinaridade, \u00e0 pesquisa social nas Ci\u00eancias<br>Sociais e quanto ao contexto de a\u00e7\u00e3o dos sujeitos. Como resultado, foi poss\u00edvel construir uma<br>cartografia indicativa de zonas interdisciplinares entre Arquivologia e a Ci\u00eancia da<br>Informa\u00e7\u00e3o, pautada nas pr\u00e1ticas discursivas dos docentes de Arquivologia da Universidade<br>Federal do Estado do Rio de Janeiro (UNIRIO).<\/p>\n\n\n\n<p><\/p>\n\n\n\n<p>Texto completo dispon\u00edvel em: <a href=\"http:\/\/welder.eci.ufmg.br\/wp-content\/uploads\/2014\/08\/Disserta%C3%A7%C3%A3o-Welder-Ant%C3%B4nio-Silva-PPGCI-UFF-IBICT.pdf\" target=\"_blank\" rel=\"noreferrer noopener\">http:\/\/welder.eci.ufmg.br\/wp-content\/uploads\/2014\/08\/Disserta%C3%A7%C3%A3o-Welder-Ant%C3%B4nio-Silva-PPGCI-UFF-IBICT.pdf<\/a><\/p>\n","protected":false},"excerpt":{"rendered":"<p>Welder Ant\u00f4nio Silva Esta pesquisa tem como objeto de estudo as zonas interdisciplinares entre a Arquivologia e aCi\u00eancia da Informa\u00e7\u00e3o e, consequentemente, como estas se manifestam nas pr\u00e1ticasdiscursivas dos docentes de Arquivologia no Brasil, diante do surgimento de reflex\u00f5esenvolvendo os horizontes cient\u00edficos e epistemol\u00f3gicos da Arquivologia, o seu l\u00f3cus deprodu\u00e7\u00e3o de conhecimento, a defini\u00e7\u00e3o e [&hellip;]<\/p>\n","protected":false},"author":5,"featured_media":0,"comment_status":"open","ping_status":"open","sticky":false,"template":"","format":"standard","meta":{"ocean_post_layout":"","ocean_both_sidebars_style":"","ocean_both_sidebars_content_width":0,"ocean_both_sidebars_sidebars_width":0,"ocean_sidebar":"0","ocean_second_sidebar":"0","ocean_disable_margins":"enable","ocean_add_body_class":"","ocean_shortcode_before_top_bar":"","ocean_shortcode_after_top_bar":"","ocean_shortcode_before_header":"","ocean_shortcode_after_header":"","ocean_has_shortcode":"","ocean_shortcode_after_title":"","ocean_shortcode_before_footer_widgets":"","ocean_shortcode_after_footer_widgets":"","ocean_shortcode_before_footer_bottom":"","ocean_shortcode_after_footer_bottom":"","ocean_display_top_bar":"default","ocean_display_header":"default","ocean_header_style":"","ocean_center_header_left_menu":"0","ocean_custom_header_template":"0","ocean_custom_logo":0,"ocean_custom_retina_logo":0,"ocean_custom_logo_max_width":0,"ocean_custom_logo_tablet_max_width":0,"ocean_custom_logo_mobile_max_width":0,"ocean_custom_logo_max_height":0,"ocean_custom_logo_tablet_max_height":0,"ocean_custom_logo_mobile_max_height":0,"ocean_header_custom_menu":"0","ocean_menu_typo_font_family":"0","ocean_menu_typo_font_subset":"","ocean_menu_typo_font_size":0,"ocean_menu_typo_font_size_tablet":0,"ocean_menu_typo_font_size_mobile":0,"ocean_menu_typo_font_size_unit":"px","ocean_menu_typo_font_weight":"","ocean_menu_typo_font_weight_tablet":"","ocean_menu_typo_font_weight_mobile":"","ocean_menu_typo_transform":"","ocean_menu_typo_transform_tablet":"","ocean_menu_typo_transform_mobile":"","ocean_menu_typo_line_height":0,"ocean_menu_typo_line_height_tablet":0,"ocean_menu_typo_line_height_mobile":0,"ocean_menu_typo_line_height_unit":"","ocean_menu_typo_spacing":0,"ocean_menu_typo_spacing_tablet":0,"ocean_menu_typo_spacing_mobile":0,"ocean_menu_typo_spacing_unit":"","ocean_menu_link_color":"","ocean_menu_link_color_hover":"","ocean_menu_link_color_active":"","ocean_menu_link_background":"","ocean_menu_link_hover_background":"","ocean_menu_link_active_background":"","ocean_menu_social_links_bg":"","ocean_menu_social_hover_links_bg":"","ocean_menu_social_links_color":"","ocean_menu_social_hover_links_color":"","ocean_disable_title":"default","ocean_disable_heading":"default","ocean_post_title":"","ocean_post_subheading":"","ocean_post_title_style":"","ocean_post_title_background_color":"","ocean_post_title_background":0,"ocean_post_title_bg_image_position":"","ocean_post_title_bg_image_attachment":"","ocean_post_title_bg_image_repeat":"","ocean_post_title_bg_image_size":"","ocean_post_title_height":0,"ocean_post_title_bg_overlay":0.5,"ocean_post_title_bg_overlay_color":"","ocean_disable_breadcrumbs":"default","ocean_breadcrumbs_color":"","ocean_breadcrumbs_separator_color":"","ocean_breadcrumbs_links_color":"","ocean_breadcrumbs_links_hover_color":"","ocean_display_footer_widgets":"default","ocean_display_footer_bottom":"default","ocean_custom_footer_template":"0","ocean_post_oembed":"","ocean_post_self_hosted_media":"","ocean_post_video_embed":"","ocean_link_format":"","ocean_link_format_target":"self","ocean_quote_format":"","ocean_quote_format_link":"post","ocean_gallery_link_images":"off","ocean_gallery_id":[],"footnotes":""},"categories":[314,596],"tags":[415,144,558],"class_list":["post-2475","post","type-post","status-publish","format-standard","hentry","category-dissertacoes","category-docente","tag-epistemologia","tag-interdisciplinaridade","tag-universidade-federal-fluminense-uff","entry"],"_links":{"self":[{"href":"https:\/\/www.ccsa.ufpb.br\/pesquisarquivistica\/wp-json\/wp\/v2\/posts\/2475","targetHints":{"allow":["GET"]}}],"collection":[{"href":"https:\/\/www.ccsa.ufpb.br\/pesquisarquivistica\/wp-json\/wp\/v2\/posts"}],"about":[{"href":"https:\/\/www.ccsa.ufpb.br\/pesquisarquivistica\/wp-json\/wp\/v2\/types\/post"}],"author":[{"embeddable":true,"href":"https:\/\/www.ccsa.ufpb.br\/pesquisarquivistica\/wp-json\/wp\/v2\/users\/5"}],"replies":[{"embeddable":true,"href":"https:\/\/www.ccsa.ufpb.br\/pesquisarquivistica\/wp-json\/wp\/v2\/comments?post=2475"}],"version-history":[{"count":4,"href":"https:\/\/www.ccsa.ufpb.br\/pesquisarquivistica\/wp-json\/wp\/v2\/posts\/2475\/revisions"}],"predecessor-version":[{"id":4570,"href":"https:\/\/www.ccsa.ufpb.br\/pesquisarquivistica\/wp-json\/wp\/v2\/posts\/2475\/revisions\/4570"}],"wp:attachment":[{"href":"https:\/\/www.ccsa.ufpb.br\/pesquisarquivistica\/wp-json\/wp\/v2\/media?parent=2475"}],"wp:term":[{"taxonomy":"category","embeddable":true,"href":"https:\/\/www.ccsa.ufpb.br\/pesquisarquivistica\/wp-json\/wp\/v2\/categories?post=2475"},{"taxonomy":"post_tag","embeddable":true,"href":"https:\/\/www.ccsa.ufpb.br\/pesquisarquivistica\/wp-json\/wp\/v2\/tags?post=2475"}],"curies":[{"name":"wp","href":"https:\/\/api.w.org\/{rel}","templated":true}]}}