{"id":2567,"date":"2021-11-22T14:25:31","date_gmt":"2021-11-22T17:25:31","guid":{"rendered":"http:\/\/www.ccsa.ufpb.br\/pesquisarquivistica\/?p=2567"},"modified":"2025-04-12T14:55:40","modified_gmt":"2025-04-12T17:55:40","slug":"acervo-digital-da-cultura-parintintin-do-amazonas-o-museu-do-indio-e-as-politicas-publicas-de-patrimonio-e-memoria-indigenas-2013","status":"publish","type":"post","link":"https:\/\/www.ccsa.ufpb.br\/pesquisarquivistica\/acervo-digital-da-cultura-parintintin-do-amazonas-o-museu-do-indio-e-as-politicas-publicas-de-patrimonio-e-memoria-indigenas-2013\/","title":{"rendered":"ACERVO DIGITAL DA CULTURA PARINTINTIN DO AMAZONAS: O Museu do \u00cdndio e as pol\u00edticas p\u00fablicas de patrim\u00f4nio e mem\u00f3ria ind\u00edgenas (2013)"},"content":{"rendered":"\n<p><a href=\"http:\/\/lattes.cnpq.br\/1441843869511009\" target=\"_blank\" rel=\"noreferrer noopener\">Fl\u00e1vio Leal da Silva<\/a><\/p>\n\n\n\n<p>Esta tese, desenvolvida no Programa de P\u00f3s-Gradua\u00e7\u00e3o em Mem\u00f3ria Social da Universidade do Estado do Rio de Janeiro, analisa a mem\u00f3ria social por meio da doa\u00e7\u00e3o de documentos digitalizados que resultaram de um Acordo T\u00e9cnico de Coopera\u00e7\u00e3o firmado entre o Museu do \u00cdndio e os parintintinos. Nossa proposta consistiu em analisar as m\u00eddias materiais da mem\u00f3ria social, em particular os registros documentais digitalizados para doa\u00e7\u00e3o, discutindo o entendimento de que, sendo os ind\u00edgenas uma sociedade predominantemente oral, eles n\u00e3o teriam tais documentos, sentidos em suas pr\u00e1ticas culturais. Para a realiza\u00e7\u00e3o de nossa pesquisa, inicialmente analisamos as no\u00e7\u00f5es de cole\u00e7\u00e3o, questionando-as a partir das tens\u00f5es decorrentes dos espa\u00e7os que ocupam, sejam eles p\u00fablicos ou privados, como as transfer\u00eancias neste contexto. Reconhecendo as for\u00e7as simb\u00f3licas que envolvem (ou podem evoluir) os documentos de arquivo e outros documentos, procedemos \u00e0 an\u00e1lise da sua import\u00e2ncia na formata\u00e7\u00e3o dos territ\u00f3rios, culturas e mem\u00f3ria social. Fizemos isso em um di\u00e1logo sobre o processo de demarca\u00e7\u00e3o das terras ind\u00edgenas de Parintintin, o que definiu o espa\u00e7o que esses povos poderiam usar para dar continuidade \u00e0s suas pr\u00e1ticas culturais. A partir do que chamamos de \u201ctrama de conceitos\u201d, que sustenta essa discuss\u00e3o sobre territ\u00f3rio, cultura e mem\u00f3ria social a partir de documentos como processos administrativos e judiciais de demarca\u00e7\u00e3o de terras ind\u00edgenas, utilizamos alguns te\u00f3ricos da \u00e1rea que nos permitem justificar. a escolha pela discuss\u00e3o sobre as bases materiais da mem\u00f3ria social. Essa reflex\u00e3o \u00e9 mantida a partir do Acordo T\u00e9cnico de Coopera\u00e7\u00e3o e verificada sobre o Museu do \u00cdndio, nosso principal objeto de estudo, na medida em que uma modalidade de trocas que, na opini\u00e3o de Marcel Mauss, implica em obriga\u00e7\u00f5es diferenciadas entre as pessoas envolvidas no processo. Assim, criamos uma breve historicidade sobre o Museu do \u00cdndio, focalizando sua voca\u00e7\u00e3o como \u201cLugar de Mem\u00f3ria\u201d que o \u201cqualifica\u201d como poss\u00edvel doador de mem\u00f3rias. Esse processo de doa\u00e7\u00e3o &#8220;dos brancos aos \u00edndios&#8221; da &#8220;COLE\u00c7\u00c3O DIGITAL DA CULTURA DE PARINTINTIN&#8221;, que parece confirmar essa credencial, n\u00e3o ignora os Parintintin como sujeitos pol\u00edticos, mas pretende incorpor\u00e1-los nas reflex\u00f5es sobre os problemas. identificados na doa\u00e7\u00e3o, lutando na proposi\u00e7\u00e3o de alternativas que possam contribuir no fortalecimento dos resultados propostos pelas partes envolvidas n\u00e3o apenas na \u201cdoa\u00e7\u00e3o, mas principalmente no termo de coopera\u00e7\u00e3o firmado.<\/p>\n\n\n\n<p>Texto completo dispon\u00edvel em: <a href=\"http:\/\/www.repositorio-bc.unirio.br:8080\/xmlui\/bitstream\/handle\/unirio\/12359\/TESE%20VERS%c3%83O%20FINAL%20DEFESA.pdf?sequence=1&amp;isAllowed=y\" target=\"_blank\" rel=\"noreferrer noopener\">http:\/\/www.repositorio-bc.unirio.br:8080\/xmlui\/bitstream\/handle\/unirio\/12359\/TESE%20VERS%c3%83O%20FINAL%20DEFESA.pdf?sequence=1&amp;isAllowed=y<\/a><\/p>\n","protected":false},"excerpt":{"rendered":"<p>Fl\u00e1vio Leal da Silva Esta tese, desenvolvida no Programa de P\u00f3s-Gradua\u00e7\u00e3o em Mem\u00f3ria Social da Universidade do Estado do Rio de Janeiro, analisa a mem\u00f3ria social por meio da doa\u00e7\u00e3o de documentos digitalizados que resultaram de um Acordo T\u00e9cnico de Coopera\u00e7\u00e3o firmado entre o Museu do \u00cdndio e os parintintinos. Nossa proposta consistiu em analisar [&hellip;]<\/p>\n","protected":false},"author":6,"featured_media":0,"comment_status":"open","ping_status":"open","sticky":false,"template":"","format":"standard","meta":{"ocean_post_layout":"","ocean_both_sidebars_style":"","ocean_both_sidebars_content_width":0,"ocean_both_sidebars_sidebars_width":0,"ocean_sidebar":"","ocean_second_sidebar":"","ocean_disable_margins":"enable","ocean_add_body_class":"","ocean_shortcode_before_top_bar":"","ocean_shortcode_after_top_bar":"","ocean_shortcode_before_header":"","ocean_shortcode_after_header":"","ocean_has_shortcode":"","ocean_shortcode_after_title":"","ocean_shortcode_before_footer_widgets":"","ocean_shortcode_after_footer_widgets":"","ocean_shortcode_before_footer_bottom":"","ocean_shortcode_after_footer_bottom":"","ocean_display_top_bar":"default","ocean_display_header":"default","ocean_header_style":"","ocean_center_header_left_menu":"","ocean_custom_header_template":"","ocean_custom_logo":0,"ocean_custom_retina_logo":0,"ocean_custom_logo_max_width":0,"ocean_custom_logo_tablet_max_width":0,"ocean_custom_logo_mobile_max_width":0,"ocean_custom_logo_max_height":0,"ocean_custom_logo_tablet_max_height":0,"ocean_custom_logo_mobile_max_height":0,"ocean_header_custom_menu":"","ocean_menu_typo_font_family":"","ocean_menu_typo_font_subset":"","ocean_menu_typo_font_size":0,"ocean_menu_typo_font_size_tablet":0,"ocean_menu_typo_font_size_mobile":0,"ocean_menu_typo_font_size_unit":"px","ocean_menu_typo_font_weight":"","ocean_menu_typo_font_weight_tablet":"","ocean_menu_typo_font_weight_mobile":"","ocean_menu_typo_transform":"","ocean_menu_typo_transform_tablet":"","ocean_menu_typo_transform_mobile":"","ocean_menu_typo_line_height":0,"ocean_menu_typo_line_height_tablet":0,"ocean_menu_typo_line_height_mobile":0,"ocean_menu_typo_line_height_unit":"","ocean_menu_typo_spacing":0,"ocean_menu_typo_spacing_tablet":0,"ocean_menu_typo_spacing_mobile":0,"ocean_menu_typo_spacing_unit":"","ocean_menu_link_color":"","ocean_menu_link_color_hover":"","ocean_menu_link_color_active":"","ocean_menu_link_background":"","ocean_menu_link_hover_background":"","ocean_menu_link_active_background":"","ocean_menu_social_links_bg":"","ocean_menu_social_hover_links_bg":"","ocean_menu_social_links_color":"","ocean_menu_social_hover_links_color":"","ocean_disable_title":"default","ocean_disable_heading":"default","ocean_post_title":"","ocean_post_subheading":"","ocean_post_title_style":"","ocean_post_title_background_color":"","ocean_post_title_background":0,"ocean_post_title_bg_image_position":"","ocean_post_title_bg_image_attachment":"","ocean_post_title_bg_image_repeat":"","ocean_post_title_bg_image_size":"","ocean_post_title_height":0,"ocean_post_title_bg_overlay":0.5,"ocean_post_title_bg_overlay_color":"","ocean_disable_breadcrumbs":"default","ocean_breadcrumbs_color":"","ocean_breadcrumbs_separator_color":"","ocean_breadcrumbs_links_color":"","ocean_breadcrumbs_links_hover_color":"","ocean_display_footer_widgets":"default","ocean_display_footer_bottom":"default","ocean_custom_footer_template":"","ocean_post_oembed":"","ocean_post_self_hosted_media":"","ocean_post_video_embed":"","ocean_link_format":"","ocean_link_format_target":"self","ocean_quote_format":"","ocean_quote_format_link":"post","ocean_gallery_link_images":"off","ocean_gallery_id":[],"footnotes":""},"categories":[596,313],"tags":[690,136,1065,137,135,570],"class_list":["post-2567","post","type-post","status-publish","format-standard","hentry","category-docente","category-teses","tag-acervo-digital","tag-memoria","tag-museu-do-indio","tag-patrimonio","tag-preservacao","tag-universidade-federal-do-estado-do-rio-de-janeiro-unirio","entry"],"_links":{"self":[{"href":"https:\/\/www.ccsa.ufpb.br\/pesquisarquivistica\/wp-json\/wp\/v2\/posts\/2567","targetHints":{"allow":["GET"]}}],"collection":[{"href":"https:\/\/www.ccsa.ufpb.br\/pesquisarquivistica\/wp-json\/wp\/v2\/posts"}],"about":[{"href":"https:\/\/www.ccsa.ufpb.br\/pesquisarquivistica\/wp-json\/wp\/v2\/types\/post"}],"author":[{"embeddable":true,"href":"https:\/\/www.ccsa.ufpb.br\/pesquisarquivistica\/wp-json\/wp\/v2\/users\/6"}],"replies":[{"embeddable":true,"href":"https:\/\/www.ccsa.ufpb.br\/pesquisarquivistica\/wp-json\/wp\/v2\/comments?post=2567"}],"version-history":[{"count":2,"href":"https:\/\/www.ccsa.ufpb.br\/pesquisarquivistica\/wp-json\/wp\/v2\/posts\/2567\/revisions"}],"predecessor-version":[{"id":9329,"href":"https:\/\/www.ccsa.ufpb.br\/pesquisarquivistica\/wp-json\/wp\/v2\/posts\/2567\/revisions\/9329"}],"wp:attachment":[{"href":"https:\/\/www.ccsa.ufpb.br\/pesquisarquivistica\/wp-json\/wp\/v2\/media?parent=2567"}],"wp:term":[{"taxonomy":"category","embeddable":true,"href":"https:\/\/www.ccsa.ufpb.br\/pesquisarquivistica\/wp-json\/wp\/v2\/categories?post=2567"},{"taxonomy":"post_tag","embeddable":true,"href":"https:\/\/www.ccsa.ufpb.br\/pesquisarquivistica\/wp-json\/wp\/v2\/tags?post=2567"}],"curies":[{"name":"wp","href":"https:\/\/api.w.org\/{rel}","templated":true}]}}