{"id":2579,"date":"2021-11-22T14:52:39","date_gmt":"2021-11-22T17:52:39","guid":{"rendered":"http:\/\/www.ccsa.ufpb.br\/pesquisarquivistica\/?p=2579"},"modified":"2025-04-12T15:21:39","modified_gmt":"2025-04-12T18:21:39","slug":"a-mediacao-da-informacao-na-teoria-arquivistica-2015","status":"publish","type":"post","link":"https:\/\/www.ccsa.ufpb.br\/pesquisarquivistica\/a-mediacao-da-informacao-na-teoria-arquivistica-2015\/","title":{"rendered":"A MEDIA\u00c7\u00c3O DA INFORMA\u00c7\u00c3O NA TEORIA ARQUIV\u00cdSTICA (2015)"},"content":{"rendered":"\n<p><a href=\"http:\/\/lattes.cnpq.br\/6155301215674644\" target=\"_blank\" rel=\"noreferrer noopener\">Mariana Lousada<\/a><\/p>\n\n\n\n<p>Este estudo tem como proposi\u00e7\u00e3o a identifica\u00e7\u00e3o e an\u00e1lise cr\u00edtica das correntes te\u00f3ricas que comp\u00f5em o pensamento arquiv\u00edstico, buscando discutir o desenvolvimento hist\u00f3rico e epistemol\u00f3gico de tais correntes, por meio da compara\u00e7\u00e3o e confronto de seus conceitos principais para assim compreender e tecer rela\u00e7\u00f5es com a Media\u00e7\u00e3o da Informa\u00e7\u00e3o. Haja vista que n\u00e3o h\u00e1 incid\u00eancia de estudos que relacionem a Media\u00e7\u00e3o da Informa\u00e7\u00e3o sob a perspectiva dos fundamentos da teoria Arquiv\u00edstica e da Ci\u00eancia da Informa\u00e7\u00e3o na literatura brasileira. Sendo assim, a quest\u00e3o problema \u00e9: Como a media\u00e7\u00e3o da informa\u00e7\u00e3o \u00e9 compreendida nas correntes te\u00f3ricas arquiv\u00edsticas? Destaca-se que a problem\u00e1tica abordada tamb\u00e9m envolve questionamentos complementares como: A teoria Arquiv\u00edstica oferece fundamentos consolidados que possam subsidiar discuss\u00f5es relacionadas \u00e0 Media\u00e7\u00e3o da Informa\u00e7\u00e3o? Quais s\u00e3o as correntes te\u00f3ricas que consideram relevante a media\u00e7\u00e3o da informa\u00e7\u00e3o? A metodologia adotada est\u00e1 fundamentada em uma abordagem epistemol\u00f3gica, ou seja, an\u00e1lise conceitual dos aspectos envolvidos objetivando contribuir \u00e0 melhor compreens\u00e3o do tema. O desenvolvimento e a consolida\u00e7\u00e3o da teoria arquiv\u00edstica podem ser considerados recentes quando comparado a outras ci\u00eancias tamb\u00e9m de car\u00e1ter social, isto se deve em grande parte, pelo fato de ter sido fundamentada em um conjunto de pr\u00e1ticas profissionais bastante espec\u00edficas &#8211; a organiza\u00e7\u00e3o e gest\u00e3o de arquivos. Portanto, considera-se que discuss\u00f5es te\u00f3ricas s\u00e3o fundamentais para o seu amadurecimento, pois visam suprir lacunas conceituais. Considera-se a partir das an\u00e1lises realizadas que h\u00e1 uma aus\u00eancia de discuss\u00f5es, no entanto \u00e9 n\u00edtido que a Media\u00e7\u00e3o da Informa\u00e7\u00e3o encontra-se presente em diversos momentos das pr\u00e1ticas profissionais arquiv\u00edsticas, desde a produ\u00e7\u00e3o destina\u00e7\u00e3o final dos documentos e concretiza-se no momento do acesso do usu\u00e1rio.<\/p>\n\n\n\n<p>Texto completo dispon\u00edvel em: <a href=\"https:\/\/repositorio.unesp.br\/bitstream\/handle\/11449\/124379\/000838461.pdf?sequence=1&amp;isAllowed=y\" target=\"_blank\" rel=\"noreferrer noopener\">https:\/\/repositorio.unesp.br\/bitstream\/handle\/11449\/124379\/000838461.pdf?sequence=1&amp;isAllowed=y<\/a><\/p>\n","protected":false},"excerpt":{"rendered":"<p>Mariana Lousada Este estudo tem como proposi\u00e7\u00e3o a identifica\u00e7\u00e3o e an\u00e1lise cr\u00edtica das correntes te\u00f3ricas que comp\u00f5em o pensamento arquiv\u00edstico, buscando discutir o desenvolvimento hist\u00f3rico e epistemol\u00f3gico de tais correntes, por meio da compara\u00e7\u00e3o e confronto de seus conceitos principais para assim compreender e tecer rela\u00e7\u00f5es com a Media\u00e7\u00e3o da Informa\u00e7\u00e3o. Haja vista que n\u00e3o [&hellip;]<\/p>\n","protected":false},"author":6,"featured_media":0,"comment_status":"open","ping_status":"open","sticky":false,"template":"","format":"standard","meta":{"ocean_post_layout":"","ocean_both_sidebars_style":"","ocean_both_sidebars_content_width":0,"ocean_both_sidebars_sidebars_width":0,"ocean_sidebar":"","ocean_second_sidebar":"","ocean_disable_margins":"enable","ocean_add_body_class":"","ocean_shortcode_before_top_bar":"","ocean_shortcode_after_top_bar":"","ocean_shortcode_before_header":"","ocean_shortcode_after_header":"","ocean_has_shortcode":"","ocean_shortcode_after_title":"","ocean_shortcode_before_footer_widgets":"","ocean_shortcode_after_footer_widgets":"","ocean_shortcode_before_footer_bottom":"","ocean_shortcode_after_footer_bottom":"","ocean_display_top_bar":"default","ocean_display_header":"default","ocean_header_style":"","ocean_center_header_left_menu":"","ocean_custom_header_template":"","ocean_custom_logo":0,"ocean_custom_retina_logo":0,"ocean_custom_logo_max_width":0,"ocean_custom_logo_tablet_max_width":0,"ocean_custom_logo_mobile_max_width":0,"ocean_custom_logo_max_height":0,"ocean_custom_logo_tablet_max_height":0,"ocean_custom_logo_mobile_max_height":0,"ocean_header_custom_menu":"","ocean_menu_typo_font_family":"","ocean_menu_typo_font_subset":"","ocean_menu_typo_font_size":0,"ocean_menu_typo_font_size_tablet":0,"ocean_menu_typo_font_size_mobile":0,"ocean_menu_typo_font_size_unit":"px","ocean_menu_typo_font_weight":"","ocean_menu_typo_font_weight_tablet":"","ocean_menu_typo_font_weight_mobile":"","ocean_menu_typo_transform":"","ocean_menu_typo_transform_tablet":"","ocean_menu_typo_transform_mobile":"","ocean_menu_typo_line_height":0,"ocean_menu_typo_line_height_tablet":0,"ocean_menu_typo_line_height_mobile":0,"ocean_menu_typo_line_height_unit":"","ocean_menu_typo_spacing":0,"ocean_menu_typo_spacing_tablet":0,"ocean_menu_typo_spacing_mobile":0,"ocean_menu_typo_spacing_unit":"","ocean_menu_link_color":"","ocean_menu_link_color_hover":"","ocean_menu_link_color_active":"","ocean_menu_link_background":"","ocean_menu_link_hover_background":"","ocean_menu_link_active_background":"","ocean_menu_social_links_bg":"","ocean_menu_social_hover_links_bg":"","ocean_menu_social_links_color":"","ocean_menu_social_hover_links_color":"","ocean_disable_title":"default","ocean_disable_heading":"default","ocean_post_title":"","ocean_post_subheading":"","ocean_post_title_style":"","ocean_post_title_background_color":"","ocean_post_title_background":0,"ocean_post_title_bg_image_position":"","ocean_post_title_bg_image_attachment":"","ocean_post_title_bg_image_repeat":"","ocean_post_title_bg_image_size":"","ocean_post_title_height":0,"ocean_post_title_bg_overlay":0.5,"ocean_post_title_bg_overlay_color":"","ocean_disable_breadcrumbs":"default","ocean_breadcrumbs_color":"","ocean_breadcrumbs_separator_color":"","ocean_breadcrumbs_links_color":"","ocean_breadcrumbs_links_hover_color":"","ocean_display_footer_widgets":"default","ocean_display_footer_bottom":"default","ocean_custom_footer_template":"","ocean_post_oembed":"","ocean_post_self_hosted_media":"","ocean_post_video_embed":"","ocean_link_format":"","ocean_link_format_target":"self","ocean_quote_format":"","ocean_quote_format_link":"post","ocean_gallery_link_images":"off","ocean_gallery_id":[],"footnotes":""},"categories":[596,313],"tags":[610,566,570],"class_list":["post-2579","post","type-post","status-publish","format-standard","hentry","category-docente","category-teses","tag-teoria-arquivistica-2","tag-universidade-estadual-paulista-unesp","tag-universidade-federal-do-estado-do-rio-de-janeiro-unirio","entry"],"_links":{"self":[{"href":"https:\/\/www.ccsa.ufpb.br\/pesquisarquivistica\/wp-json\/wp\/v2\/posts\/2579","targetHints":{"allow":["GET"]}}],"collection":[{"href":"https:\/\/www.ccsa.ufpb.br\/pesquisarquivistica\/wp-json\/wp\/v2\/posts"}],"about":[{"href":"https:\/\/www.ccsa.ufpb.br\/pesquisarquivistica\/wp-json\/wp\/v2\/types\/post"}],"author":[{"embeddable":true,"href":"https:\/\/www.ccsa.ufpb.br\/pesquisarquivistica\/wp-json\/wp\/v2\/users\/6"}],"replies":[{"embeddable":true,"href":"https:\/\/www.ccsa.ufpb.br\/pesquisarquivistica\/wp-json\/wp\/v2\/comments?post=2579"}],"version-history":[{"count":1,"href":"https:\/\/www.ccsa.ufpb.br\/pesquisarquivistica\/wp-json\/wp\/v2\/posts\/2579\/revisions"}],"predecessor-version":[{"id":2580,"href":"https:\/\/www.ccsa.ufpb.br\/pesquisarquivistica\/wp-json\/wp\/v2\/posts\/2579\/revisions\/2580"}],"wp:attachment":[{"href":"https:\/\/www.ccsa.ufpb.br\/pesquisarquivistica\/wp-json\/wp\/v2\/media?parent=2579"}],"wp:term":[{"taxonomy":"category","embeddable":true,"href":"https:\/\/www.ccsa.ufpb.br\/pesquisarquivistica\/wp-json\/wp\/v2\/categories?post=2579"},{"taxonomy":"post_tag","embeddable":true,"href":"https:\/\/www.ccsa.ufpb.br\/pesquisarquivistica\/wp-json\/wp\/v2\/tags?post=2579"}],"curies":[{"name":"wp","href":"https:\/\/api.w.org\/{rel}","templated":true}]}}