{"id":2742,"date":"2021-12-12T09:32:32","date_gmt":"2021-12-12T12:32:32","guid":{"rendered":"http:\/\/www.ccsa.ufpb.br\/pesquisarquivistica\/?p=2742"},"modified":"2022-07-06T11:09:16","modified_gmt":"2022-07-06T14:09:16","slug":"um-olhar-sobre-os-cursos-de-bacharelado-em-arquivologia-no-brasil-a-luz-do-regime-de-informacao-2021","status":"publish","type":"post","link":"https:\/\/www.ccsa.ufpb.br\/pesquisarquivistica\/um-olhar-sobre-os-cursos-de-bacharelado-em-arquivologia-no-brasil-a-luz-do-regime-de-informacao-2021\/","title":{"rendered":"UM OLHAR SOBRE OS CURSOS DE BACHARELADO EM ARQUIVOLOGIA NO BRASIL \u00c0 LUZ DO REGIME DE INFORMA\u00c7\u00c3O (2021)"},"content":{"rendered":"\n<p><a href=\"http:\/\/lattes.cnpq.br\/1894263401266798\" target=\"_blank\" rel=\"noreferrer noopener\">Maria Meriane Vieira da Rocha<\/a><\/p>\n\n\n\n<p>Analisa os elementos do Regime de Informa\u00e7\u00e3o e as a\u00e7\u00f5es de informa\u00e7\u00e3o na forma de vida acad\u00eamica para a constitui\u00e7\u00e3o dos Cursos de Bacharelado em Arquivologia no Brasil. O marco principal desta pesquisa foi um olhar para o contexto da constitui\u00e7\u00e3o\/expans\u00e3o desses cursos. Nesse sentido, explora as media\u00e7\u00f5es dessa forma de vida acad\u00eamica a partir do modelo de Regime de Informa\u00e7\u00e3o proposto por Gonz\u00e1lez de G\u00f3mez (1999), partindo do pressuposto de que a cultura informacional, compartilhada pelos atores no \u00e2mbito de certo espa\u00e7o social, contribui para se entender sua aplica\u00e7\u00e3o em certo contexto. Como ponto inicial, identifica os Cursos de Bacharelado em Arquivologia do Brasil a partir de 2000 e seus respectivos atores sociais que t\u00eam curr\u00edculo na Plataforma Lattes. A escolha do tema foi motivada por proporcionar um espa\u00e7o que favore\u00e7a o estudo dos curr\u00edculos adotados nos Cursos de Bacharelado em Arquivologia no Brasil, de modo a oferecer contribui\u00e7\u00f5es utilizando as abordagens do perfil institucional e do perfil docente relacionadas \u00e0s a\u00e7\u00f5es dos atores sociais, dos conte\u00fados e dos recursos institucionais\/docentes, do poder impl\u00edcito e das diferen\u00e7as no perfil das institui\u00e7\u00f5es e dos docentes, estabelecendo par\u00e2metros entre a teoria e a pr\u00e1tica na \u00e1rea. O referencial te\u00f3rico aborda a Arquivologia brasileira no contexto do Regime de Informa\u00e7\u00e3o e a possibilidade de uma intelig\u00eancia coletiva na forma de vida relacionada \u00e0 Arquivologia no Brasil. A pesquisa \u00e9 de natureza descritiva, a partir de uma abordagem qualiquantitativa, e os caminhos de processos de busca e an\u00e1lises dos dados foram delineados com os princ\u00edpios do m\u00e9todo indici\u00e1rio de Ginzburg (1989) e da t\u00e9cnica de brauseio de Ara\u00fajo (2004). Os resultados demonstram que a pesquisa contribui para mais abertura de um Regime de Informa\u00e7\u00e3o nos Cursos de Arquivologia brasileiros, sobretudo no que tange aos perfis institucional e docentes, com discuss\u00f5es voltadas para a harmoniza\u00e7\u00e3o curricular. O estudo mostrou que \u00e9 preciso fazer mais pesquisas na \u00e1rea arquiv\u00edstica, porquanto uma melhor comunica\u00e7\u00e3o cient\u00edfica entre os atores contribuir\u00e1 sobremaneira para que isso ocorra. Conclui-se que a pesquisa colabora com dois eixos, dos cinco propostos pela Reparq, para promover a harmoniza\u00e7\u00e3o curricular dos Cursos de Arquivologia brasileiros, e que fornece dados para que os atores sociais, a partir do levantamento da forma\u00e7\u00e3o docente de cada ator, possam incorporar em sua praxis profissional informa\u00e7\u00f5es relevantes. Espera-se contribuir tamb\u00e9m para formar uma rede de comunica\u00e7\u00e3o de pesquisa entre a Arquivologia e a Ci\u00eancia da Informa\u00e7\u00e3o.<\/p>\n\n\n\n<p>Texto completo dispon\u00edvel em: <a href=\"https:\/\/repositorio.ufpb.br\/jspui\/bitstream\/123456789\/20883\/1\/MariaMerianeVieiraDaRocha_Tese.pdf\" target=\"_blank\" rel=\"noreferrer noopener\">https:\/\/repositorio.ufpb.br\/jspui\/bitstream\/123456789\/20883\/1\/MariaMerianeVieiraDaRocha_Tese.pdf<\/a><\/p>\n","protected":false},"excerpt":{"rendered":"<p>Maria Meriane Vieira da Rocha Analisa os elementos do Regime de Informa\u00e7\u00e3o e as a\u00e7\u00f5es de informa\u00e7\u00e3o na forma de vida acad\u00eamica para a constitui\u00e7\u00e3o dos Cursos de Bacharelado em Arquivologia no Brasil. O marco principal desta pesquisa foi um olhar para o contexto da constitui\u00e7\u00e3o\/expans\u00e3o desses cursos. Nesse sentido, explora as media\u00e7\u00f5es dessa forma [&hellip;]<\/p>\n","protected":false},"author":6,"featured_media":0,"comment_status":"open","ping_status":"open","sticky":false,"template":"","format":"standard","meta":{"ocean_post_layout":"","ocean_both_sidebars_style":"","ocean_both_sidebars_content_width":0,"ocean_both_sidebars_sidebars_width":0,"ocean_sidebar":"","ocean_second_sidebar":"","ocean_disable_margins":"enable","ocean_add_body_class":"","ocean_shortcode_before_top_bar":"","ocean_shortcode_after_top_bar":"","ocean_shortcode_before_header":"","ocean_shortcode_after_header":"","ocean_has_shortcode":"","ocean_shortcode_after_title":"","ocean_shortcode_before_footer_widgets":"","ocean_shortcode_after_footer_widgets":"","ocean_shortcode_before_footer_bottom":"","ocean_shortcode_after_footer_bottom":"","ocean_display_top_bar":"default","ocean_display_header":"default","ocean_header_style":"","ocean_center_header_left_menu":"","ocean_custom_header_template":"","ocean_custom_logo":0,"ocean_custom_retina_logo":0,"ocean_custom_logo_max_width":0,"ocean_custom_logo_tablet_max_width":0,"ocean_custom_logo_mobile_max_width":0,"ocean_custom_logo_max_height":0,"ocean_custom_logo_tablet_max_height":0,"ocean_custom_logo_mobile_max_height":0,"ocean_header_custom_menu":"","ocean_menu_typo_font_family":"","ocean_menu_typo_font_subset":"","ocean_menu_typo_font_size":0,"ocean_menu_typo_font_size_tablet":0,"ocean_menu_typo_font_size_mobile":0,"ocean_menu_typo_font_size_unit":"px","ocean_menu_typo_font_weight":"","ocean_menu_typo_font_weight_tablet":"","ocean_menu_typo_font_weight_mobile":"","ocean_menu_typo_transform":"","ocean_menu_typo_transform_tablet":"","ocean_menu_typo_transform_mobile":"","ocean_menu_typo_line_height":0,"ocean_menu_typo_line_height_tablet":0,"ocean_menu_typo_line_height_mobile":0,"ocean_menu_typo_line_height_unit":"","ocean_menu_typo_spacing":0,"ocean_menu_typo_spacing_tablet":0,"ocean_menu_typo_spacing_mobile":0,"ocean_menu_typo_spacing_unit":"","ocean_menu_link_color":"","ocean_menu_link_color_hover":"","ocean_menu_link_color_active":"","ocean_menu_link_background":"","ocean_menu_link_hover_background":"","ocean_menu_link_active_background":"","ocean_menu_social_links_bg":"","ocean_menu_social_hover_links_bg":"","ocean_menu_social_links_color":"","ocean_menu_social_hover_links_color":"","ocean_disable_title":"default","ocean_disable_heading":"default","ocean_post_title":"","ocean_post_subheading":"","ocean_post_title_style":"","ocean_post_title_background_color":"","ocean_post_title_background":0,"ocean_post_title_bg_image_position":"","ocean_post_title_bg_image_attachment":"","ocean_post_title_bg_image_repeat":"","ocean_post_title_bg_image_size":"","ocean_post_title_height":0,"ocean_post_title_bg_overlay":0.5,"ocean_post_title_bg_overlay_color":"","ocean_disable_breadcrumbs":"default","ocean_breadcrumbs_color":"","ocean_breadcrumbs_separator_color":"","ocean_breadcrumbs_links_color":"","ocean_breadcrumbs_links_hover_color":"","ocean_display_footer_widgets":"default","ocean_display_footer_bottom":"default","ocean_custom_footer_template":"","ocean_post_oembed":"","ocean_post_self_hosted_media":"","ocean_post_video_embed":"","ocean_link_format":"","ocean_link_format_target":"self","ocean_quote_format":"","ocean_quote_format_link":"post","ocean_gallery_link_images":"off","ocean_gallery_id":[],"footnotes":""},"categories":[596,313],"tags":[343,398,548,547,563],"class_list":["post-2742","post","type-post","status-publish","format-standard","hentry","category-docente","category-teses","tag-arquivologia","tag-ciencia-da-informacao-ci","tag-inteligencia-coletiva","tag-regime-de-informacao","tag-universidade-federal-da-paraiba-ufpb","entry"],"_links":{"self":[{"href":"https:\/\/www.ccsa.ufpb.br\/pesquisarquivistica\/wp-json\/wp\/v2\/posts\/2742","targetHints":{"allow":["GET"]}}],"collection":[{"href":"https:\/\/www.ccsa.ufpb.br\/pesquisarquivistica\/wp-json\/wp\/v2\/posts"}],"about":[{"href":"https:\/\/www.ccsa.ufpb.br\/pesquisarquivistica\/wp-json\/wp\/v2\/types\/post"}],"author":[{"embeddable":true,"href":"https:\/\/www.ccsa.ufpb.br\/pesquisarquivistica\/wp-json\/wp\/v2\/users\/6"}],"replies":[{"embeddable":true,"href":"https:\/\/www.ccsa.ufpb.br\/pesquisarquivistica\/wp-json\/wp\/v2\/comments?post=2742"}],"version-history":[{"count":1,"href":"https:\/\/www.ccsa.ufpb.br\/pesquisarquivistica\/wp-json\/wp\/v2\/posts\/2742\/revisions"}],"predecessor-version":[{"id":2743,"href":"https:\/\/www.ccsa.ufpb.br\/pesquisarquivistica\/wp-json\/wp\/v2\/posts\/2742\/revisions\/2743"}],"wp:attachment":[{"href":"https:\/\/www.ccsa.ufpb.br\/pesquisarquivistica\/wp-json\/wp\/v2\/media?parent=2742"}],"wp:term":[{"taxonomy":"category","embeddable":true,"href":"https:\/\/www.ccsa.ufpb.br\/pesquisarquivistica\/wp-json\/wp\/v2\/categories?post=2742"},{"taxonomy":"post_tag","embeddable":true,"href":"https:\/\/www.ccsa.ufpb.br\/pesquisarquivistica\/wp-json\/wp\/v2\/tags?post=2742"}],"curies":[{"name":"wp","href":"https:\/\/api.w.org\/{rel}","templated":true}]}}