{"id":3050,"date":"2022-08-26T16:08:10","date_gmt":"2022-08-26T19:08:10","guid":{"rendered":"http:\/\/www.ccsa.ufpb.br\/pesquisarquivistica\/?p=3050"},"modified":"2023-08-02T22:09:03","modified_gmt":"2023-08-03T01:09:03","slug":"o-retorno-do-arquivo-nacional-ao-ministerio-da-justica-o-confronto-entre-a-orientacao-tradicional-e-as-expectativas-modernas-2013","status":"publish","type":"post","link":"https:\/\/www.ccsa.ufpb.br\/pesquisarquivistica\/o-retorno-do-arquivo-nacional-ao-ministerio-da-justica-o-confronto-entre-a-orientacao-tradicional-e-as-expectativas-modernas-2013\/","title":{"rendered":"O Retorno do Arquivo Nacional ao Minist\u00e9rio da Justi\u00e7a: O confronto entre a orienta\u00e7\u00e3o tradicional e as expectativas modernas (2013)"},"content":{"rendered":"\n<h2 class=\"wp-block-heading\"><a href=\"http:\/\/lattes.cnpq.br\/4690026284343119\" target=\"_blank\" rel=\"noreferrer noopener\">Mariana da Silva Carvalho<\/a><\/h2>\n\n\n\n<p>A compreens\u00e3o dos motivos que geraram a inquieta\u00e7\u00e3o dos profissionais de arquivo, em 2011, com o retorno do Arquivo Nacional para o Minist\u00e9rio da Justi\u00e7a, ap\u00f3s um breve per\u00edodo de 10 anos vinculado \u00e0 Casa Civil da Presid\u00eancia da Rep\u00fablica \u00e9 a finalidade desta pesquisa. A consterna\u00e7\u00e3o registrada nos peri\u00f3dicos, nos artigos cient\u00edficos, nas reuni\u00f5es e no abaixo- assinado organizado pelas lideran\u00e7as do setor de arquivos denuncia um cen\u00e1rio de conflito de interesses que apresenta como protagonistas profissionais da \u00e1rea e o governo. Diante disto, s\u00e3o investigadas as circunst\u00e2ncias que envolvem o confronto, com base nas publica\u00e7\u00f5es do per\u00edodo e na literatura cient\u00edfica. Primeiramente, s\u00e3o analisadas as estruturas pol\u00edtico- administrativas nas quais est\u00e3o inseridos os Arquivos Nacionais em Fran\u00e7a, Reino Unido e Estados Unidos, refer\u00eancias para o Estado e o Arquivo Nacional brasileiros em diferentes per\u00edodos. S\u00e3o destacadas, tamb\u00e9m, as tend\u00eancias contempor\u00e2neas que unem os modelos internacionais. Posteriormente, \u00e9 examinada a estrutura do Arquivo Nacional do Brasil desde sua g\u00eanese, destacando as moderniza\u00e7\u00f5es normativas dos \u00faltimos 25 anos e as dificuldades de implementa\u00e7\u00e3o das prerrogativas legais, sobretudo no tocante ao direito de acesso \u00e0 informa\u00e7\u00e3o p\u00fablica. Em seguida, exp\u00f5e-se o conflito existente entre o posicionamento dos profissionais de arquivo e o governo em rela\u00e7\u00e3o a posi\u00e7\u00e3o hier\u00e1rquica do Arquivo Nacional no \u00e2mbito estatal. Investiga-se os motivos das transfer\u00eancias de subordina\u00e7\u00e3o e as conseq\u00fc\u00eancias das mudan\u00e7as para a organiza\u00e7\u00e3o dos arquivos e para a efetiva\u00e7\u00e3o do ideal de transpar\u00eancia p\u00fablica. Finalmente, s\u00e3o consolidadas algumas conclus\u00f5es acerca da rela\u00e7\u00e3o conflitante entre o Arquivo Nacional e o Estado, que s\u00e3o causa e efeito das condi\u00e7\u00f5es em que se encontram a transpar\u00eancia p\u00fablica, as reivindica\u00e7\u00f5es sociais e o modelo democr\u00e1tico brasileiro.<\/p>\n\n\n\n<p>Texto completo dispon\u00edvel em: <a href=\"https:\/\/app.uff.br\/riuff\/bitstream\/handle\/1\/10270\/TCC%20II.pdf?sequence=1&amp;isAllowed=y\" target=\"_blank\" rel=\"noreferrer noopener\">https:\/\/app.uff.br\/riuff\/bitstream\/handle\/1\/10270\/TCC%20II.pdf?sequence=1&amp;isAllowed=y<\/a><\/p>\n","protected":false},"excerpt":{"rendered":"<p>Mariana da Silva Carvalho A compreens\u00e3o dos motivos que geraram a inquieta\u00e7\u00e3o dos profissionais de arquivo, em 2011, com o retorno do Arquivo Nacional para o Minist\u00e9rio da Justi\u00e7a, ap\u00f3s um breve per\u00edodo de 10 anos vinculado \u00e0 Casa Civil da Presid\u00eancia da Rep\u00fablica \u00e9 a finalidade desta pesquisa. A consterna\u00e7\u00e3o registrada nos peri\u00f3dicos, nos [&hellip;]<\/p>\n","protected":false},"author":5,"featured_media":0,"comment_status":"open","ping_status":"open","sticky":false,"template":"","format":"standard","meta":{"ocean_post_layout":"","ocean_both_sidebars_style":"","ocean_both_sidebars_content_width":0,"ocean_both_sidebars_sidebars_width":0,"ocean_sidebar":"0","ocean_second_sidebar":"0","ocean_disable_margins":"enable","ocean_add_body_class":"","ocean_shortcode_before_top_bar":"","ocean_shortcode_after_top_bar":"","ocean_shortcode_before_header":"","ocean_shortcode_after_header":"","ocean_has_shortcode":"","ocean_shortcode_after_title":"","ocean_shortcode_before_footer_widgets":"","ocean_shortcode_after_footer_widgets":"","ocean_shortcode_before_footer_bottom":"","ocean_shortcode_after_footer_bottom":"","ocean_display_top_bar":"default","ocean_display_header":"default","ocean_header_style":"","ocean_center_header_left_menu":"0","ocean_custom_header_template":"0","ocean_custom_logo":0,"ocean_custom_retina_logo":0,"ocean_custom_logo_max_width":0,"ocean_custom_logo_tablet_max_width":0,"ocean_custom_logo_mobile_max_width":0,"ocean_custom_logo_max_height":0,"ocean_custom_logo_tablet_max_height":0,"ocean_custom_logo_mobile_max_height":0,"ocean_header_custom_menu":"0","ocean_menu_typo_font_family":"0","ocean_menu_typo_font_subset":"","ocean_menu_typo_font_size":0,"ocean_menu_typo_font_size_tablet":0,"ocean_menu_typo_font_size_mobile":0,"ocean_menu_typo_font_size_unit":"px","ocean_menu_typo_font_weight":"","ocean_menu_typo_font_weight_tablet":"","ocean_menu_typo_font_weight_mobile":"","ocean_menu_typo_transform":"","ocean_menu_typo_transform_tablet":"","ocean_menu_typo_transform_mobile":"","ocean_menu_typo_line_height":0,"ocean_menu_typo_line_height_tablet":0,"ocean_menu_typo_line_height_mobile":0,"ocean_menu_typo_line_height_unit":"","ocean_menu_typo_spacing":0,"ocean_menu_typo_spacing_tablet":0,"ocean_menu_typo_spacing_mobile":0,"ocean_menu_typo_spacing_unit":"","ocean_menu_link_color":"","ocean_menu_link_color_hover":"","ocean_menu_link_color_active":"","ocean_menu_link_background":"","ocean_menu_link_hover_background":"","ocean_menu_link_active_background":"","ocean_menu_social_links_bg":"","ocean_menu_social_hover_links_bg":"","ocean_menu_social_links_color":"","ocean_menu_social_hover_links_color":"","ocean_disable_title":"default","ocean_disable_heading":"default","ocean_post_title":"","ocean_post_subheading":"","ocean_post_title_style":"","ocean_post_title_background_color":"","ocean_post_title_background":0,"ocean_post_title_bg_image_position":"","ocean_post_title_bg_image_attachment":"","ocean_post_title_bg_image_repeat":"","ocean_post_title_bg_image_size":"","ocean_post_title_height":0,"ocean_post_title_bg_overlay":0.5,"ocean_post_title_bg_overlay_color":"","ocean_disable_breadcrumbs":"default","ocean_breadcrumbs_color":"","ocean_breadcrumbs_separator_color":"","ocean_breadcrumbs_links_color":"","ocean_breadcrumbs_links_hover_color":"","ocean_display_footer_widgets":"default","ocean_display_footer_bottom":"default","ocean_custom_footer_template":"0","ocean_post_oembed":"","ocean_post_self_hosted_media":"","ocean_post_video_embed":"","ocean_link_format":"","ocean_link_format_target":"self","ocean_quote_format":"","ocean_quote_format_link":"post","ocean_gallery_link_images":"off","ocean_gallery_id":[],"footnotes":""},"categories":[597,315],"tags":[669,562],"class_list":["post-3050","post","type-post","status-publish","format-standard","hentry","category-profissional","category-tcc-graduacao","tag-arquivo-nacional","tag-universidade-federal-do-rio-de-janeiro-ufrj","entry"],"_links":{"self":[{"href":"https:\/\/www.ccsa.ufpb.br\/pesquisarquivistica\/wp-json\/wp\/v2\/posts\/3050","targetHints":{"allow":["GET"]}}],"collection":[{"href":"https:\/\/www.ccsa.ufpb.br\/pesquisarquivistica\/wp-json\/wp\/v2\/posts"}],"about":[{"href":"https:\/\/www.ccsa.ufpb.br\/pesquisarquivistica\/wp-json\/wp\/v2\/types\/post"}],"author":[{"embeddable":true,"href":"https:\/\/www.ccsa.ufpb.br\/pesquisarquivistica\/wp-json\/wp\/v2\/users\/5"}],"replies":[{"embeddable":true,"href":"https:\/\/www.ccsa.ufpb.br\/pesquisarquivistica\/wp-json\/wp\/v2\/comments?post=3050"}],"version-history":[{"count":2,"href":"https:\/\/www.ccsa.ufpb.br\/pesquisarquivistica\/wp-json\/wp\/v2\/posts\/3050\/revisions"}],"predecessor-version":[{"id":4671,"href":"https:\/\/www.ccsa.ufpb.br\/pesquisarquivistica\/wp-json\/wp\/v2\/posts\/3050\/revisions\/4671"}],"wp:attachment":[{"href":"https:\/\/www.ccsa.ufpb.br\/pesquisarquivistica\/wp-json\/wp\/v2\/media?parent=3050"}],"wp:term":[{"taxonomy":"category","embeddable":true,"href":"https:\/\/www.ccsa.ufpb.br\/pesquisarquivistica\/wp-json\/wp\/v2\/categories?post=3050"},{"taxonomy":"post_tag","embeddable":true,"href":"https:\/\/www.ccsa.ufpb.br\/pesquisarquivistica\/wp-json\/wp\/v2\/tags?post=3050"}],"curies":[{"name":"wp","href":"https:\/\/api.w.org\/{rel}","templated":true}]}}