{"id":3160,"date":"2022-08-27T15:53:48","date_gmt":"2022-08-27T18:53:48","guid":{"rendered":"http:\/\/www.ccsa.ufpb.br\/pesquisarquivistica\/?p=3160"},"modified":"2022-08-27T15:53:48","modified_gmt":"2022-08-27T18:53:48","slug":"arquivo-verdade-e-o-processo-de-transicao-democratica-no-brasil-o-legado-da-comissao-nacional-da-verdade-para-ampliacao-da-discussao-epistemologica-arquivistica-2017","status":"publish","type":"post","link":"https:\/\/www.ccsa.ufpb.br\/pesquisarquivistica\/arquivo-verdade-e-o-processo-de-transicao-democratica-no-brasil-o-legado-da-comissao-nacional-da-verdade-para-ampliacao-da-discussao-epistemologica-arquivistica-2017\/","title":{"rendered":"ARQUIVO, VERDADE E O PROCESSO DE TRANSI\u00c7\u00c3O DEMOCR\u00c1TICA NO BRASIL: o legado da Comiss\u00e3o Nacional da Verdade para amplia\u00e7\u00e3o da discuss\u00e3o epistemol\u00f3gica arquiv\u00edstica (2017)"},"content":{"rendered":"\n<p><a href=\"http:\/\/lattes.cnpq.br\/0221249833068387\" target=\"_blank\" rel=\"noreferrer noopener\">Aluf Alba Vilar Elias<\/a><\/p>\n\n\n\n<p>A hist\u00f3ria recente da Am\u00e9rica Latina foi fortemente marcada pelo per\u00edodo ditatorial na segunda metade do s\u00e9culo XX. No Brasil, o golpe de 1964 imp\u00f4s o in\u00edcio do Regime Militar, que perdurou oficialmente 21 anos, entre o per\u00edodo de 1964 a 1985. Com o fim do Regime Militar, no bojo de experi\u00eancias similares compartilhadas por outros pa\u00edses, o Brasil d\u00e1 in\u00edcio, tardiamente, ao processo de implanta\u00e7\u00e3o de uma justi\u00e7a de transi\u00e7\u00e3o que, em linhas gerais, \u00e9 o conjunto de a\u00e7\u00f5es jur\u00eddicas e pol\u00edticas que marcam a passagem de um regime autorit\u00e1rio\/ditatorial para um regime democr\u00e1tico. Em 2004 o Conselho de Seguran\u00e7a da ONU publica um documento onde tece, entre outras, considera\u00e7\u00f5es acerca do que seria o processo de justi\u00e7a de transi\u00e7\u00e3o. Um dos mecanismos adotados no processo de transi\u00e7\u00e3o democr\u00e1tica \u00e9 o estabelecimento das Comiss\u00f5es Nacionais da Verdade, sendo a primeira experi\u00eancia em Uganda, na \u00c1frica, em 1974. No Brasil, a Comiss\u00e3o Nacional da Verdade foi instalada em maio de 2012 e concluiu seu relat\u00f3rio final em 2014. Nesse contexto, os arquivos, como instrumentos de prova ou ind\u00edcio, estiveram presentes, seja para esconder, seja para revelar. Partiu-se do pressuposto segundo o qual os arquivos refletem e fornecem elementos \u00e0 constru\u00e7\u00e3o de uma racionalidade estatal, como conjuntos documentais ou como ag\u00eancias do aparelho do Estado, constituindo mecanismos para sua legitima\u00e7\u00e3o e ag\u00eancias do poder simb\u00f3lico. O problema desta pesquisa consiste em pensar a quest\u00e3o dos arquivos \u201cinstitui\u00e7\u00e3o\u201d ou \u201cconjuntos documentais\u201d permeada por fatores pol\u00edticos, regidos por disputas, que podem incidir no ordenamento que os revelam ou omitem pela transpar\u00eancia ou opacidade do Estado e, assim, abordar a rela\u00e7\u00e3o entre os arquivos e o processo de justi\u00e7a de transi\u00e7\u00e3o democr\u00e1tica, tendo como foco as a\u00e7\u00f5es empreendidas pela Comiss\u00e3o Nacional da Verdade e os usos dos arquivos. O objetivo geral \u00e9 investigar a rela\u00e7\u00e3o entre as formas de verdade, os arquivos e o processo de justi\u00e7a de transi\u00e7\u00e3o democr\u00e1tica no Brasil, localizando-a nas pr\u00e1ticas da Comiss\u00e3o Nacional da Verdade e nos usos dos arquivos demarcando seu legado para a discuss\u00e3o do campo epistemol\u00f3gico arquiv\u00edstico. A metodologia \u00e9 qualitativa e explorat\u00f3ria e consistiu, numa primeira etapa, no levantamento e an\u00e1lise bibliogr\u00e1fica e documental, na composi\u00e7\u00e3o do caminho argumentativo e na constru\u00e7\u00e3o e delineamento do objeto; em segunda etapa, na aplica\u00e7\u00e3o da An\u00e1lise do Discurso (AD) de linha francesa para identifica\u00e7\u00e3o e an\u00e1lise do relat\u00f3rio final da Comiss\u00e3o Nacional da Verdade dos elementos que podem contribuir com a discuss\u00e3o do campo epistemol\u00f3gico arquiv\u00edstico. Os principais resultados alcan\u00e7ados indicam que: a) os arquivos sejam um recurso na promo\u00e7\u00e3o da justi\u00e7a e n\u00e3o um meio exclusivo da verdade, que seria alcan\u00e7ada por outras formas ou em conjunto de alguns procedimentos, que incluem as disputas pol\u00edticas e tamb\u00e9m o seu pr\u00f3prio uso; b) o poss\u00edvel enviesamento do arquivo em sua verdade jur\u00eddica para uma verdade indicial, cuja organicidade que determina sua unidade narrativa \u00e9 mais externa que interna; e c) a possibilidade do enfrentamento dos arquivos do mal sem incorrer em um mal de arquivo, no sentido de Derrida: ansiar a imposs\u00edvel completude da reconstru\u00e7\u00e3o da verdade por meio deles.<\/p>\n\n\n\n<p>Texto completo dispon\u00edvel em:<\/p>\n\n\n\n<p><a href=\"https:\/\/repositorio.unb.br\/handle\/10482\/32024\">https:\/\/repositorio.unb.br\/handle\/10482\/32024<\/a><\/p>\n","protected":false},"excerpt":{"rendered":"<p>Aluf Alba Vilar Elias A hist\u00f3ria recente da Am\u00e9rica Latina foi fortemente marcada pelo per\u00edodo ditatorial na segunda metade do s\u00e9culo XX. No Brasil, o golpe de 1964 imp\u00f4s o in\u00edcio do Regime Militar, que perdurou oficialmente 21 anos, entre o per\u00edodo de 1964 a 1985. Com o fim do Regime Militar, no bojo de [&hellip;]<\/p>\n","protected":false},"author":8,"featured_media":0,"comment_status":"open","ping_status":"open","sticky":false,"template":"","format":"standard","meta":{"ocean_post_layout":"","ocean_both_sidebars_style":"","ocean_both_sidebars_content_width":0,"ocean_both_sidebars_sidebars_width":0,"ocean_sidebar":"","ocean_second_sidebar":"","ocean_disable_margins":"enable","ocean_add_body_class":"","ocean_shortcode_before_top_bar":"","ocean_shortcode_after_top_bar":"","ocean_shortcode_before_header":"","ocean_shortcode_after_header":"","ocean_has_shortcode":"","ocean_shortcode_after_title":"","ocean_shortcode_before_footer_widgets":"","ocean_shortcode_after_footer_widgets":"","ocean_shortcode_before_footer_bottom":"","ocean_shortcode_after_footer_bottom":"","ocean_display_top_bar":"default","ocean_display_header":"default","ocean_header_style":"","ocean_center_header_left_menu":"","ocean_custom_header_template":"","ocean_custom_logo":0,"ocean_custom_retina_logo":0,"ocean_custom_logo_max_width":0,"ocean_custom_logo_tablet_max_width":0,"ocean_custom_logo_mobile_max_width":0,"ocean_custom_logo_max_height":0,"ocean_custom_logo_tablet_max_height":0,"ocean_custom_logo_mobile_max_height":0,"ocean_header_custom_menu":"","ocean_menu_typo_font_family":"","ocean_menu_typo_font_subset":"","ocean_menu_typo_font_size":0,"ocean_menu_typo_font_size_tablet":0,"ocean_menu_typo_font_size_mobile":0,"ocean_menu_typo_font_size_unit":"px","ocean_menu_typo_font_weight":"","ocean_menu_typo_font_weight_tablet":"","ocean_menu_typo_font_weight_mobile":"","ocean_menu_typo_transform":"","ocean_menu_typo_transform_tablet":"","ocean_menu_typo_transform_mobile":"","ocean_menu_typo_line_height":0,"ocean_menu_typo_line_height_tablet":0,"ocean_menu_typo_line_height_mobile":0,"ocean_menu_typo_line_height_unit":"","ocean_menu_typo_spacing":0,"ocean_menu_typo_spacing_tablet":0,"ocean_menu_typo_spacing_mobile":0,"ocean_menu_typo_spacing_unit":"","ocean_menu_link_color":"","ocean_menu_link_color_hover":"","ocean_menu_link_color_active":"","ocean_menu_link_background":"","ocean_menu_link_hover_background":"","ocean_menu_link_active_background":"","ocean_menu_social_links_bg":"","ocean_menu_social_hover_links_bg":"","ocean_menu_social_links_color":"","ocean_menu_social_hover_links_color":"","ocean_disable_title":"default","ocean_disable_heading":"default","ocean_post_title":"","ocean_post_subheading":"","ocean_post_title_style":"","ocean_post_title_background_color":"","ocean_post_title_background":0,"ocean_post_title_bg_image_position":"","ocean_post_title_bg_image_attachment":"","ocean_post_title_bg_image_repeat":"","ocean_post_title_bg_image_size":"","ocean_post_title_height":0,"ocean_post_title_bg_overlay":0.5,"ocean_post_title_bg_overlay_color":"","ocean_disable_breadcrumbs":"default","ocean_breadcrumbs_color":"","ocean_breadcrumbs_separator_color":"","ocean_breadcrumbs_links_color":"","ocean_breadcrumbs_links_hover_color":"","ocean_display_footer_widgets":"default","ocean_display_footer_bottom":"default","ocean_custom_footer_template":"","ocean_post_oembed":"","ocean_post_self_hosted_media":"","ocean_post_video_embed":"","ocean_link_format":"","ocean_link_format_target":"self","ocean_quote_format":"","ocean_quote_format_link":"post","ocean_gallery_link_images":"off","ocean_gallery_id":[],"footnotes":""},"categories":[597,313],"tags":[338,684,685,573],"class_list":["post-3160","post","type-post","status-publish","format-standard","hentry","category-profissional","category-teses","tag-arquivo","tag-comissao-nacional-da-verdade","tag-justica-de-transicao","tag-universidade-de-brasilia-unb","entry"],"_links":{"self":[{"href":"https:\/\/www.ccsa.ufpb.br\/pesquisarquivistica\/wp-json\/wp\/v2\/posts\/3160","targetHints":{"allow":["GET"]}}],"collection":[{"href":"https:\/\/www.ccsa.ufpb.br\/pesquisarquivistica\/wp-json\/wp\/v2\/posts"}],"about":[{"href":"https:\/\/www.ccsa.ufpb.br\/pesquisarquivistica\/wp-json\/wp\/v2\/types\/post"}],"author":[{"embeddable":true,"href":"https:\/\/www.ccsa.ufpb.br\/pesquisarquivistica\/wp-json\/wp\/v2\/users\/8"}],"replies":[{"embeddable":true,"href":"https:\/\/www.ccsa.ufpb.br\/pesquisarquivistica\/wp-json\/wp\/v2\/comments?post=3160"}],"version-history":[{"count":1,"href":"https:\/\/www.ccsa.ufpb.br\/pesquisarquivistica\/wp-json\/wp\/v2\/posts\/3160\/revisions"}],"predecessor-version":[{"id":3161,"href":"https:\/\/www.ccsa.ufpb.br\/pesquisarquivistica\/wp-json\/wp\/v2\/posts\/3160\/revisions\/3161"}],"wp:attachment":[{"href":"https:\/\/www.ccsa.ufpb.br\/pesquisarquivistica\/wp-json\/wp\/v2\/media?parent=3160"}],"wp:term":[{"taxonomy":"category","embeddable":true,"href":"https:\/\/www.ccsa.ufpb.br\/pesquisarquivistica\/wp-json\/wp\/v2\/categories?post=3160"},{"taxonomy":"post_tag","embeddable":true,"href":"https:\/\/www.ccsa.ufpb.br\/pesquisarquivistica\/wp-json\/wp\/v2\/tags?post=3160"}],"curies":[{"name":"wp","href":"https:\/\/api.w.org\/{rel}","templated":true}]}}