{"id":3312,"date":"2022-08-28T11:49:11","date_gmt":"2022-08-28T14:49:11","guid":{"rendered":"http:\/\/www.ccsa.ufpb.br\/pesquisarquivistica\/?p=3312"},"modified":"2022-08-28T11:49:11","modified_gmt":"2022-08-28T14:49:11","slug":"a-gestao-de-documentos-no-instituto-federal-baiano-impactos-da-criacao-de-uma-politica-arquivistica-para-o-instituto-2015-atual","status":"publish","type":"post","link":"https:\/\/www.ccsa.ufpb.br\/pesquisarquivistica\/a-gestao-de-documentos-no-instituto-federal-baiano-impactos-da-criacao-de-uma-politica-arquivistica-para-o-instituto-2015-atual\/","title":{"rendered":"A GEST\u00c3O DE DOCUMENTOS NO INSTITUTO FEDERAL BAIANO: impactos da cria\u00e7\u00e3o de uma pol\u00edtica arquiv\u00edstica para o instituto (2015- Atual)"},"content":{"rendered":"\n<p class=\"wp-block-paragraph\"><a href=\"http:\/\/lattes.cnpq.br\/8552543111201736\" target=\"_blank\" rel=\"noreferrer noopener\">Anderson Santana de Souza<\/a><\/p>\n\n\n\n<p class=\"wp-block-paragraph\">O Projeto tem como objetivo propor a implanta\u00e7\u00e3o de uma Gest\u00e3o de Documentos na Gest\u00e3o Educacional do Instituto Federal Baiano, criando um Processo de Gest\u00e3o Integrada de Arquivos e Protocolos para gerenciar a informa\u00e7\u00e3o dos documentos de forma mais ampla, controlando sobre a decis\u00e3o de o qu\u00ea e como fazer com a informa\u00e7\u00e3o para que ela seja utilizada de forma eficiente pela institui\u00e7\u00e3o durante os processos decis\u00f3rios, garantindo qualidade, confiabilidade e agilidade na sua obten\u00e7\u00e3o e utiliza\u00e7\u00e3o. Na sua estrutura organizacional o IF Baiano gera e recebe uma grande massa documental que precisa ser organizada a fim de torn\u00e1-la efetivamente uma fonte de informa\u00e7\u00e3o de qualidade para a historiografia e para subsidiar os gestores na tomada de decis\u00e3o. A proposta de cria\u00e7\u00e3o do Processo de Gest\u00e3o tem a finalidade de implementar um gerenciamento de arquivos fundamentado na legisla\u00e7\u00e3o e em princ\u00edpios e t\u00e9cnicas da arquivologia associados \u00e0 utiliza\u00e7\u00e3o de recursos das tecnologias de informa\u00e7\u00e3o e comunica\u00e7\u00e3o. Espera-se com esse Processo gerar benef\u00edcios tanto para setores administrativos quanto para os setores acad\u00eamicos, al\u00e9m de criar os arquivos hist\u00f3ricos que poder\u00e3o ser utilizados como fonte de pesquisa para toda comunidade acad\u00eamica.<\/p>\n","protected":false},"excerpt":{"rendered":"<p>Anderson Santana de Souza O Projeto tem como objetivo propor a implanta\u00e7\u00e3o de uma Gest\u00e3o de Documentos na Gest\u00e3o Educacional do Instituto Federal Baiano, criando um Processo de Gest\u00e3o Integrada de Arquivos e Protocolos para gerenciar a informa\u00e7\u00e3o dos documentos de forma mais ampla, controlando sobre a decis\u00e3o de o qu\u00ea e como fazer com [&hellip;]<\/p>\n","protected":false},"author":8,"featured_media":0,"comment_status":"open","ping_status":"open","sticky":false,"template":"","format":"standard","meta":{"ocean_front_end_style_editor":"no","ocean_post_layout":"","ocean_both_sidebars_style":"","ocean_both_sidebars_content_width":0,"ocean_both_sidebars_sidebars_width":0,"ocean_sidebar":"","ocean_second_sidebar":"","ocean_disable_margins":"enable","ocean_add_body_class":"","ocean_shortcode_before_top_bar":"","ocean_shortcode_after_top_bar":"","ocean_shortcode_before_header":"","ocean_shortcode_after_header":"","ocean_has_shortcode":"","ocean_shortcode_after_title":"","ocean_shortcode_before_footer_widgets":"","ocean_shortcode_after_footer_widgets":"","ocean_shortcode_before_footer_bottom":"","ocean_shortcode_after_footer_bottom":"","ocean_display_top_bar":"default","ocean_display_header":"default","ocean_header_style":"","ocean_center_header_left_menu":"","ocean_custom_header_template":"","ocean_custom_logo":0,"ocean_custom_retina_logo":0,"ocean_custom_logo_max_width":0,"ocean_custom_logo_tablet_max_width":0,"ocean_custom_logo_mobile_max_width":0,"ocean_custom_logo_max_height":0,"ocean_custom_logo_tablet_max_height":0,"ocean_custom_logo_mobile_max_height":0,"ocean_header_custom_menu":"","ocean_menu_typo_font_family":"","ocean_menu_typo_font_subset":"","ocean_menu_typo_font_size":0,"ocean_menu_typo_font_size_tablet":0,"ocean_menu_typo_font_size_mobile":0,"ocean_menu_typo_font_size_unit":"px","ocean_menu_typo_font_weight":"","ocean_menu_typo_font_weight_tablet":"","ocean_menu_typo_font_weight_mobile":"","ocean_menu_typo_transform":"","ocean_menu_typo_transform_tablet":"","ocean_menu_typo_transform_mobile":"","ocean_menu_typo_line_height":0,"ocean_menu_typo_line_height_tablet":0,"ocean_menu_typo_line_height_mobile":0,"ocean_menu_typo_line_height_unit":"","ocean_menu_typo_spacing":0,"ocean_menu_typo_spacing_tablet":0,"ocean_menu_typo_spacing_mobile":0,"ocean_menu_typo_spacing_unit":"","ocean_menu_link_color":"","ocean_menu_link_color_hover":"","ocean_menu_link_color_active":"","ocean_menu_link_background":"","ocean_menu_link_hover_background":"","ocean_menu_link_active_background":"","ocean_menu_social_links_bg":"","ocean_menu_social_hover_links_bg":"","ocean_menu_social_links_color":"","ocean_menu_social_hover_links_color":"","ocean_disable_title":"default","ocean_disable_heading":"default","ocean_post_title":"","ocean_post_subheading":"","ocean_post_title_style":"","ocean_post_title_background_color":"","ocean_post_title_background":0,"ocean_post_title_bg_image_position":"","ocean_post_title_bg_image_attachment":"","ocean_post_title_bg_image_repeat":"","ocean_post_title_bg_image_size":"","ocean_post_title_height":0,"ocean_post_title_bg_overlay":0.5,"ocean_post_title_bg_overlay_color":"","ocean_disable_breadcrumbs":"default","ocean_breadcrumbs_color":"","ocean_breadcrumbs_separator_color":"","ocean_breadcrumbs_links_color":"","ocean_breadcrumbs_links_hover_color":"","ocean_display_footer_widgets":"default","ocean_display_footer_bottom":"default","ocean_custom_footer_template":"","ocean_post_oembed":"","ocean_post_self_hosted_media":"","ocean_post_video_embed":"","ocean_link_format":"","ocean_link_format_target":"self","ocean_quote_format":"","ocean_quote_format_link":"post","ocean_gallery_link_images":"off","ocean_gallery_id":[],"footnotes":""},"categories":[597,9],"tags":[709,697],"class_list":["post-3312","post","type-post","status-publish","format-standard","hentry","category-profissional","category-projetos-de-pesquisa","tag-instituto-federal-baiano","tag-instituto-federal-de-educacao","entry"],"_links":{"self":[{"href":"https:\/\/www.ccsa.ufpb.br\/pesquisarquivistica\/wp-json\/wp\/v2\/posts\/3312","targetHints":{"allow":["GET"]}}],"collection":[{"href":"https:\/\/www.ccsa.ufpb.br\/pesquisarquivistica\/wp-json\/wp\/v2\/posts"}],"about":[{"href":"https:\/\/www.ccsa.ufpb.br\/pesquisarquivistica\/wp-json\/wp\/v2\/types\/post"}],"author":[{"embeddable":true,"href":"https:\/\/www.ccsa.ufpb.br\/pesquisarquivistica\/wp-json\/wp\/v2\/users\/8"}],"replies":[{"embeddable":true,"href":"https:\/\/www.ccsa.ufpb.br\/pesquisarquivistica\/wp-json\/wp\/v2\/comments?post=3312"}],"version-history":[{"count":1,"href":"https:\/\/www.ccsa.ufpb.br\/pesquisarquivistica\/wp-json\/wp\/v2\/posts\/3312\/revisions"}],"predecessor-version":[{"id":3313,"href":"https:\/\/www.ccsa.ufpb.br\/pesquisarquivistica\/wp-json\/wp\/v2\/posts\/3312\/revisions\/3313"}],"wp:attachment":[{"href":"https:\/\/www.ccsa.ufpb.br\/pesquisarquivistica\/wp-json\/wp\/v2\/media?parent=3312"}],"wp:term":[{"taxonomy":"category","embeddable":true,"href":"https:\/\/www.ccsa.ufpb.br\/pesquisarquivistica\/wp-json\/wp\/v2\/categories?post=3312"},{"taxonomy":"post_tag","embeddable":true,"href":"https:\/\/www.ccsa.ufpb.br\/pesquisarquivistica\/wp-json\/wp\/v2\/tags?post=3312"}],"curies":[{"name":"wp","href":"https:\/\/api.w.org\/{rel}","templated":true}]}}