{"id":3456,"date":"2022-09-25T15:43:02","date_gmt":"2022-09-25T18:43:02","guid":{"rendered":"http:\/\/www.ccsa.ufpb.br\/pesquisarquivistica\/?p=3456"},"modified":"2022-09-25T15:43:03","modified_gmt":"2022-09-25T18:43:03","slug":"capacitacao-arquivistica-dos-servidores-das-ifes-atraves-do-moodle-levantamento-das-iniciativas-existentes-tracando-um-paralelo-com-a-realidade-da-furg-2013-atual","status":"publish","type":"post","link":"https:\/\/www.ccsa.ufpb.br\/pesquisarquivistica\/capacitacao-arquivistica-dos-servidores-das-ifes-atraves-do-moodle-levantamento-das-iniciativas-existentes-tracando-um-paralelo-com-a-realidade-da-furg-2013-atual\/","title":{"rendered":"CAPACITA\u00c7\u00c3O ARQUIV\u00cdSTICA DOS SERVIDORES DAS IFES ATRAV\u00c9S DO MOODLE: levantamento das iniciativas existentes tra\u00e7ando um paralelo com a realidade da FURG (2013-Atual)"},"content":{"rendered":"\n<p><a href=\"http:\/\/lattes.cnpq.br\/1135641846771956\" data-type=\"URL\" data-id=\"http:\/\/lattes.cnpq.br\/1135641846771956\" target=\"_blank\" rel=\"noreferrer noopener\">Karin Christine Schwarzbold<\/a><\/p>\n\n\n\n<p>\u00a0Registro n \u00ba 588211\/2013. Criada em 1969, foi apenas no ano de 2008 que a Universidade Federal do Rio Grande &#8211; FURG pode contar com Arquivistas em seu quadro de servidores. Em, 2010, com a reestrutura\u00e7\u00e3o das unidades acad\u00eamicas e administrativas da Institui\u00e7\u00e3o, \u00e9 criada a unidade de Arquivo Geral, que em 2012 se torna Coordena\u00e7\u00e3o de Arquivo Geral. Uma das primeiras iniciativas tomada pelo Arquivo Geral foi a realiza\u00e7\u00e3o de um diagn\u00f3stico onde formul\u00e1rios foram aplicados em todos os \u00f3rg\u00e3os da universidade e que obteve como um dos resultados a falta de no\u00e7\u00f5es\/orienta\u00e7\u00f5es sobre arquivamento. Com base nessa necessidade , foi realizado e 2010 um curso de capacita\u00e7\u00e3o ara servidores da institui\u00e7\u00e3o. Foram encontradas algumas dificuldades em rela\u00e7\u00e3o aos locais das aulas. Al\u00e9m disso, durante a realiza\u00e7\u00e3o do curso, v\u00e1rios servidores tiveram que desistir, pois eram necess\u00e1rios em seus ambientes de trabalho. Em 2013, ent\u00e3o, \u00e9 lan\u00e7ado um novo curso de capacita\u00e7\u00e3o, agora na modalidade \u00e0 dist\u00e2ncia. Ent\u00e3o surge a problem\u00e1tica que norteia essa pesquisa: outros arquivistas, que trabalham em Institui\u00e7\u00e3o de Ensino Superior, tamb\u00e9m realizam capacita\u00e7\u00e3o aos servidores da institui\u00e7\u00e3o? \u00c9 na modalidade a dist\u00e2ncia? Se afirmativo, como s\u00e3o efetivadas as aulas? Por m\u00f3dulos em um curo com longa carga hor\u00e1ria? Ou por cursos mais breves? A fim de se esclarecer essas d\u00favidas ser\u00e1 efetuada uma revis\u00e3o bibliogr\u00e1fica, em especial em disserta\u00e7\u00f5es e teses. A fim de se verificar quais IES possuem arquivistas em seus quadro funcional at\u00e9 2012 ser\u00e1 feito u levantamento atrav\u00e9s do Portal Transpar\u00eancia (www.portaltransparencia.gov.br). Depois de verificar quais IES que contam com arquivistas ser\u00e1 feita uma avalia\u00e7\u00e3o da possibilidade de se aplicar um question\u00e1rio a todas, ou a um recorte. Ser\u00e3o ent\u00e3o distribu\u00eddos os question\u00e1rios para verificar o questionamento supra citado. Ent\u00e3o ser\u00e1 feita a tabula\u00e7\u00e3o dos dados e a sua an\u00e1lise. por fim, a partir dessas informa\u00e7\u00f5es, ser\u00e1 feita uma compara\u00e7\u00e3o com o que j\u00e1 foi feito na FURG e a avalia\u00e7\u00e3o, a fim de se efetivar melhorias, se necess\u00e1rio. A capacita\u00e7\u00e3o se faz necess\u00e1ria afim de sensibilizar os servidores para o recolhimento ao Arquivo Geral da documenta\u00e7\u00e3o de forma apropriada e, portanto, preservar a documenta\u00e7\u00e3o permanente, a mem\u00f3ria da institui\u00e7\u00e3o e proporcionar o acesso a informa\u00e7\u00e3o de forma confi\u00e1vel..<\/p>\n","protected":false},"excerpt":{"rendered":"<p>Karin Christine Schwarzbold \u00a0Registro n \u00ba 588211\/2013. Criada em 1969, foi apenas no ano de 2008 que a Universidade Federal do Rio Grande &#8211; FURG pode contar com Arquivistas em seu quadro de servidores. Em, 2010, com a reestrutura\u00e7\u00e3o das unidades acad\u00eamicas e administrativas da Institui\u00e7\u00e3o, \u00e9 criada a unidade de Arquivo Geral, que em [&hellip;]<\/p>\n","protected":false},"author":1,"featured_media":0,"comment_status":"open","ping_status":"open","sticky":false,"template":"","format":"standard","meta":{"ocean_post_layout":"","ocean_both_sidebars_style":"","ocean_both_sidebars_content_width":0,"ocean_both_sidebars_sidebars_width":0,"ocean_sidebar":"","ocean_second_sidebar":"","ocean_disable_margins":"enable","ocean_add_body_class":"","ocean_shortcode_before_top_bar":"","ocean_shortcode_after_top_bar":"","ocean_shortcode_before_header":"","ocean_shortcode_after_header":"","ocean_has_shortcode":"","ocean_shortcode_after_title":"","ocean_shortcode_before_footer_widgets":"","ocean_shortcode_after_footer_widgets":"","ocean_shortcode_before_footer_bottom":"","ocean_shortcode_after_footer_bottom":"","ocean_display_top_bar":"default","ocean_display_header":"default","ocean_header_style":"","ocean_center_header_left_menu":"","ocean_custom_header_template":"","ocean_custom_logo":0,"ocean_custom_retina_logo":0,"ocean_custom_logo_max_width":0,"ocean_custom_logo_tablet_max_width":0,"ocean_custom_logo_mobile_max_width":0,"ocean_custom_logo_max_height":0,"ocean_custom_logo_tablet_max_height":0,"ocean_custom_logo_mobile_max_height":0,"ocean_header_custom_menu":"","ocean_menu_typo_font_family":"","ocean_menu_typo_font_subset":"","ocean_menu_typo_font_size":0,"ocean_menu_typo_font_size_tablet":0,"ocean_menu_typo_font_size_mobile":0,"ocean_menu_typo_font_size_unit":"px","ocean_menu_typo_font_weight":"","ocean_menu_typo_font_weight_tablet":"","ocean_menu_typo_font_weight_mobile":"","ocean_menu_typo_transform":"","ocean_menu_typo_transform_tablet":"","ocean_menu_typo_transform_mobile":"","ocean_menu_typo_line_height":0,"ocean_menu_typo_line_height_tablet":0,"ocean_menu_typo_line_height_mobile":0,"ocean_menu_typo_line_height_unit":"","ocean_menu_typo_spacing":0,"ocean_menu_typo_spacing_tablet":0,"ocean_menu_typo_spacing_mobile":0,"ocean_menu_typo_spacing_unit":"","ocean_menu_link_color":"","ocean_menu_link_color_hover":"","ocean_menu_link_color_active":"","ocean_menu_link_background":"","ocean_menu_link_hover_background":"","ocean_menu_link_active_background":"","ocean_menu_social_links_bg":"","ocean_menu_social_hover_links_bg":"","ocean_menu_social_links_color":"","ocean_menu_social_hover_links_color":"","ocean_disable_title":"default","ocean_disable_heading":"default","ocean_post_title":"","ocean_post_subheading":"","ocean_post_title_style":"","ocean_post_title_background_color":"","ocean_post_title_background":0,"ocean_post_title_bg_image_position":"","ocean_post_title_bg_image_attachment":"","ocean_post_title_bg_image_repeat":"","ocean_post_title_bg_image_size":"","ocean_post_title_height":0,"ocean_post_title_bg_overlay":0.5,"ocean_post_title_bg_overlay_color":"","ocean_disable_breadcrumbs":"default","ocean_breadcrumbs_color":"","ocean_breadcrumbs_separator_color":"","ocean_breadcrumbs_links_color":"","ocean_breadcrumbs_links_hover_color":"","ocean_display_footer_widgets":"default","ocean_display_footer_bottom":"default","ocean_custom_footer_template":"","ocean_post_oembed":"","ocean_post_self_hosted_media":"","ocean_post_video_embed":"","ocean_link_format":"","ocean_link_format_target":"self","ocean_quote_format":"","ocean_quote_format_link":"post","ocean_gallery_link_images":"off","ocean_gallery_id":[],"footnotes":""},"categories":[597,9],"tags":[644],"class_list":["post-3456","post","type-post","status-publish","format-standard","hentry","category-profissional","category-projetos-de-pesquisa","tag-universidade-federal-do-rio-grande-furg","entry"],"_links":{"self":[{"href":"https:\/\/www.ccsa.ufpb.br\/pesquisarquivistica\/wp-json\/wp\/v2\/posts\/3456","targetHints":{"allow":["GET"]}}],"collection":[{"href":"https:\/\/www.ccsa.ufpb.br\/pesquisarquivistica\/wp-json\/wp\/v2\/posts"}],"about":[{"href":"https:\/\/www.ccsa.ufpb.br\/pesquisarquivistica\/wp-json\/wp\/v2\/types\/post"}],"author":[{"embeddable":true,"href":"https:\/\/www.ccsa.ufpb.br\/pesquisarquivistica\/wp-json\/wp\/v2\/users\/1"}],"replies":[{"embeddable":true,"href":"https:\/\/www.ccsa.ufpb.br\/pesquisarquivistica\/wp-json\/wp\/v2\/comments?post=3456"}],"version-history":[{"count":1,"href":"https:\/\/www.ccsa.ufpb.br\/pesquisarquivistica\/wp-json\/wp\/v2\/posts\/3456\/revisions"}],"predecessor-version":[{"id":3457,"href":"https:\/\/www.ccsa.ufpb.br\/pesquisarquivistica\/wp-json\/wp\/v2\/posts\/3456\/revisions\/3457"}],"wp:attachment":[{"href":"https:\/\/www.ccsa.ufpb.br\/pesquisarquivistica\/wp-json\/wp\/v2\/media?parent=3456"}],"wp:term":[{"taxonomy":"category","embeddable":true,"href":"https:\/\/www.ccsa.ufpb.br\/pesquisarquivistica\/wp-json\/wp\/v2\/categories?post=3456"},{"taxonomy":"post_tag","embeddable":true,"href":"https:\/\/www.ccsa.ufpb.br\/pesquisarquivistica\/wp-json\/wp\/v2\/tags?post=3456"}],"curies":[{"name":"wp","href":"https:\/\/api.w.org\/{rel}","templated":true}]}}