{"id":3597,"date":"2022-10-02T16:05:00","date_gmt":"2022-10-02T19:05:00","guid":{"rendered":"http:\/\/www.ccsa.ufpb.br\/pesquisarquivistica\/?p=3597"},"modified":"2022-10-02T16:05:00","modified_gmt":"2022-10-02T19:05:00","slug":"descricao-e-acesso-do-acervo-de-plantas-da-fortaleza-de-sao-jose-da-ponta-grossa-da-ilha-de-santa-catarina-2018","status":"publish","type":"post","link":"https:\/\/www.ccsa.ufpb.br\/pesquisarquivistica\/descricao-e-acesso-do-acervo-de-plantas-da-fortaleza-de-sao-jose-da-ponta-grossa-da-ilha-de-santa-catarina-2018\/","title":{"rendered":"DESCRI\u00c7\u00c3O E ACESSO DO ACERVO DE PLANTAS DA FORTALEZA DE S\u00c3O JOS\u00c9 DA PONTA GROSSA DA ILHA DE SANTA CATARINA. (2018)"},"content":{"rendered":"\n<p><a href=\"http:\/\/lattes.cnpq.br\/0728005190791478\" target=\"_blank\" rel=\"noreferrer noopener\">Cristiano Cavalheiro Lutz<\/a><\/p>\n\n\n\n<p>As fortifica\u00e7\u00f5es militares da Ilha de Santa Catarina, datadas do s\u00e9culo XVIII, ganham destaque como alguns dos elementos mais importantes de natureza arquitet\u00f4nica no estado devido \u00e0 sua arquitetura monumental e a paisagem formada pela mesma. Juntas, as Fortalezas de Santa Cruz, de Santo Ant\u00f4nio e de S\u00e3o Jos\u00e9 da Ponta Grossa formava um sistema triangular de defesa da Barra Norte da Ilha. A presente disserta\u00e7\u00e3o buscou elaborar um invent\u00e1rio das plantas de arquitetura e engenharia da Fortaleza de S\u00e3o Jos\u00e9 da Ponta Grossa da Ilha de Santa Catarina, baseado na Norma Brasileira de Descri\u00e7\u00e3o Arquiv\u00edstica (NOBRADE), visando o acesso e difus\u00e3o do acervo, considerado patrim\u00f4nio documental arquiv\u00edstico da Universidade Federal de Santa Catarina &#8211; UFSC. Das mais de 500 plantas e projetos presentes no acervo da UFSC, 121 pertencem \u00e0 Fortaleza de S\u00e3o Jos\u00e9 da Ponta Grossa, foco do presente trabalho. O trabalho contextualiza os aspectos da hist\u00f3ria do monumento objeto do estudo; mapeia o contexto da produ\u00e7\u00e3o documental e faz um levantamento das atuais condi\u00e7\u00f5es de conserva\u00e7\u00e3o do acervo.<\/p>\n\n\n\n<p>Texto completo dispon\u00edvel em:<a href=\"http:\/\/repositorio.ufsm.br\/handle\/1\/15817\" target=\"_blank\" rel=\"noreferrer noopener\"> http:\/\/repositorio.ufsm.br\/handle\/1\/15817<\/a><\/p>\n","protected":false},"excerpt":{"rendered":"<p>Cristiano Cavalheiro Lutz As fortifica\u00e7\u00f5es militares da Ilha de Santa Catarina, datadas do s\u00e9culo XVIII, ganham destaque como alguns dos elementos mais importantes de natureza arquitet\u00f4nica no estado devido \u00e0 sua arquitetura monumental e a paisagem formada pela mesma. Juntas, as Fortalezas de Santa Cruz, de Santo Ant\u00f4nio e de S\u00e3o Jos\u00e9 da Ponta Grossa [&hellip;]<\/p>\n","protected":false},"author":8,"featured_media":0,"comment_status":"open","ping_status":"open","sticky":false,"template":"","format":"standard","meta":{"ocean_post_layout":"","ocean_both_sidebars_style":"","ocean_both_sidebars_content_width":0,"ocean_both_sidebars_sidebars_width":0,"ocean_sidebar":"","ocean_second_sidebar":"","ocean_disable_margins":"enable","ocean_add_body_class":"","ocean_shortcode_before_top_bar":"","ocean_shortcode_after_top_bar":"","ocean_shortcode_before_header":"","ocean_shortcode_after_header":"","ocean_has_shortcode":"","ocean_shortcode_after_title":"","ocean_shortcode_before_footer_widgets":"","ocean_shortcode_after_footer_widgets":"","ocean_shortcode_before_footer_bottom":"","ocean_shortcode_after_footer_bottom":"","ocean_display_top_bar":"default","ocean_display_header":"default","ocean_header_style":"","ocean_center_header_left_menu":"","ocean_custom_header_template":"","ocean_custom_logo":0,"ocean_custom_retina_logo":0,"ocean_custom_logo_max_width":0,"ocean_custom_logo_tablet_max_width":0,"ocean_custom_logo_mobile_max_width":0,"ocean_custom_logo_max_height":0,"ocean_custom_logo_tablet_max_height":0,"ocean_custom_logo_mobile_max_height":0,"ocean_header_custom_menu":"","ocean_menu_typo_font_family":"","ocean_menu_typo_font_subset":"","ocean_menu_typo_font_size":0,"ocean_menu_typo_font_size_tablet":0,"ocean_menu_typo_font_size_mobile":0,"ocean_menu_typo_font_size_unit":"px","ocean_menu_typo_font_weight":"","ocean_menu_typo_font_weight_tablet":"","ocean_menu_typo_font_weight_mobile":"","ocean_menu_typo_transform":"","ocean_menu_typo_transform_tablet":"","ocean_menu_typo_transform_mobile":"","ocean_menu_typo_line_height":0,"ocean_menu_typo_line_height_tablet":0,"ocean_menu_typo_line_height_mobile":0,"ocean_menu_typo_line_height_unit":"","ocean_menu_typo_spacing":0,"ocean_menu_typo_spacing_tablet":0,"ocean_menu_typo_spacing_mobile":0,"ocean_menu_typo_spacing_unit":"","ocean_menu_link_color":"","ocean_menu_link_color_hover":"","ocean_menu_link_color_active":"","ocean_menu_link_background":"","ocean_menu_link_hover_background":"","ocean_menu_link_active_background":"","ocean_menu_social_links_bg":"","ocean_menu_social_hover_links_bg":"","ocean_menu_social_links_color":"","ocean_menu_social_hover_links_color":"","ocean_disable_title":"default","ocean_disable_heading":"default","ocean_post_title":"","ocean_post_subheading":"","ocean_post_title_style":"","ocean_post_title_background_color":"","ocean_post_title_background":0,"ocean_post_title_bg_image_position":"","ocean_post_title_bg_image_attachment":"","ocean_post_title_bg_image_repeat":"","ocean_post_title_bg_image_size":"","ocean_post_title_height":0,"ocean_post_title_bg_overlay":0.5,"ocean_post_title_bg_overlay_color":"","ocean_disable_breadcrumbs":"default","ocean_breadcrumbs_color":"","ocean_breadcrumbs_separator_color":"","ocean_breadcrumbs_links_color":"","ocean_breadcrumbs_links_hover_color":"","ocean_display_footer_widgets":"default","ocean_display_footer_bottom":"default","ocean_custom_footer_template":"","ocean_post_oembed":"","ocean_post_self_hosted_media":"","ocean_post_video_embed":"","ocean_link_format":"","ocean_link_format_target":"self","ocean_quote_format":"","ocean_quote_format_link":"post","ocean_gallery_link_images":"off","ocean_gallery_id":[],"footnotes":""},"categories":[314,597],"tags":[88,20,559,565],"class_list":["post-3597","post","type-post","status-publish","format-standard","hentry","category-dissertacoes","category-profissional","tag-descricao-arquivistica","tag-patrimonio-cultural","tag-universidade-federal-de-santa-catarina-ufsc","tag-universidade-federal-de-santa-maria-ufsm","entry"],"_links":{"self":[{"href":"https:\/\/www.ccsa.ufpb.br\/pesquisarquivistica\/wp-json\/wp\/v2\/posts\/3597","targetHints":{"allow":["GET"]}}],"collection":[{"href":"https:\/\/www.ccsa.ufpb.br\/pesquisarquivistica\/wp-json\/wp\/v2\/posts"}],"about":[{"href":"https:\/\/www.ccsa.ufpb.br\/pesquisarquivistica\/wp-json\/wp\/v2\/types\/post"}],"author":[{"embeddable":true,"href":"https:\/\/www.ccsa.ufpb.br\/pesquisarquivistica\/wp-json\/wp\/v2\/users\/8"}],"replies":[{"embeddable":true,"href":"https:\/\/www.ccsa.ufpb.br\/pesquisarquivistica\/wp-json\/wp\/v2\/comments?post=3597"}],"version-history":[{"count":1,"href":"https:\/\/www.ccsa.ufpb.br\/pesquisarquivistica\/wp-json\/wp\/v2\/posts\/3597\/revisions"}],"predecessor-version":[{"id":3598,"href":"https:\/\/www.ccsa.ufpb.br\/pesquisarquivistica\/wp-json\/wp\/v2\/posts\/3597\/revisions\/3598"}],"wp:attachment":[{"href":"https:\/\/www.ccsa.ufpb.br\/pesquisarquivistica\/wp-json\/wp\/v2\/media?parent=3597"}],"wp:term":[{"taxonomy":"category","embeddable":true,"href":"https:\/\/www.ccsa.ufpb.br\/pesquisarquivistica\/wp-json\/wp\/v2\/categories?post=3597"},{"taxonomy":"post_tag","embeddable":true,"href":"https:\/\/www.ccsa.ufpb.br\/pesquisarquivistica\/wp-json\/wp\/v2\/tags?post=3597"}],"curies":[{"name":"wp","href":"https:\/\/api.w.org\/{rel}","templated":true}]}}