{"id":3606,"date":"2022-10-03T13:28:42","date_gmt":"2022-10-03T16:28:42","guid":{"rendered":"http:\/\/www.ccsa.ufpb.br\/pesquisarquivistica\/?p=3606"},"modified":"2025-03-08T19:54:19","modified_gmt":"2025-03-08T22:54:19","slug":"3606-2","status":"publish","type":"post","link":"https:\/\/www.ccsa.ufpb.br\/pesquisarquivistica\/3606-2\/","title":{"rendered":"GOVERNAN\u00c7A ARQUIV\u00cdSTICA CONTEPOR\u00c2NEA: trajetos e (re)configura\u00e7\u00f5es das pol\u00edticas e sistemas p\u00fablicos de Arquivos no Brasil sob novos cen\u00e1rios sociais e informacionais (1978-2018) &#8211;  (2016 &#8211; Atual)"},"content":{"rendered":"\n<p><a href=\"http:\/\/lattes.cnpq.br\/3804765278248712\" target=\"_blank\" rel=\"noreferrer noopener\">Jos\u00e9 Maria Jardim<\/a><\/p>\n\n\n\n<p>Pretende-se analisar as configura\u00e7\u00f5es das pol\u00edticas e sistemas arquiv\u00edsticos p\u00fablicos no Brasil, considerando-se: as demandas e impactos atuais dos cen\u00e1rios s\u00f3cio-informacionais nessas configura\u00e7\u00f5es, seu percurso hist\u00f3rico entre 1978 e 2018, as estruturas sist\u00eamicas e pol\u00edticas adotadas nos Executivos federal e estaduais, os alcances e limites dos modelos testados e experi\u00eancias realizadas e as possibilidades te\u00f3ricas da no\u00e7\u00e3o de Governan\u00e7a Arquiv\u00edstica Contempor\u00e2nea. S\u00e3o objetivos espec\u00edficos: identificar como foi aplicado no Brasil, a partir dos anos de 1970, o modelo de sistema nacional de arquivos, difundido pela UNESCO em v\u00e1rios pa\u00edses latino-americanos; subsidiar o ensino e a pesquisa em Ci\u00eancia da Informa\u00e7\u00e3o e Arquivologia no que se refere \u00e0 formula\u00e7\u00e3o, implanta\u00e7\u00e3o e avalia\u00e7\u00e3o de pol\u00edticas e sistemas arquiv\u00edsticos p\u00fablicos; reconhecer e correlacionar as pol\u00edticas e sistemas de arquivos p\u00fablicos nos Executivos Federais e Estaduais com outras estruturas informacionais do Estado brasileiros: Dados Abertos, Acesso \u00e0 Informa\u00e7\u00e3o, Governo Aberto, Governo Eletr\u00f4nico, etc.; apontar cen\u00e1rios futuros sobre as pol\u00edticas e sistemas arquiv\u00edsticos p\u00fablicos no Brasil e favorecer a produ\u00e7\u00e3o de conhecimento sobre pol\u00edticas e sistemas de arquivos p\u00fablicos. Constituem territ\u00f3rios emp\u00edricos de investiga\u00e7\u00e3o: as propostas de modelos de sistema e de pol\u00edticas de informa\u00e7\u00e3o da UNESCO ap\u00f3s os anos de 1970; os sistemas e pol\u00edticas de arquivos propostos, executados ou n\u00e3o, pelos Poderes Executivo, federal e estaduais a partir de 1978; os programas e a\u00e7\u00f5es de Acesso \u00e0 Informa\u00e7\u00e3o Governamental, Dados Aberto, Governo Aberto e Governo Eletr\u00f4nico; os discursos e dispositivos legais que caracterizam o regime jur\u00eddico arquiv\u00edstico (Lei de Arquivos e Lei de Acesso \u00e0 Informa\u00e7\u00e3o). Trata-se de uma pesquisa de car\u00e1ter qualitativo<\/p>\n\n\n\n<p><\/p>\n\n\n\n<p><\/p>\n","protected":false},"excerpt":{"rendered":"<p>Jos\u00e9 Maria Jardim Pretende-se analisar as configura\u00e7\u00f5es das pol\u00edticas e sistemas arquiv\u00edsticos p\u00fablicos no Brasil, considerando-se: as demandas e impactos atuais dos cen\u00e1rios s\u00f3cio-informacionais nessas configura\u00e7\u00f5es, seu percurso hist\u00f3rico entre 1978 e 2018, as estruturas sist\u00eamicas e pol\u00edticas adotadas nos Executivos federal e estaduais, os alcances e limites dos modelos testados e experi\u00eancias realizadas e [&hellip;]<\/p>\n","protected":false},"author":5,"featured_media":0,"comment_status":"open","ping_status":"open","sticky":false,"template":"","format":"standard","meta":{"ocean_post_layout":"","ocean_both_sidebars_style":"","ocean_both_sidebars_content_width":0,"ocean_both_sidebars_sidebars_width":0,"ocean_sidebar":"0","ocean_second_sidebar":"0","ocean_disable_margins":"enable","ocean_add_body_class":"","ocean_shortcode_before_top_bar":"","ocean_shortcode_after_top_bar":"","ocean_shortcode_before_header":"","ocean_shortcode_after_header":"","ocean_has_shortcode":"","ocean_shortcode_after_title":"","ocean_shortcode_before_footer_widgets":"","ocean_shortcode_after_footer_widgets":"","ocean_shortcode_before_footer_bottom":"","ocean_shortcode_after_footer_bottom":"","ocean_display_top_bar":"default","ocean_display_header":"default","ocean_header_style":"","ocean_center_header_left_menu":"0","ocean_custom_header_template":"0","ocean_custom_logo":0,"ocean_custom_retina_logo":0,"ocean_custom_logo_max_width":0,"ocean_custom_logo_tablet_max_width":0,"ocean_custom_logo_mobile_max_width":0,"ocean_custom_logo_max_height":0,"ocean_custom_logo_tablet_max_height":0,"ocean_custom_logo_mobile_max_height":0,"ocean_header_custom_menu":"0","ocean_menu_typo_font_family":"0","ocean_menu_typo_font_subset":"","ocean_menu_typo_font_size":0,"ocean_menu_typo_font_size_tablet":0,"ocean_menu_typo_font_size_mobile":0,"ocean_menu_typo_font_size_unit":"px","ocean_menu_typo_font_weight":"","ocean_menu_typo_font_weight_tablet":"","ocean_menu_typo_font_weight_mobile":"","ocean_menu_typo_transform":"","ocean_menu_typo_transform_tablet":"","ocean_menu_typo_transform_mobile":"","ocean_menu_typo_line_height":0,"ocean_menu_typo_line_height_tablet":0,"ocean_menu_typo_line_height_mobile":0,"ocean_menu_typo_line_height_unit":"","ocean_menu_typo_spacing":0,"ocean_menu_typo_spacing_tablet":0,"ocean_menu_typo_spacing_mobile":0,"ocean_menu_typo_spacing_unit":"","ocean_menu_link_color":"","ocean_menu_link_color_hover":"","ocean_menu_link_color_active":"","ocean_menu_link_background":"","ocean_menu_link_hover_background":"","ocean_menu_link_active_background":"","ocean_menu_social_links_bg":"","ocean_menu_social_hover_links_bg":"","ocean_menu_social_links_color":"","ocean_menu_social_hover_links_color":"","ocean_disable_title":"default","ocean_disable_heading":"default","ocean_post_title":"","ocean_post_subheading":"","ocean_post_title_style":"","ocean_post_title_background_color":"","ocean_post_title_background":0,"ocean_post_title_bg_image_position":"","ocean_post_title_bg_image_attachment":"","ocean_post_title_bg_image_repeat":"","ocean_post_title_bg_image_size":"","ocean_post_title_height":0,"ocean_post_title_bg_overlay":0.5,"ocean_post_title_bg_overlay_color":"","ocean_disable_breadcrumbs":"default","ocean_breadcrumbs_color":"","ocean_breadcrumbs_separator_color":"","ocean_breadcrumbs_links_color":"","ocean_breadcrumbs_links_hover_color":"","ocean_display_footer_widgets":"default","ocean_display_footer_bottom":"default","ocean_custom_footer_template":"0","ocean_post_oembed":"","ocean_post_self_hosted_media":"","ocean_post_video_embed":"","ocean_link_format":"","ocean_link_format_target":"self","ocean_quote_format":"","ocean_quote_format_link":"post","ocean_gallery_link_images":"off","ocean_gallery_id":[],"footnotes":""},"categories":[596,9],"tags":[778,318,570],"class_list":["post-3606","post","type-post","status-publish","format-standard","hentry","category-docente","category-projetos-de-pesquisa","tag-governanca-arquivisticas","tag-politica-publica","tag-universidade-federal-do-estado-do-rio-de-janeiro-unirio","entry"],"_links":{"self":[{"href":"https:\/\/www.ccsa.ufpb.br\/pesquisarquivistica\/wp-json\/wp\/v2\/posts\/3606","targetHints":{"allow":["GET"]}}],"collection":[{"href":"https:\/\/www.ccsa.ufpb.br\/pesquisarquivistica\/wp-json\/wp\/v2\/posts"}],"about":[{"href":"https:\/\/www.ccsa.ufpb.br\/pesquisarquivistica\/wp-json\/wp\/v2\/types\/post"}],"author":[{"embeddable":true,"href":"https:\/\/www.ccsa.ufpb.br\/pesquisarquivistica\/wp-json\/wp\/v2\/users\/5"}],"replies":[{"embeddable":true,"href":"https:\/\/www.ccsa.ufpb.br\/pesquisarquivistica\/wp-json\/wp\/v2\/comments?post=3606"}],"version-history":[{"count":2,"href":"https:\/\/www.ccsa.ufpb.br\/pesquisarquivistica\/wp-json\/wp\/v2\/posts\/3606\/revisions"}],"predecessor-version":[{"id":3608,"href":"https:\/\/www.ccsa.ufpb.br\/pesquisarquivistica\/wp-json\/wp\/v2\/posts\/3606\/revisions\/3608"}],"wp:attachment":[{"href":"https:\/\/www.ccsa.ufpb.br\/pesquisarquivistica\/wp-json\/wp\/v2\/media?parent=3606"}],"wp:term":[{"taxonomy":"category","embeddable":true,"href":"https:\/\/www.ccsa.ufpb.br\/pesquisarquivistica\/wp-json\/wp\/v2\/categories?post=3606"},{"taxonomy":"post_tag","embeddable":true,"href":"https:\/\/www.ccsa.ufpb.br\/pesquisarquivistica\/wp-json\/wp\/v2\/tags?post=3606"}],"curies":[{"name":"wp","href":"https:\/\/api.w.org\/{rel}","templated":true}]}}