{"id":3718,"date":"2022-10-12T20:29:23","date_gmt":"2022-10-12T23:29:23","guid":{"rendered":"http:\/\/www.ccsa.ufpb.br\/pesquisarquivistica\/?p=3718"},"modified":"2022-10-12T20:29:24","modified_gmt":"2022-10-12T23:29:24","slug":"dentificacao-e-tratamento-tecnico-do-acervo-documental-de-ex-discentes-da-escola-politecnica-da-ufba-1897-a-1969-2018-2019","status":"publish","type":"post","link":"https:\/\/www.ccsa.ufpb.br\/pesquisarquivistica\/dentificacao-e-tratamento-tecnico-do-acervo-documental-de-ex-discentes-da-escola-politecnica-da-ufba-1897-a-1969-2018-2019\/","title":{"rendered":"DENTIFICA\u00c7\u00c3O E TRATAMENTO T\u00c9CNICO DO ACERVO DOCUMENTAL DE EX-DISCENTES DA ESCOLA POLIT\u00c9CNICA DA UFBA (1897 A 1969) (2018-2019)"},"content":{"rendered":"\n<p><a href=\"http:\/\/lattes.cnpq.br\/9575599426631865\" data-type=\"URL\" data-id=\"http:\/\/lattes.cnpq.br\/9575599426631865\" target=\"_blank\" rel=\"noreferrer noopener\">Louise Anuncia\u00e7\u00e3o Fonseca de Oliveira do Amaral<\/a><\/p>\n\n\n\n<p>A identifica\u00e7\u00e3o e descri\u00e7\u00e3o do acervo documental de ex-discentes da Escola Polit\u00e9cnica da UFBA do per\u00edodo de 1897 a 1969 ser\u00e1 a proposta para a continui\u00e7\u00e3o deste projeto. Fundada em 12 de julho de 1896, como Instituto Polit\u00e9cnico da Bahia, a ent\u00e3o Escola Polit\u00e9cnica da Bahia foi inaugurada em 14 de mar\u00e7o de 1897. Em 1946, a Escola Polit\u00e9cnica da Bahia \u00e9 incorporada \u00e0 Universidade Federal da Bahia. Ao longo dos seus 120 anos, esta unidade de ensino acumulou um acervo documental que delineia uma trajet\u00f3ria de crescimento, transforma\u00e7\u00f5es e consolida\u00e7\u00e3o da Escola. Este estudo se caracterizar\u00e1 como documental e de levantamento. Este projeto de pesquisa \u00e9 uma continua\u00e7\u00e3o das edi\u00e7\u00f5es do Programa Permanecer 2014, 2015 e 2017..<\/p>\n","protected":false},"excerpt":{"rendered":"<p>Louise Anuncia\u00e7\u00e3o Fonseca de Oliveira do Amaral A identifica\u00e7\u00e3o e descri\u00e7\u00e3o do acervo documental de ex-discentes da Escola Polit\u00e9cnica da UFBA do per\u00edodo de 1897 a 1969 ser\u00e1 a proposta para a continui\u00e7\u00e3o deste projeto. Fundada em 12 de julho de 1896, como Instituto Polit\u00e9cnico da Bahia, a ent\u00e3o Escola Polit\u00e9cnica da Bahia foi inaugurada [&hellip;]<\/p>\n","protected":false},"author":1,"featured_media":0,"comment_status":"open","ping_status":"open","sticky":false,"template":"","format":"standard","meta":{"ocean_post_layout":"","ocean_both_sidebars_style":"","ocean_both_sidebars_content_width":0,"ocean_both_sidebars_sidebars_width":0,"ocean_sidebar":"","ocean_second_sidebar":"","ocean_disable_margins":"enable","ocean_add_body_class":"","ocean_shortcode_before_top_bar":"","ocean_shortcode_after_top_bar":"","ocean_shortcode_before_header":"","ocean_shortcode_after_header":"","ocean_has_shortcode":"","ocean_shortcode_after_title":"","ocean_shortcode_before_footer_widgets":"","ocean_shortcode_after_footer_widgets":"","ocean_shortcode_before_footer_bottom":"","ocean_shortcode_after_footer_bottom":"","ocean_display_top_bar":"default","ocean_display_header":"default","ocean_header_style":"","ocean_center_header_left_menu":"","ocean_custom_header_template":"","ocean_custom_logo":0,"ocean_custom_retina_logo":0,"ocean_custom_logo_max_width":0,"ocean_custom_logo_tablet_max_width":0,"ocean_custom_logo_mobile_max_width":0,"ocean_custom_logo_max_height":0,"ocean_custom_logo_tablet_max_height":0,"ocean_custom_logo_mobile_max_height":0,"ocean_header_custom_menu":"","ocean_menu_typo_font_family":"","ocean_menu_typo_font_subset":"","ocean_menu_typo_font_size":0,"ocean_menu_typo_font_size_tablet":0,"ocean_menu_typo_font_size_mobile":0,"ocean_menu_typo_font_size_unit":"px","ocean_menu_typo_font_weight":"","ocean_menu_typo_font_weight_tablet":"","ocean_menu_typo_font_weight_mobile":"","ocean_menu_typo_transform":"","ocean_menu_typo_transform_tablet":"","ocean_menu_typo_transform_mobile":"","ocean_menu_typo_line_height":0,"ocean_menu_typo_line_height_tablet":0,"ocean_menu_typo_line_height_mobile":0,"ocean_menu_typo_line_height_unit":"","ocean_menu_typo_spacing":0,"ocean_menu_typo_spacing_tablet":0,"ocean_menu_typo_spacing_mobile":0,"ocean_menu_typo_spacing_unit":"","ocean_menu_link_color":"","ocean_menu_link_color_hover":"","ocean_menu_link_color_active":"","ocean_menu_link_background":"","ocean_menu_link_hover_background":"","ocean_menu_link_active_background":"","ocean_menu_social_links_bg":"","ocean_menu_social_hover_links_bg":"","ocean_menu_social_links_color":"","ocean_menu_social_hover_links_color":"","ocean_disable_title":"default","ocean_disable_heading":"default","ocean_post_title":"","ocean_post_subheading":"","ocean_post_title_style":"","ocean_post_title_background_color":"","ocean_post_title_background":0,"ocean_post_title_bg_image_position":"","ocean_post_title_bg_image_attachment":"","ocean_post_title_bg_image_repeat":"","ocean_post_title_bg_image_size":"","ocean_post_title_height":0,"ocean_post_title_bg_overlay":0.5,"ocean_post_title_bg_overlay_color":"","ocean_disable_breadcrumbs":"default","ocean_breadcrumbs_color":"","ocean_breadcrumbs_separator_color":"","ocean_breadcrumbs_links_color":"","ocean_breadcrumbs_links_hover_color":"","ocean_display_footer_widgets":"default","ocean_display_footer_bottom":"default","ocean_custom_footer_template":"","ocean_post_oembed":"","ocean_post_self_hosted_media":"","ocean_post_video_embed":"","ocean_link_format":"","ocean_link_format_target":"self","ocean_quote_format":"","ocean_quote_format_link":"post","ocean_gallery_link_images":"off","ocean_gallery_id":[],"footnotes":""},"categories":[597,9],"tags":[653],"class_list":["post-3718","post","type-post","status-publish","format-standard","hentry","category-profissional","category-projetos-de-pesquisa","tag-universidade-federal-da-bahia-ufba","entry"],"_links":{"self":[{"href":"https:\/\/www.ccsa.ufpb.br\/pesquisarquivistica\/wp-json\/wp\/v2\/posts\/3718","targetHints":{"allow":["GET"]}}],"collection":[{"href":"https:\/\/www.ccsa.ufpb.br\/pesquisarquivistica\/wp-json\/wp\/v2\/posts"}],"about":[{"href":"https:\/\/www.ccsa.ufpb.br\/pesquisarquivistica\/wp-json\/wp\/v2\/types\/post"}],"author":[{"embeddable":true,"href":"https:\/\/www.ccsa.ufpb.br\/pesquisarquivistica\/wp-json\/wp\/v2\/users\/1"}],"replies":[{"embeddable":true,"href":"https:\/\/www.ccsa.ufpb.br\/pesquisarquivistica\/wp-json\/wp\/v2\/comments?post=3718"}],"version-history":[{"count":1,"href":"https:\/\/www.ccsa.ufpb.br\/pesquisarquivistica\/wp-json\/wp\/v2\/posts\/3718\/revisions"}],"predecessor-version":[{"id":3719,"href":"https:\/\/www.ccsa.ufpb.br\/pesquisarquivistica\/wp-json\/wp\/v2\/posts\/3718\/revisions\/3719"}],"wp:attachment":[{"href":"https:\/\/www.ccsa.ufpb.br\/pesquisarquivistica\/wp-json\/wp\/v2\/media?parent=3718"}],"wp:term":[{"taxonomy":"category","embeddable":true,"href":"https:\/\/www.ccsa.ufpb.br\/pesquisarquivistica\/wp-json\/wp\/v2\/categories?post=3718"},{"taxonomy":"post_tag","embeddable":true,"href":"https:\/\/www.ccsa.ufpb.br\/pesquisarquivistica\/wp-json\/wp\/v2\/tags?post=3718"}],"curies":[{"name":"wp","href":"https:\/\/api.w.org\/{rel}","templated":true}]}}