{"id":3897,"date":"2022-11-24T12:03:29","date_gmt":"2022-11-24T15:03:29","guid":{"rendered":"http:\/\/www.ccsa.ufpb.br\/pesquisarquivistica\/?p=3897"},"modified":"2022-11-24T12:03:30","modified_gmt":"2022-11-24T15:03:30","slug":"proposta-para-tratamento-da-massa-documental-acumulada-da-universidade-federal-rural-do-rio-de-janeiro-ufrrj-2019","status":"publish","type":"post","link":"https:\/\/www.ccsa.ufpb.br\/pesquisarquivistica\/proposta-para-tratamento-da-massa-documental-acumulada-da-universidade-federal-rural-do-rio-de-janeiro-ufrrj-2019\/","title":{"rendered":"PROPOSTA PARA TRATAMENTO DA MASSA DOCUMENTAL ACUMULADA DA UNIVERSIDADE FEDERAL RURAL DO RIO DE JANEIRO &#8211; UFRRJ (2019)"},"content":{"rendered":"\n<p><a rel=\"noreferrer noopener\" href=\"http:\/\/lattes.cnpq.br\/8868894937545114\" target=\"_blank\">Glauce Cristina da Concei\u00e7\u00e3o Silva<\/a><\/p>\n\n\n\n<p>Esta pesquisa tem como objetivo elaborar uma proposta para tratamento da massa documental acumulada da Universidade Federal Rural do Rio de Janeiro \u2013 UFRRJ. Para que tal objetivo fosse alcan\u00e7ado foi necess\u00e1rio compreender alguns conceitos b\u00e1sicos sobre gest\u00e3o de documentos e seus procedimentos, sobre massa documental acumulada e como seria a gest\u00e3o de documentos na UFRRJ. Por meio de um pr\u00e9-diagn\u00f3stico feito por amostragem, buscou-se identificar qual seria a situa\u00e7\u00e3o arquiv\u00edstica da Institui\u00e7\u00e3o com rela\u00e7\u00e3o \u00e0 massa documental acumulada nos setores. Este pr\u00e9-diagn\u00f3stico foi aplicado e chegou-se a conclus\u00e3o de que existe massa documental acumulada sem tratamento t\u00e9cnico arquiv\u00edstico em todos os setores pesquisados. A UFRRJ n\u00e3o possui um arquivo institu\u00eddo e sim uma a Se\u00e7\u00e3o de Arquivo e Protocolo Geral que desenvolve as atividades da \u00e1rea arquiv\u00edstica. Verificou-se que a Institui\u00e7\u00e3o n\u00e3o conseguiu implantar um plano de gest\u00e3o de documentos e est\u00e1 iniciando os trabalhos com rela\u00e7\u00e3o \u00e0s pol\u00edticas arquiv\u00edsticas.<\/p>\n\n\n\n<p>Texto completo dispon\u00edvel em: <a href=\"https:\/\/bibliotecadigital.fgv.br\/dspace\/bitstream\/handle\/10438\/27409\/Disserta%C3%A7%C3%A3o_vers%C3%A3o%20final.pdf\" target=\"_blank\" rel=\"noreferrer noopener\">https:\/\/bibliotecadigital.fgv.br\/dspace\/bitstream\/handle\/10438\/27409\/Disserta%C3%A7%C3%A3o_vers%C3%A3o%20final.pdf<\/a><\/p>\n","protected":false},"excerpt":{"rendered":"<p>Glauce Cristina da Concei\u00e7\u00e3o Silva Esta pesquisa tem como objetivo elaborar uma proposta para tratamento da massa documental acumulada da Universidade Federal Rural do Rio de Janeiro \u2013 UFRRJ. Para que tal objetivo fosse alcan\u00e7ado foi necess\u00e1rio compreender alguns conceitos b\u00e1sicos sobre gest\u00e3o de documentos e seus procedimentos, sobre massa documental acumulada e como seria [&hellip;]<\/p>\n","protected":false},"author":6,"featured_media":0,"comment_status":"open","ping_status":"open","sticky":false,"template":"","format":"standard","meta":{"ocean_post_layout":"","ocean_both_sidebars_style":"","ocean_both_sidebars_content_width":0,"ocean_both_sidebars_sidebars_width":0,"ocean_sidebar":"","ocean_second_sidebar":"","ocean_disable_margins":"enable","ocean_add_body_class":"","ocean_shortcode_before_top_bar":"","ocean_shortcode_after_top_bar":"","ocean_shortcode_before_header":"","ocean_shortcode_after_header":"","ocean_has_shortcode":"","ocean_shortcode_after_title":"","ocean_shortcode_before_footer_widgets":"","ocean_shortcode_after_footer_widgets":"","ocean_shortcode_before_footer_bottom":"","ocean_shortcode_after_footer_bottom":"","ocean_display_top_bar":"default","ocean_display_header":"default","ocean_header_style":"","ocean_center_header_left_menu":"","ocean_custom_header_template":"","ocean_custom_logo":0,"ocean_custom_retina_logo":0,"ocean_custom_logo_max_width":0,"ocean_custom_logo_tablet_max_width":0,"ocean_custom_logo_mobile_max_width":0,"ocean_custom_logo_max_height":0,"ocean_custom_logo_tablet_max_height":0,"ocean_custom_logo_mobile_max_height":0,"ocean_header_custom_menu":"","ocean_menu_typo_font_family":"","ocean_menu_typo_font_subset":"","ocean_menu_typo_font_size":0,"ocean_menu_typo_font_size_tablet":0,"ocean_menu_typo_font_size_mobile":0,"ocean_menu_typo_font_size_unit":"px","ocean_menu_typo_font_weight":"","ocean_menu_typo_font_weight_tablet":"","ocean_menu_typo_font_weight_mobile":"","ocean_menu_typo_transform":"","ocean_menu_typo_transform_tablet":"","ocean_menu_typo_transform_mobile":"","ocean_menu_typo_line_height":0,"ocean_menu_typo_line_height_tablet":0,"ocean_menu_typo_line_height_mobile":0,"ocean_menu_typo_line_height_unit":"","ocean_menu_typo_spacing":0,"ocean_menu_typo_spacing_tablet":0,"ocean_menu_typo_spacing_mobile":0,"ocean_menu_typo_spacing_unit":"","ocean_menu_link_color":"","ocean_menu_link_color_hover":"","ocean_menu_link_color_active":"","ocean_menu_link_background":"","ocean_menu_link_hover_background":"","ocean_menu_link_active_background":"","ocean_menu_social_links_bg":"","ocean_menu_social_hover_links_bg":"","ocean_menu_social_links_color":"","ocean_menu_social_hover_links_color":"","ocean_disable_title":"default","ocean_disable_heading":"default","ocean_post_title":"","ocean_post_subheading":"","ocean_post_title_style":"","ocean_post_title_background_color":"","ocean_post_title_background":0,"ocean_post_title_bg_image_position":"","ocean_post_title_bg_image_attachment":"","ocean_post_title_bg_image_repeat":"","ocean_post_title_bg_image_size":"","ocean_post_title_height":0,"ocean_post_title_bg_overlay":0.5,"ocean_post_title_bg_overlay_color":"","ocean_disable_breadcrumbs":"default","ocean_breadcrumbs_color":"","ocean_breadcrumbs_separator_color":"","ocean_breadcrumbs_links_color":"","ocean_breadcrumbs_links_hover_color":"","ocean_display_footer_widgets":"default","ocean_display_footer_bottom":"default","ocean_custom_footer_template":"","ocean_post_oembed":"","ocean_post_self_hosted_media":"","ocean_post_video_embed":"","ocean_link_format":"","ocean_link_format_target":"self","ocean_quote_format":"","ocean_quote_format_link":"post","ocean_gallery_link_images":"off","ocean_gallery_id":[],"footnotes":""},"categories":[314,597],"tags":[74,82,562],"class_list":["post-3897","post","type-post","status-publish","format-standard","hentry","category-dissertacoes","category-profissional","tag-gestao-de-documentos","tag-politicas-arquivisticas","tag-universidade-federal-do-rio-de-janeiro-ufrj","entry"],"_links":{"self":[{"href":"https:\/\/www.ccsa.ufpb.br\/pesquisarquivistica\/wp-json\/wp\/v2\/posts\/3897","targetHints":{"allow":["GET"]}}],"collection":[{"href":"https:\/\/www.ccsa.ufpb.br\/pesquisarquivistica\/wp-json\/wp\/v2\/posts"}],"about":[{"href":"https:\/\/www.ccsa.ufpb.br\/pesquisarquivistica\/wp-json\/wp\/v2\/types\/post"}],"author":[{"embeddable":true,"href":"https:\/\/www.ccsa.ufpb.br\/pesquisarquivistica\/wp-json\/wp\/v2\/users\/6"}],"replies":[{"embeddable":true,"href":"https:\/\/www.ccsa.ufpb.br\/pesquisarquivistica\/wp-json\/wp\/v2\/comments?post=3897"}],"version-history":[{"count":1,"href":"https:\/\/www.ccsa.ufpb.br\/pesquisarquivistica\/wp-json\/wp\/v2\/posts\/3897\/revisions"}],"predecessor-version":[{"id":3898,"href":"https:\/\/www.ccsa.ufpb.br\/pesquisarquivistica\/wp-json\/wp\/v2\/posts\/3897\/revisions\/3898"}],"wp:attachment":[{"href":"https:\/\/www.ccsa.ufpb.br\/pesquisarquivistica\/wp-json\/wp\/v2\/media?parent=3897"}],"wp:term":[{"taxonomy":"category","embeddable":true,"href":"https:\/\/www.ccsa.ufpb.br\/pesquisarquivistica\/wp-json\/wp\/v2\/categories?post=3897"},{"taxonomy":"post_tag","embeddable":true,"href":"https:\/\/www.ccsa.ufpb.br\/pesquisarquivistica\/wp-json\/wp\/v2\/tags?post=3897"}],"curies":[{"name":"wp","href":"https:\/\/api.w.org\/{rel}","templated":true}]}}