{"id":4244,"date":"2022-12-11T23:58:12","date_gmt":"2022-12-12T02:58:12","guid":{"rendered":"http:\/\/www.ccsa.ufpb.br\/pesquisarquivistica\/?p=4244"},"modified":"2025-03-09T19:41:45","modified_gmt":"2025-03-09T22:41:45","slug":"preservacao-e-difusao-da-memoria-institucional-classificacao-documental-organizacao-do-acervo-e-criacao-do-quadro-de-arranjo-da-documentacao-textual-da-escola-superior-de-agricultura-e-veterinaria","status":"publish","type":"post","link":"https:\/\/www.ccsa.ufpb.br\/pesquisarquivistica\/preservacao-e-difusao-da-memoria-institucional-classificacao-documental-organizacao-do-acervo-e-criacao-do-quadro-de-arranjo-da-documentacao-textual-da-escola-superior-de-agricultura-e-veterinaria\/","title":{"rendered":"PRESERVA\u00c7\u00c3O E DIFUS\u00c3O DA MEM\u00d3RIA INSTITUCIONAL: classifica\u00e7\u00e3o documental, organiza\u00e7\u00e3o do acervo e cria\u00e7\u00e3o do quadro de arranjo da documenta\u00e7\u00e3o textual da Escola Superior de Agricultura e Veterin\u00e1ria (ESAV), sob guarda do Arquivo Central e Hist\u00f3rico da UFV (2017-Atual)"},"content":{"rendered":"\n<p>Integrantes: <a href=\"http:\/\/lattes.cnpq.br\/1983832993032895\">Eduardo Luiz dos Santos<\/a> &#8211; Coordenador \/ Vanessa Lana &#8211; Integrante.<\/p>\n\n\n\n<p>Descri\u00e7\u00e3o: finalizar a classifica\u00e7\u00e3o dos documentos do acervo correspondentes \u00e0 primeira fase da hist\u00f3ria da institui\u00e7\u00e3o, separando a documenta\u00e7\u00e3o que poder\u00e1 ser eliminada do acervo; desenvolver um quadro de arranjo apropriado \u00e0s fun\u00e7\u00f5es dos documentos institucionais, elaborando novas s\u00e9ries e reagrupando-as em novas caixas com documentos semelhantes; e descrever tais s\u00e9ries para que posteriormente seja poss\u00edvel a elabora\u00e7\u00e3o de instrumentos de pesquisa que otimizem o acesso pelo pesquisador, como guias e invent\u00e1rios.<\/p>\n\n\n\n<p>Texto completo dispon\u00edvel em:<\/p>\n\n\n\n<p><a href=\"https:\/\/periodicos.ufv.br\/elo\/article\/view\/1001\/550\">https:\/\/periodicos.ufv.br\/elo\/article\/view\/1001\/550<\/a><\/p>\n","protected":false},"excerpt":{"rendered":"<p>Integrantes: Eduardo Luiz dos Santos &#8211; Coordenador \/ Vanessa Lana &#8211; Integrante. Descri\u00e7\u00e3o: finalizar a classifica\u00e7\u00e3o dos documentos do acervo correspondentes \u00e0 primeira fase da hist\u00f3ria da institui\u00e7\u00e3o, separando a documenta\u00e7\u00e3o que poder\u00e1 ser eliminada do acervo; desenvolver um quadro de arranjo apropriado \u00e0s fun\u00e7\u00f5es dos documentos institucionais, elaborando novas s\u00e9ries e reagrupando-as em novas [&hellip;]<\/p>\n","protected":false},"author":4,"featured_media":0,"comment_status":"open","ping_status":"open","sticky":false,"template":"","format":"standard","meta":{"ocean_post_layout":"","ocean_both_sidebars_style":"","ocean_both_sidebars_content_width":0,"ocean_both_sidebars_sidebars_width":0,"ocean_sidebar":"","ocean_second_sidebar":"","ocean_disable_margins":"enable","ocean_add_body_class":"","ocean_shortcode_before_top_bar":"","ocean_shortcode_after_top_bar":"","ocean_shortcode_before_header":"","ocean_shortcode_after_header":"","ocean_has_shortcode":"","ocean_shortcode_after_title":"","ocean_shortcode_before_footer_widgets":"","ocean_shortcode_after_footer_widgets":"","ocean_shortcode_before_footer_bottom":"","ocean_shortcode_after_footer_bottom":"","ocean_display_top_bar":"default","ocean_display_header":"default","ocean_header_style":"","ocean_center_header_left_menu":"","ocean_custom_header_template":"","ocean_custom_logo":0,"ocean_custom_retina_logo":0,"ocean_custom_logo_max_width":0,"ocean_custom_logo_tablet_max_width":0,"ocean_custom_logo_mobile_max_width":0,"ocean_custom_logo_max_height":0,"ocean_custom_logo_tablet_max_height":0,"ocean_custom_logo_mobile_max_height":0,"ocean_header_custom_menu":"","ocean_menu_typo_font_family":"","ocean_menu_typo_font_subset":"","ocean_menu_typo_font_size":0,"ocean_menu_typo_font_size_tablet":0,"ocean_menu_typo_font_size_mobile":0,"ocean_menu_typo_font_size_unit":"px","ocean_menu_typo_font_weight":"","ocean_menu_typo_font_weight_tablet":"","ocean_menu_typo_font_weight_mobile":"","ocean_menu_typo_transform":"","ocean_menu_typo_transform_tablet":"","ocean_menu_typo_transform_mobile":"","ocean_menu_typo_line_height":0,"ocean_menu_typo_line_height_tablet":0,"ocean_menu_typo_line_height_mobile":0,"ocean_menu_typo_line_height_unit":"","ocean_menu_typo_spacing":0,"ocean_menu_typo_spacing_tablet":0,"ocean_menu_typo_spacing_mobile":0,"ocean_menu_typo_spacing_unit":"","ocean_menu_link_color":"","ocean_menu_link_color_hover":"","ocean_menu_link_color_active":"","ocean_menu_link_background":"","ocean_menu_link_hover_background":"","ocean_menu_link_active_background":"","ocean_menu_social_links_bg":"","ocean_menu_social_hover_links_bg":"","ocean_menu_social_links_color":"","ocean_menu_social_hover_links_color":"","ocean_disable_title":"default","ocean_disable_heading":"default","ocean_post_title":"","ocean_post_subheading":"","ocean_post_title_style":"","ocean_post_title_background_color":"","ocean_post_title_background":0,"ocean_post_title_bg_image_position":"","ocean_post_title_bg_image_attachment":"","ocean_post_title_bg_image_repeat":"","ocean_post_title_bg_image_size":"","ocean_post_title_height":0,"ocean_post_title_bg_overlay":0.5,"ocean_post_title_bg_overlay_color":"","ocean_disable_breadcrumbs":"default","ocean_breadcrumbs_color":"","ocean_breadcrumbs_separator_color":"","ocean_breadcrumbs_links_color":"","ocean_breadcrumbs_links_hover_color":"","ocean_display_footer_widgets":"default","ocean_display_footer_bottom":"default","ocean_custom_footer_template":"","ocean_post_oembed":"","ocean_post_self_hosted_media":"","ocean_post_video_embed":"","ocean_link_format":"","ocean_link_format_target":"self","ocean_quote_format":"","ocean_quote_format_link":"post","ocean_gallery_link_images":"off","ocean_gallery_id":[],"footnotes":""},"categories":[597,1],"tags":[454,157,100,95,599,135,843],"class_list":["post-4244","post","type-post","status-publish","format-standard","hentry","category-profissional","category-projetos-de-extensao","tag-classificacao","tag-difusao-de-acervos","tag-memoria-institucional","tag-organizacao-de-arquivos","tag-plano-de-classificacao","tag-preservacao","tag-universidade-federal-de-vicosa-ufv","entry"],"_links":{"self":[{"href":"https:\/\/www.ccsa.ufpb.br\/pesquisarquivistica\/wp-json\/wp\/v2\/posts\/4244","targetHints":{"allow":["GET"]}}],"collection":[{"href":"https:\/\/www.ccsa.ufpb.br\/pesquisarquivistica\/wp-json\/wp\/v2\/posts"}],"about":[{"href":"https:\/\/www.ccsa.ufpb.br\/pesquisarquivistica\/wp-json\/wp\/v2\/types\/post"}],"author":[{"embeddable":true,"href":"https:\/\/www.ccsa.ufpb.br\/pesquisarquivistica\/wp-json\/wp\/v2\/users\/4"}],"replies":[{"embeddable":true,"href":"https:\/\/www.ccsa.ufpb.br\/pesquisarquivistica\/wp-json\/wp\/v2\/comments?post=4244"}],"version-history":[{"count":3,"href":"https:\/\/www.ccsa.ufpb.br\/pesquisarquivistica\/wp-json\/wp\/v2\/posts\/4244\/revisions"}],"predecessor-version":[{"id":8329,"href":"https:\/\/www.ccsa.ufpb.br\/pesquisarquivistica\/wp-json\/wp\/v2\/posts\/4244\/revisions\/8329"}],"wp:attachment":[{"href":"https:\/\/www.ccsa.ufpb.br\/pesquisarquivistica\/wp-json\/wp\/v2\/media?parent=4244"}],"wp:term":[{"taxonomy":"category","embeddable":true,"href":"https:\/\/www.ccsa.ufpb.br\/pesquisarquivistica\/wp-json\/wp\/v2\/categories?post=4244"},{"taxonomy":"post_tag","embeddable":true,"href":"https:\/\/www.ccsa.ufpb.br\/pesquisarquivistica\/wp-json\/wp\/v2\/tags?post=4244"}],"curies":[{"name":"wp","href":"https:\/\/api.w.org\/{rel}","templated":true}]}}