{"id":4267,"date":"2022-12-12T00:44:37","date_gmt":"2022-12-12T03:44:37","guid":{"rendered":"http:\/\/www.ccsa.ufpb.br\/pesquisarquivistica\/?p=4267"},"modified":"2025-03-06T13:52:54","modified_gmt":"2025-03-06T16:52:54","slug":"programa-de-extensao-patrimonio-documental-e-memoria-da-zona-da-mata-mineira-conservacao-preventivadigitalizacao-e-acesso-virtual-dos-acervos-da-esav-e-do-forum-de-vicosa-2012-atual","status":"publish","type":"post","link":"https:\/\/www.ccsa.ufpb.br\/pesquisarquivistica\/programa-de-extensao-patrimonio-documental-e-memoria-da-zona-da-mata-mineira-conservacao-preventivadigitalizacao-e-acesso-virtual-dos-acervos-da-esav-e-do-forum-de-vicosa-2012-atual\/","title":{"rendered":"PROGRAMA DE EXTENS\u00c3O PATRIM\u00d4NIO DOCUMENTAL E MEM\u00d3RIA DA ZONA DA MATA MINEIRA: Conserva\u00e7\u00e3o Preventiva,Digitaliza\u00e7\u00e3o e Acesso Virtual dos Acervos da ESAV e do F\u00f3rum de Vi\u00e7osa (2012-Atual)"},"content":{"rendered":"\n<p>Integrantes: <a href=\"http:\/\/lattes.cnpq.br\/1983832993032895\">Eduardo Luiz dos Santos<\/a> &#8211; Coordenador \/ PATRICIA VARGAS LOPES DE ARAUJO &#8211; Integrante.<\/p>\n\n\n\n<p>Descri\u00e7\u00e3o: O objetivo do programa \u00e9 identificar acervos documentais de valor hist\u00f3rico-cultural e adotar medidas de conserva\u00e7\u00e3o preventiva e acesso por meio digital. Nesse sentido, a equipe envolvida no programa atuar\u00e1 na preserva\u00e7\u00e3o da mem\u00f3ria e regaste da identidade hist\u00f3rico-cultural da regi\u00e3o da Zona da Mata Mineira, e especialmente do munic\u00edpio de Vi\u00e7osa, corporificada nos acervos documentais que, em geral, encontram-se em p\u00e9ssimas condi\u00e7\u00f5es de conserva\u00e7\u00e3o, identifica\u00e7\u00e3o e acesso. Os acervos pertencentes ao F\u00f3rum de Vi\u00e7osa e ao Arquivo Hist\u00f3rico da UFV ser\u00e3o sumetidos a medidas de conserva\u00e7\u00e3o preventiva, organiza\u00e7\u00e3o, digitaliza\u00e7\u00e3o e apresenta\u00e7\u00e3o digital pela Internet.<\/p>\n","protected":false},"excerpt":{"rendered":"<p>Integrantes: Eduardo Luiz dos Santos &#8211; Coordenador \/ PATRICIA VARGAS LOPES DE ARAUJO &#8211; Integrante. Descri\u00e7\u00e3o: O objetivo do programa \u00e9 identificar acervos documentais de valor hist\u00f3rico-cultural e adotar medidas de conserva\u00e7\u00e3o preventiva e acesso por meio digital. Nesse sentido, a equipe envolvida no programa atuar\u00e1 na preserva\u00e7\u00e3o da mem\u00f3ria e regaste da identidade hist\u00f3rico-cultural [&hellip;]<\/p>\n","protected":false},"author":4,"featured_media":0,"comment_status":"open","ping_status":"open","sticky":false,"template":"","format":"standard","meta":{"ocean_post_layout":"","ocean_both_sidebars_style":"","ocean_both_sidebars_content_width":0,"ocean_both_sidebars_sidebars_width":0,"ocean_sidebar":"","ocean_second_sidebar":"","ocean_disable_margins":"enable","ocean_add_body_class":"","ocean_shortcode_before_top_bar":"","ocean_shortcode_after_top_bar":"","ocean_shortcode_before_header":"","ocean_shortcode_after_header":"","ocean_has_shortcode":"","ocean_shortcode_after_title":"","ocean_shortcode_before_footer_widgets":"","ocean_shortcode_after_footer_widgets":"","ocean_shortcode_before_footer_bottom":"","ocean_shortcode_after_footer_bottom":"","ocean_display_top_bar":"default","ocean_display_header":"default","ocean_header_style":"","ocean_center_header_left_menu":"","ocean_custom_header_template":"","ocean_custom_logo":0,"ocean_custom_retina_logo":0,"ocean_custom_logo_max_width":0,"ocean_custom_logo_tablet_max_width":0,"ocean_custom_logo_mobile_max_width":0,"ocean_custom_logo_max_height":0,"ocean_custom_logo_tablet_max_height":0,"ocean_custom_logo_mobile_max_height":0,"ocean_header_custom_menu":"","ocean_menu_typo_font_family":"","ocean_menu_typo_font_subset":"","ocean_menu_typo_font_size":0,"ocean_menu_typo_font_size_tablet":0,"ocean_menu_typo_font_size_mobile":0,"ocean_menu_typo_font_size_unit":"px","ocean_menu_typo_font_weight":"","ocean_menu_typo_font_weight_tablet":"","ocean_menu_typo_font_weight_mobile":"","ocean_menu_typo_transform":"","ocean_menu_typo_transform_tablet":"","ocean_menu_typo_transform_mobile":"","ocean_menu_typo_line_height":0,"ocean_menu_typo_line_height_tablet":0,"ocean_menu_typo_line_height_mobile":0,"ocean_menu_typo_line_height_unit":"","ocean_menu_typo_spacing":0,"ocean_menu_typo_spacing_tablet":0,"ocean_menu_typo_spacing_mobile":0,"ocean_menu_typo_spacing_unit":"","ocean_menu_link_color":"","ocean_menu_link_color_hover":"","ocean_menu_link_color_active":"","ocean_menu_link_background":"","ocean_menu_link_hover_background":"","ocean_menu_link_active_background":"","ocean_menu_social_links_bg":"","ocean_menu_social_hover_links_bg":"","ocean_menu_social_links_color":"","ocean_menu_social_hover_links_color":"","ocean_disable_title":"default","ocean_disable_heading":"default","ocean_post_title":"","ocean_post_subheading":"","ocean_post_title_style":"","ocean_post_title_background_color":"","ocean_post_title_background":0,"ocean_post_title_bg_image_position":"","ocean_post_title_bg_image_attachment":"","ocean_post_title_bg_image_repeat":"","ocean_post_title_bg_image_size":"","ocean_post_title_height":0,"ocean_post_title_bg_overlay":0.5,"ocean_post_title_bg_overlay_color":"","ocean_disable_breadcrumbs":"default","ocean_breadcrumbs_color":"","ocean_breadcrumbs_separator_color":"","ocean_breadcrumbs_links_color":"","ocean_breadcrumbs_links_hover_color":"","ocean_display_footer_widgets":"default","ocean_display_footer_bottom":"default","ocean_custom_footer_template":"","ocean_post_oembed":"","ocean_post_self_hosted_media":"","ocean_post_video_embed":"","ocean_link_format":"","ocean_link_format_target":"self","ocean_quote_format":"","ocean_quote_format_link":"post","ocean_gallery_link_images":"off","ocean_gallery_id":[],"footnotes":""},"categories":[597,1],"tags":[328,642,150,564,135,843],"class_list":["post-4267","post","type-post","status-publish","format-standard","hentry","category-profissional","category-projetos-de-extensao","tag-acesso","tag-conservacao","tag-digitalizacao","tag-patrimonio-arquivistico","tag-preservacao","tag-universidade-federal-de-vicosa-ufv","entry"],"_links":{"self":[{"href":"https:\/\/www.ccsa.ufpb.br\/pesquisarquivistica\/wp-json\/wp\/v2\/posts\/4267","targetHints":{"allow":["GET"]}}],"collection":[{"href":"https:\/\/www.ccsa.ufpb.br\/pesquisarquivistica\/wp-json\/wp\/v2\/posts"}],"about":[{"href":"https:\/\/www.ccsa.ufpb.br\/pesquisarquivistica\/wp-json\/wp\/v2\/types\/post"}],"author":[{"embeddable":true,"href":"https:\/\/www.ccsa.ufpb.br\/pesquisarquivistica\/wp-json\/wp\/v2\/users\/4"}],"replies":[{"embeddable":true,"href":"https:\/\/www.ccsa.ufpb.br\/pesquisarquivistica\/wp-json\/wp\/v2\/comments?post=4267"}],"version-history":[{"count":1,"href":"https:\/\/www.ccsa.ufpb.br\/pesquisarquivistica\/wp-json\/wp\/v2\/posts\/4267\/revisions"}],"predecessor-version":[{"id":4268,"href":"https:\/\/www.ccsa.ufpb.br\/pesquisarquivistica\/wp-json\/wp\/v2\/posts\/4267\/revisions\/4268"}],"wp:attachment":[{"href":"https:\/\/www.ccsa.ufpb.br\/pesquisarquivistica\/wp-json\/wp\/v2\/media?parent=4267"}],"wp:term":[{"taxonomy":"category","embeddable":true,"href":"https:\/\/www.ccsa.ufpb.br\/pesquisarquivistica\/wp-json\/wp\/v2\/categories?post=4267"},{"taxonomy":"post_tag","embeddable":true,"href":"https:\/\/www.ccsa.ufpb.br\/pesquisarquivistica\/wp-json\/wp\/v2\/tags?post=4267"}],"curies":[{"name":"wp","href":"https:\/\/api.w.org\/{rel}","templated":true}]}}