{"id":4470,"date":"2022-12-12T22:49:58","date_gmt":"2022-12-13T01:49:58","guid":{"rendered":"http:\/\/www.ccsa.ufpb.br\/pesquisarquivistica\/?p=4470"},"modified":"2022-12-12T22:49:58","modified_gmt":"2022-12-13T01:49:58","slug":"memorial-manoel-ribas-um-portal-para-a-historia-de-santa-maria-2013-2015","status":"publish","type":"post","link":"https:\/\/www.ccsa.ufpb.br\/pesquisarquivistica\/memorial-manoel-ribas-um-portal-para-a-historia-de-santa-maria-2013-2015\/","title":{"rendered":"MEMORIAL MANOEL RIBAS: um portal para a Hist\u00f3ria de Santa Maria (2013-2015)"},"content":{"rendered":"\n<p>Integrantes: <a href=\"http:\/\/lattes.cnpq.br\/5188868879006071\">Guilherme Garcia Teixeira<\/a> &#8211; Coordenador \/ GLAUCIA KONRAD &#8211; Integrante \/ MARCOS VINICIO DA SILVA &#8211; Integrante \/ RAYSSA WOLF &#8211; Integrante \/ ROBERTO LISBOA &#8211; Integrante.<\/p>\n\n\n\n<p>Descri\u00e7\u00e3o: O presente Projeto de Extens\u00e3o tem com objeto de pesquisa o Memorial Manoel Ribas, departamento integrante do Col\u00e9gio Estadual Manoel Ribas, localizado na Rua Jos\u00e9 do Patroc\u00ednio, 85, \u00e1rea central de Santa Maria &#8211; RS. O Memorial Manoel Ribas, parte integrante do Col\u00e9gio Manoel Ribas tem sob sua guarda valioso acervo sobre a Hist\u00f3ria do S\u00e9culo XX, em \u00e2mbito, local e regional, relacionado aos tempos \u00e1ureos da ferrovia, do ensino, da pol\u00edtica e da cultura at\u00e9 os dias de hoje. A preserva\u00e7\u00e3o deste patrim\u00f4nio documental, juntamente com o patrim\u00f4nio tombado (pr\u00e9dio) parte do recolhimento, preserva\u00e7\u00e3o e organiza\u00e7\u00e3o do acervo produzido e acumulado ao longo do tempo. O potencial cultural, de pesquisa e educacional do acervo do Memorial \u00e9 muito amplo.<\/p>\n","protected":false},"excerpt":{"rendered":"<p>Integrantes: Guilherme Garcia Teixeira &#8211; Coordenador \/ GLAUCIA KONRAD &#8211; Integrante \/ MARCOS VINICIO DA SILVA &#8211; Integrante \/ RAYSSA WOLF &#8211; Integrante \/ ROBERTO LISBOA &#8211; Integrante. Descri\u00e7\u00e3o: O presente Projeto de Extens\u00e3o tem com objeto de pesquisa o Memorial Manoel Ribas, departamento integrante do Col\u00e9gio Estadual Manoel Ribas, localizado na Rua Jos\u00e9 do [&hellip;]<\/p>\n","protected":false},"author":4,"featured_media":0,"comment_status":"open","ping_status":"open","sticky":false,"template":"","format":"standard","meta":{"ocean_post_layout":"","ocean_both_sidebars_style":"","ocean_both_sidebars_content_width":0,"ocean_both_sidebars_sidebars_width":0,"ocean_sidebar":"","ocean_second_sidebar":"","ocean_disable_margins":"enable","ocean_add_body_class":"","ocean_shortcode_before_top_bar":"","ocean_shortcode_after_top_bar":"","ocean_shortcode_before_header":"","ocean_shortcode_after_header":"","ocean_has_shortcode":"","ocean_shortcode_after_title":"","ocean_shortcode_before_footer_widgets":"","ocean_shortcode_after_footer_widgets":"","ocean_shortcode_before_footer_bottom":"","ocean_shortcode_after_footer_bottom":"","ocean_display_top_bar":"default","ocean_display_header":"default","ocean_header_style":"","ocean_center_header_left_menu":"","ocean_custom_header_template":"","ocean_custom_logo":0,"ocean_custom_retina_logo":0,"ocean_custom_logo_max_width":0,"ocean_custom_logo_tablet_max_width":0,"ocean_custom_logo_mobile_max_width":0,"ocean_custom_logo_max_height":0,"ocean_custom_logo_tablet_max_height":0,"ocean_custom_logo_mobile_max_height":0,"ocean_header_custom_menu":"","ocean_menu_typo_font_family":"","ocean_menu_typo_font_subset":"","ocean_menu_typo_font_size":0,"ocean_menu_typo_font_size_tablet":0,"ocean_menu_typo_font_size_mobile":0,"ocean_menu_typo_font_size_unit":"px","ocean_menu_typo_font_weight":"","ocean_menu_typo_font_weight_tablet":"","ocean_menu_typo_font_weight_mobile":"","ocean_menu_typo_transform":"","ocean_menu_typo_transform_tablet":"","ocean_menu_typo_transform_mobile":"","ocean_menu_typo_line_height":0,"ocean_menu_typo_line_height_tablet":0,"ocean_menu_typo_line_height_mobile":0,"ocean_menu_typo_line_height_unit":"","ocean_menu_typo_spacing":0,"ocean_menu_typo_spacing_tablet":0,"ocean_menu_typo_spacing_mobile":0,"ocean_menu_typo_spacing_unit":"","ocean_menu_link_color":"","ocean_menu_link_color_hover":"","ocean_menu_link_color_active":"","ocean_menu_link_background":"","ocean_menu_link_hover_background":"","ocean_menu_link_active_background":"","ocean_menu_social_links_bg":"","ocean_menu_social_hover_links_bg":"","ocean_menu_social_links_color":"","ocean_menu_social_hover_links_color":"","ocean_disable_title":"default","ocean_disable_heading":"default","ocean_post_title":"","ocean_post_subheading":"","ocean_post_title_style":"","ocean_post_title_background_color":"","ocean_post_title_background":0,"ocean_post_title_bg_image_position":"","ocean_post_title_bg_image_attachment":"","ocean_post_title_bg_image_repeat":"","ocean_post_title_bg_image_size":"","ocean_post_title_height":0,"ocean_post_title_bg_overlay":0.5,"ocean_post_title_bg_overlay_color":"","ocean_disable_breadcrumbs":"default","ocean_breadcrumbs_color":"","ocean_breadcrumbs_separator_color":"","ocean_breadcrumbs_links_color":"","ocean_breadcrumbs_links_hover_color":"","ocean_display_footer_widgets":"default","ocean_display_footer_bottom":"default","ocean_custom_footer_template":"","ocean_post_oembed":"","ocean_post_self_hosted_media":"","ocean_post_video_embed":"","ocean_link_format":"","ocean_link_format_target":"self","ocean_quote_format":"","ocean_quote_format_link":"post","ocean_gallery_link_images":"off","ocean_gallery_id":[],"footnotes":""},"categories":[597,1],"tags":[229,854,136,564],"class_list":["post-4470","post","type-post","status-publish","format-standard","hentry","category-profissional","category-projetos-de-extensao","tag-arquivos-historicos","tag-instituto-federal-de-ciencia-e-tecnologia-do-rio-grande-do-sul-ifrs","tag-memoria","tag-patrimonio-arquivistico","entry"],"_links":{"self":[{"href":"https:\/\/www.ccsa.ufpb.br\/pesquisarquivistica\/wp-json\/wp\/v2\/posts\/4470","targetHints":{"allow":["GET"]}}],"collection":[{"href":"https:\/\/www.ccsa.ufpb.br\/pesquisarquivistica\/wp-json\/wp\/v2\/posts"}],"about":[{"href":"https:\/\/www.ccsa.ufpb.br\/pesquisarquivistica\/wp-json\/wp\/v2\/types\/post"}],"author":[{"embeddable":true,"href":"https:\/\/www.ccsa.ufpb.br\/pesquisarquivistica\/wp-json\/wp\/v2\/users\/4"}],"replies":[{"embeddable":true,"href":"https:\/\/www.ccsa.ufpb.br\/pesquisarquivistica\/wp-json\/wp\/v2\/comments?post=4470"}],"version-history":[{"count":1,"href":"https:\/\/www.ccsa.ufpb.br\/pesquisarquivistica\/wp-json\/wp\/v2\/posts\/4470\/revisions"}],"predecessor-version":[{"id":4471,"href":"https:\/\/www.ccsa.ufpb.br\/pesquisarquivistica\/wp-json\/wp\/v2\/posts\/4470\/revisions\/4471"}],"wp:attachment":[{"href":"https:\/\/www.ccsa.ufpb.br\/pesquisarquivistica\/wp-json\/wp\/v2\/media?parent=4470"}],"wp:term":[{"taxonomy":"category","embeddable":true,"href":"https:\/\/www.ccsa.ufpb.br\/pesquisarquivistica\/wp-json\/wp\/v2\/categories?post=4470"},{"taxonomy":"post_tag","embeddable":true,"href":"https:\/\/www.ccsa.ufpb.br\/pesquisarquivistica\/wp-json\/wp\/v2\/tags?post=4470"}],"curies":[{"name":"wp","href":"https:\/\/api.w.org\/{rel}","templated":true}]}}