{"id":4556,"date":"2023-04-11T12:57:15","date_gmt":"2023-04-11T15:57:15","guid":{"rendered":"http:\/\/www.ccsa.ufpb.br\/pesquisarquivistica\/?p=4556"},"modified":"2023-04-11T12:57:15","modified_gmt":"2023-04-11T15:57:15","slug":"gestao-do-conhecimento-na-ciencia-da-informacao-no-brasil-estruturas-cognitiva-e-social-no-seu-processo-de-institucionalizacao-cientifica-2022","status":"publish","type":"post","link":"https:\/\/www.ccsa.ufpb.br\/pesquisarquivistica\/gestao-do-conhecimento-na-ciencia-da-informacao-no-brasil-estruturas-cognitiva-e-social-no-seu-processo-de-institucionalizacao-cientifica-2022\/","title":{"rendered":"GEST\u00c3O DO CONHECIMENTO NA CI\u00caNCIA DA INFORMA\u00c7\u00c3O NO BRASIL: estruturas cognitiva e social no seu processo de institucionaliza\u00e7\u00e3o cient\u00edfica (2022)"},"content":{"rendered":"\n<p><a href=\"http:\/\/lattes.cnpq.br\/9501967201223171\" target=\"_blank\" rel=\"noreferrer noopener\">Rayan Aram\u00eds de Brito Feitoza<\/a><\/p>\n\n\n\n<figure class=\"wp-block-table\"><table><tbody><tr><td><br>A Gest\u00e3o do Conhecimento vem se destacando como um tema de interesse em diferentes campos cient\u00edficos, inclusive na Ci\u00eancia da Informa\u00e7\u00e3o. Analisa o processo de institucionaliza\u00e7\u00e3o cient\u00edfica da Gest\u00e3o do Conhecimento na Ci\u00eancia da Informa\u00e7\u00e3o no Brasil, a partir de suas estruturas cognitiva e social. No percurso metodol\u00f3gico, caracteriza a pesquisa como explorat\u00f3ria e descritiva, de abordagem quantitativa e qualitativa, do tipo bibliogr\u00e1fica e documental. Realiza duas etapas na operacionaliza\u00e7\u00e3o da pesquisa: sistematiza\u00e7\u00e3o de categorias anal\u00edticas, de indicadores e de componentes enquanto crit\u00e9rios de avalia\u00e7\u00e3o; e identifica\u00e7\u00e3o e descri\u00e7\u00e3o dos componentes estruturais da institucionaliza\u00e7\u00e3o cient\u00edfica. Na primeira etapa, adota a An\u00e1lise Conte\u00fado para sistematizar os crit\u00e9rios de avalia\u00e7\u00e3o do atual est\u00e1gio de institucionaliza\u00e7\u00e3o social e cognitiva da Gest\u00e3o do Conhecimento, com base na teoria whitleyliana. Na segunda etapa, para identifica\u00e7\u00e3o dos componentes da estrutura cognitiva da Gest\u00e3o do Conhecimento, elege como universo os trabalhos publicados nos anais das 21 edi\u00e7\u00f5es do Encontro Nacional de Pesquisa e P\u00f3s Gradua\u00e7\u00e3o em Ci\u00eancia da Informa\u00e7\u00e3o e, como amostra, a produ\u00e7\u00e3o cient\u00edfica em Gest\u00e3o do Conhecimento do evento, os autores mais produtivos e os representativos do n\u00facleo tem\u00e1tico definidos por crit\u00e9rios estabelecidos; e, para identifica\u00e7\u00e3o dos componentes da estrutura social da Gest\u00e3o do Conhecimento, levanta documentos na Plataforma Sucupira da Coordena\u00e7\u00e3o de Aperfei\u00e7oamento de Pessoal de N\u00edvel Superior, no Diret\u00f3rio de Grupos de Pesquisa e no Curr\u00edculo Lattes da Plataforma Lattes do Conselho Nacional de Desenvolvimento Cient\u00edfico e Tecnol\u00f3gico, e nos portais de Programas de P\u00f3s-Gradua\u00e7\u00e3o da Ci\u00eancia da Informa\u00e7\u00e3o, de peri\u00f3dicos cient\u00edficos, de rede de coopera\u00e7\u00e3o, e dos eventos cient\u00edficos. Como procedimentos de an\u00e1lise, faz uso, tamb\u00e9m, dos estudos m\u00e9tricos da informa\u00e7\u00e3o a partir da bibliometria, com an\u00e1lise de cita\u00e7\u00f5es. Identifica a linearidade e varia\u00e7\u00e3o terminol\u00f3gica da tem\u00e1tica a partir das palavras-chave e constata que a predomin\u00e2ncia dos termos mais incidentes denota as abordagens da Gest\u00e3o do Conhecimento e d\u00e1 previs\u00e3o de temas para pesquisas futuras. Os fundamentos te\u00f3ricos e metodol\u00f3gicos que embasam as pesquisas sobre a tem\u00e1tica apontam a previsibilidade dos autores e obras da Gest\u00e3o do Conhecimento, a partir das incid\u00eancias de cita\u00e7\u00f5es realizadas pelos citantes. Identifica institui\u00e7\u00f5es que ofertam programas de p\u00f3s-gradua\u00e7\u00e3o e respectivas linhas de pesquisa, grupos de pesquisa, e rede de coopera\u00e7\u00e3o, constatando que esses espa\u00e7os s\u00e3o unidades formativas para pessoas interessadas no tema, como tamb\u00e9m viabilizam o fortalecimento da comunidade cientifica e identidade social interna da Gest\u00e3o do Conhecimento neste campo. Identifica peri\u00f3dicos especializados e eventos cient\u00edficos com escopo no tema, verificando o fortalecimento da identidade social externa da Gest\u00e3o do Conhecimento. Identifica o perfil formativo e as afilia\u00e7\u00f5es institucionais de aloca\u00e7\u00e3o dos pesquisadores respons\u00e1veis pela Gest\u00e3o do Conhecimento. Conclui confirmando as hip\u00f3teses e a tese de que a Gest\u00e3o do Conhecimento se encontra em processo de evolu\u00e7\u00e3o e maturidade, com elevado n\u00edvel de institucionaliza\u00e7\u00e3o na Ci\u00eancia da Informa\u00e7\u00e3o no Brasil, a partir de suas estruturas cognitiva e social, posicionando-se como uma especialidade com abordagens que se configuram como \u00e1reas de pesquisa.<\/td><\/tr><\/tbody><\/table><\/figure>\n\n\n\n<p>Texto completo dispon\u00edvel em: <a href=\"https:\/\/repositorio.ufpb.br\/jspui\/handle\/123456789\/24934?locale=pt_BR\" target=\"_blank\" rel=\"noreferrer noopener\">https:\/\/repositorio.ufpb.br\/jspui\/handle\/123456789\/24934?locale=pt_BR<\/a><\/p>\n","protected":false},"excerpt":{"rendered":"<p>Rayan Aram\u00eds de Brito Feitoza A Gest\u00e3o do Conhecimento vem se destacando como um tema de interesse em diferentes campos cient\u00edficos, inclusive na Ci\u00eancia da Informa\u00e7\u00e3o. Analisa o processo de institucionaliza\u00e7\u00e3o cient\u00edfica da Gest\u00e3o do Conhecimento na Ci\u00eancia da Informa\u00e7\u00e3o no Brasil, a partir de suas estruturas cognitiva e social. No percurso metodol\u00f3gico, caracteriza a [&hellip;]<\/p>\n","protected":false},"author":5,"featured_media":0,"comment_status":"open","ping_status":"open","sticky":false,"template":"","format":"standard","meta":{"ocean_post_layout":"","ocean_both_sidebars_style":"","ocean_both_sidebars_content_width":0,"ocean_both_sidebars_sidebars_width":0,"ocean_sidebar":"0","ocean_second_sidebar":"0","ocean_disable_margins":"enable","ocean_add_body_class":"","ocean_shortcode_before_top_bar":"","ocean_shortcode_after_top_bar":"","ocean_shortcode_before_header":"","ocean_shortcode_after_header":"","ocean_has_shortcode":"","ocean_shortcode_after_title":"","ocean_shortcode_before_footer_widgets":"","ocean_shortcode_after_footer_widgets":"","ocean_shortcode_before_footer_bottom":"","ocean_shortcode_after_footer_bottom":"","ocean_display_top_bar":"default","ocean_display_header":"default","ocean_header_style":"","ocean_center_header_left_menu":"0","ocean_custom_header_template":"0","ocean_custom_logo":0,"ocean_custom_retina_logo":0,"ocean_custom_logo_max_width":0,"ocean_custom_logo_tablet_max_width":0,"ocean_custom_logo_mobile_max_width":0,"ocean_custom_logo_max_height":0,"ocean_custom_logo_tablet_max_height":0,"ocean_custom_logo_mobile_max_height":0,"ocean_header_custom_menu":"0","ocean_menu_typo_font_family":"0","ocean_menu_typo_font_subset":"","ocean_menu_typo_font_size":0,"ocean_menu_typo_font_size_tablet":0,"ocean_menu_typo_font_size_mobile":0,"ocean_menu_typo_font_size_unit":"px","ocean_menu_typo_font_weight":"","ocean_menu_typo_font_weight_tablet":"","ocean_menu_typo_font_weight_mobile":"","ocean_menu_typo_transform":"","ocean_menu_typo_transform_tablet":"","ocean_menu_typo_transform_mobile":"","ocean_menu_typo_line_height":0,"ocean_menu_typo_line_height_tablet":0,"ocean_menu_typo_line_height_mobile":0,"ocean_menu_typo_line_height_unit":"","ocean_menu_typo_spacing":0,"ocean_menu_typo_spacing_tablet":0,"ocean_menu_typo_spacing_mobile":0,"ocean_menu_typo_spacing_unit":"","ocean_menu_link_color":"","ocean_menu_link_color_hover":"","ocean_menu_link_color_active":"","ocean_menu_link_background":"","ocean_menu_link_hover_background":"","ocean_menu_link_active_background":"","ocean_menu_social_links_bg":"","ocean_menu_social_hover_links_bg":"","ocean_menu_social_links_color":"","ocean_menu_social_hover_links_color":"","ocean_disable_title":"default","ocean_disable_heading":"default","ocean_post_title":"","ocean_post_subheading":"","ocean_post_title_style":"","ocean_post_title_background_color":"","ocean_post_title_background":0,"ocean_post_title_bg_image_position":"","ocean_post_title_bg_image_attachment":"","ocean_post_title_bg_image_repeat":"","ocean_post_title_bg_image_size":"","ocean_post_title_height":0,"ocean_post_title_bg_overlay":0.5,"ocean_post_title_bg_overlay_color":"","ocean_disable_breadcrumbs":"default","ocean_breadcrumbs_color":"","ocean_breadcrumbs_separator_color":"","ocean_breadcrumbs_links_color":"","ocean_breadcrumbs_links_hover_color":"","ocean_display_footer_widgets":"default","ocean_display_footer_bottom":"default","ocean_custom_footer_template":"0","ocean_post_oembed":"","ocean_post_self_hosted_media":"","ocean_post_video_embed":"","ocean_link_format":"","ocean_link_format_target":"self","ocean_quote_format":"","ocean_quote_format_link":"post","ocean_gallery_link_images":"off","ocean_gallery_id":[],"footnotes":""},"categories":[596,313],"tags":[870,563],"class_list":["post-4556","post","type-post","status-publish","format-standard","hentry","category-docente","category-teses","tag-gestao-do-conhecimento","tag-universidade-federal-da-paraiba-ufpb","entry"],"_links":{"self":[{"href":"https:\/\/www.ccsa.ufpb.br\/pesquisarquivistica\/wp-json\/wp\/v2\/posts\/4556","targetHints":{"allow":["GET"]}}],"collection":[{"href":"https:\/\/www.ccsa.ufpb.br\/pesquisarquivistica\/wp-json\/wp\/v2\/posts"}],"about":[{"href":"https:\/\/www.ccsa.ufpb.br\/pesquisarquivistica\/wp-json\/wp\/v2\/types\/post"}],"author":[{"embeddable":true,"href":"https:\/\/www.ccsa.ufpb.br\/pesquisarquivistica\/wp-json\/wp\/v2\/users\/5"}],"replies":[{"embeddable":true,"href":"https:\/\/www.ccsa.ufpb.br\/pesquisarquivistica\/wp-json\/wp\/v2\/comments?post=4556"}],"version-history":[{"count":1,"href":"https:\/\/www.ccsa.ufpb.br\/pesquisarquivistica\/wp-json\/wp\/v2\/posts\/4556\/revisions"}],"predecessor-version":[{"id":4557,"href":"https:\/\/www.ccsa.ufpb.br\/pesquisarquivistica\/wp-json\/wp\/v2\/posts\/4556\/revisions\/4557"}],"wp:attachment":[{"href":"https:\/\/www.ccsa.ufpb.br\/pesquisarquivistica\/wp-json\/wp\/v2\/media?parent=4556"}],"wp:term":[{"taxonomy":"category","embeddable":true,"href":"https:\/\/www.ccsa.ufpb.br\/pesquisarquivistica\/wp-json\/wp\/v2\/categories?post=4556"},{"taxonomy":"post_tag","embeddable":true,"href":"https:\/\/www.ccsa.ufpb.br\/pesquisarquivistica\/wp-json\/wp\/v2\/tags?post=4556"}],"curies":[{"name":"wp","href":"https:\/\/api.w.org\/{rel}","templated":true}]}}