{"id":4558,"date":"2023-04-11T13:11:22","date_gmt":"2023-04-11T16:11:22","guid":{"rendered":"http:\/\/www.ccsa.ufpb.br\/pesquisarquivistica\/?p=4558"},"modified":"2023-04-11T13:11:23","modified_gmt":"2023-04-11T16:11:23","slug":"o-arquivo-privado-no-terceiro-setor-ong-engenho-cumbe-um-espaco-de-memoria-2003-2013-2015","status":"publish","type":"post","link":"https:\/\/www.ccsa.ufpb.br\/pesquisarquivistica\/o-arquivo-privado-no-terceiro-setor-ong-engenho-cumbe-um-espaco-de-memoria-2003-2013-2015\/","title":{"rendered":"O ARQUIVO PRIVADO  NO TERCEIRO SETOR: ONG Engenho Cumbe, um espa\u00e7o de mem\u00f3ria (2003-2013) &#8211; (2015)"},"content":{"rendered":"\n<p><a href=\"http:\/\/lattes.cnpq.br\/6827885737819412\" target=\"_blank\" rel=\"noreferrer noopener\">Valdir de Lima Silva<\/a><\/p>\n\n\n\n<p>Objetiva refletir a cerca dos arquivos privados do terceiro setor, tomando como foco de an\u00e1lise o arquivo da ONG Encumbe, entidade localizada no munic\u00edpio de Santa Rita, Para\u00edba. Buscou-se compreender te\u00f3rica e conceitualmente os arquivos privados, partindo para vislumbrar a teoria a partir da trajet\u00f3ria institucional da Encumbe aliada a trajet\u00f3ria de seu fundador, bem como a import\u00e2ncia do conjunto documental produzido pela entidade, percebendo-a enquanto espa\u00e7o representativo de uma mem\u00f3ria coletiva. Do ponto de vista metodol\u00f3gico, adotou-se como aspecto orteador a pesquisa documental associada \u00e0 teoria indici\u00e1ria. Os resultados apontam a necessidade de debru\u00e7ar-se sobre este tipo especifico de arquivo, bem como pensar as institui\u00e7\u00f5es n\u00e3o governamentais como espa\u00e7os de mem\u00f3ria.<\/p>\n\n\n\n<p>Texto completo dispon\u00edvel: <a href=\"https:\/\/repositorio.ufpb.br\/jspui\/handle\/123456789\/1274?locale=pt_BR\" target=\"_blank\" rel=\"noreferrer noopener\">https:\/\/repositorio.ufpb.br\/jspui\/handle\/123456789\/1274?locale=pt_BR<\/a><\/p>\n","protected":false},"excerpt":{"rendered":"<p>Valdir de Lima Silva Objetiva refletir a cerca dos arquivos privados do terceiro setor, tomando como foco de an\u00e1lise o arquivo da ONG Encumbe, entidade localizada no munic\u00edpio de Santa Rita, Para\u00edba. Buscou-se compreender te\u00f3rica e conceitualmente os arquivos privados, partindo para vislumbrar a teoria a partir da trajet\u00f3ria institucional da Encumbe aliada a trajet\u00f3ria [&hellip;]<\/p>\n","protected":false},"author":5,"featured_media":0,"comment_status":"open","ping_status":"open","sticky":false,"template":"","format":"standard","meta":{"ocean_post_layout":"","ocean_both_sidebars_style":"","ocean_both_sidebars_content_width":0,"ocean_both_sidebars_sidebars_width":0,"ocean_sidebar":"0","ocean_second_sidebar":"0","ocean_disable_margins":"enable","ocean_add_body_class":"","ocean_shortcode_before_top_bar":"","ocean_shortcode_after_top_bar":"","ocean_shortcode_before_header":"","ocean_shortcode_after_header":"","ocean_has_shortcode":"","ocean_shortcode_after_title":"","ocean_shortcode_before_footer_widgets":"","ocean_shortcode_after_footer_widgets":"","ocean_shortcode_before_footer_bottom":"","ocean_shortcode_after_footer_bottom":"","ocean_display_top_bar":"default","ocean_display_header":"default","ocean_header_style":"","ocean_center_header_left_menu":"0","ocean_custom_header_template":"0","ocean_custom_logo":0,"ocean_custom_retina_logo":0,"ocean_custom_logo_max_width":0,"ocean_custom_logo_tablet_max_width":0,"ocean_custom_logo_mobile_max_width":0,"ocean_custom_logo_max_height":0,"ocean_custom_logo_tablet_max_height":0,"ocean_custom_logo_mobile_max_height":0,"ocean_header_custom_menu":"0","ocean_menu_typo_font_family":"0","ocean_menu_typo_font_subset":"","ocean_menu_typo_font_size":0,"ocean_menu_typo_font_size_tablet":0,"ocean_menu_typo_font_size_mobile":0,"ocean_menu_typo_font_size_unit":"px","ocean_menu_typo_font_weight":"","ocean_menu_typo_font_weight_tablet":"","ocean_menu_typo_font_weight_mobile":"","ocean_menu_typo_transform":"","ocean_menu_typo_transform_tablet":"","ocean_menu_typo_transform_mobile":"","ocean_menu_typo_line_height":0,"ocean_menu_typo_line_height_tablet":0,"ocean_menu_typo_line_height_mobile":0,"ocean_menu_typo_line_height_unit":"","ocean_menu_typo_spacing":0,"ocean_menu_typo_spacing_tablet":0,"ocean_menu_typo_spacing_mobile":0,"ocean_menu_typo_spacing_unit":"","ocean_menu_link_color":"","ocean_menu_link_color_hover":"","ocean_menu_link_color_active":"","ocean_menu_link_background":"","ocean_menu_link_hover_background":"","ocean_menu_link_active_background":"","ocean_menu_social_links_bg":"","ocean_menu_social_hover_links_bg":"","ocean_menu_social_links_color":"","ocean_menu_social_hover_links_color":"","ocean_disable_title":"default","ocean_disable_heading":"default","ocean_post_title":"","ocean_post_subheading":"","ocean_post_title_style":"","ocean_post_title_background_color":"","ocean_post_title_background":0,"ocean_post_title_bg_image_position":"","ocean_post_title_bg_image_attachment":"","ocean_post_title_bg_image_repeat":"","ocean_post_title_bg_image_size":"","ocean_post_title_height":0,"ocean_post_title_bg_overlay":0.5,"ocean_post_title_bg_overlay_color":"","ocean_disable_breadcrumbs":"default","ocean_breadcrumbs_color":"","ocean_breadcrumbs_separator_color":"","ocean_breadcrumbs_links_color":"","ocean_breadcrumbs_links_hover_color":"","ocean_display_footer_widgets":"default","ocean_display_footer_bottom":"default","ocean_custom_footer_template":"0","ocean_post_oembed":"","ocean_post_self_hosted_media":"","ocean_post_video_embed":"","ocean_link_format":"","ocean_link_format_target":"self","ocean_quote_format":"","ocean_quote_format_link":"post","ocean_gallery_link_images":"off","ocean_gallery_id":[],"footnotes":""},"categories":[596,315],"tags":[602,136,563],"class_list":["post-4558","post","type-post","status-publish","format-standard","hentry","category-docente","category-tcc-graduacao","tag-arquivo-privado","tag-memoria","tag-universidade-federal-da-paraiba-ufpb","entry"],"_links":{"self":[{"href":"https:\/\/www.ccsa.ufpb.br\/pesquisarquivistica\/wp-json\/wp\/v2\/posts\/4558","targetHints":{"allow":["GET"]}}],"collection":[{"href":"https:\/\/www.ccsa.ufpb.br\/pesquisarquivistica\/wp-json\/wp\/v2\/posts"}],"about":[{"href":"https:\/\/www.ccsa.ufpb.br\/pesquisarquivistica\/wp-json\/wp\/v2\/types\/post"}],"author":[{"embeddable":true,"href":"https:\/\/www.ccsa.ufpb.br\/pesquisarquivistica\/wp-json\/wp\/v2\/users\/5"}],"replies":[{"embeddable":true,"href":"https:\/\/www.ccsa.ufpb.br\/pesquisarquivistica\/wp-json\/wp\/v2\/comments?post=4558"}],"version-history":[{"count":1,"href":"https:\/\/www.ccsa.ufpb.br\/pesquisarquivistica\/wp-json\/wp\/v2\/posts\/4558\/revisions"}],"predecessor-version":[{"id":4559,"href":"https:\/\/www.ccsa.ufpb.br\/pesquisarquivistica\/wp-json\/wp\/v2\/posts\/4558\/revisions\/4559"}],"wp:attachment":[{"href":"https:\/\/www.ccsa.ufpb.br\/pesquisarquivistica\/wp-json\/wp\/v2\/media?parent=4558"}],"wp:term":[{"taxonomy":"category","embeddable":true,"href":"https:\/\/www.ccsa.ufpb.br\/pesquisarquivistica\/wp-json\/wp\/v2\/categories?post=4558"},{"taxonomy":"post_tag","embeddable":true,"href":"https:\/\/www.ccsa.ufpb.br\/pesquisarquivistica\/wp-json\/wp\/v2\/tags?post=4558"}],"curies":[{"name":"wp","href":"https:\/\/api.w.org\/{rel}","templated":true}]}}