{"id":4656,"date":"2023-08-02T21:20:23","date_gmt":"2023-08-03T00:20:23","guid":{"rendered":"http:\/\/www.ccsa.ufpb.br\/pesquisarquivistica\/?p=4656"},"modified":"2025-03-04T21:41:50","modified_gmt":"2025-03-05T00:41:50","slug":"diagnostico-dos-arquivos-setoriais-da-araujo-imobiliaria-delineando-o-valor-da-informacao-no-mercado-imobiliario-2013","status":"publish","type":"post","link":"https:\/\/www.ccsa.ufpb.br\/pesquisarquivistica\/diagnostico-dos-arquivos-setoriais-da-araujo-imobiliaria-delineando-o-valor-da-informacao-no-mercado-imobiliario-2013\/","title":{"rendered":"DIAGN\u00d3STICO DOS ARQUIVOS SETORIAIS DA ARA\u00daJO IMOBILI\u00c1RIA: delineando o valor da informa\u00e7\u00e3o no mercado imobili\u00e1rio (2013)"},"content":{"rendered":"\n<h2 class=\"wp-block-heading\"><a href=\"http:\/\/lattes.cnpq.br\/5101725832504221\" target=\"_blank\" rel=\"noreferrer noopener\">Larissa de Albuquerque Patr\u00edcio <\/a><\/h2>\n\n\n\n<p class=\"wp-block-paragraph\">O objetivo deste estudo \u00e9 analisar o processo da gest\u00e3o documental dos arquivos dos setores da Ara\u00fajo Imobili\u00e1ria, e propor melhorias no desenvolvimento desde a produ\u00e7\u00e3o dos documentos at\u00e9 a fase intermedi\u00e1ria, visto que a informa\u00e7\u00e3o organizada torna grande aliada na tomada de decis\u00f5es no mercado de trabalho. A pesquisa surge da necessidade em ter a massa documental ordenada e criar sintonia entre os setores, com base nisso o trabalho apresenta uma proposta de centralizar os documentos que se encontram na fase intermedi\u00e1ria. Metodologicamente trata-se de uma pesquisa emp\u00edrica com abordagem qualitativa, caracterizada por estudo de caso, Com aplica\u00e7\u00e3o do diagn\u00f3stico, pode perceber a necessidade em ter um local apropriado para estabelecer crit\u00e9rios arquiv\u00edsticos nos acervos, a fim de evitar o acumulo desordenado nos setores da empresa, dessa forma recuperar as informa\u00e7\u00f5es com rapidez e utiliz\u00e1-las nas tomadas de decis\u00f5es. Sendo assim, foi proposto um modelo de centraliza\u00e7\u00e3o para os documentos intermedi\u00e1rios de acordo com a realidade da empresa.<\/p>\n\n\n\n<p class=\"wp-block-paragraph\"><\/p>\n\n\n\n<p class=\"wp-block-paragraph\">Texto completo dispon\u00edvel em: <a href=\"https:\/\/dspace.bc.uepb.edu.br\/jspui\/handle\/123456789\/2780\" target=\"_blank\" rel=\"noreferrer noopener\"> https:\/\/dspace.bc.uepb.edu.br\/jspui\/handle\/123456789\/2780<\/a><\/p>\n\n\n\n<p class=\"wp-block-paragraph\"><\/p>\n","protected":false},"excerpt":{"rendered":"<p>Larissa de Albuquerque Patr\u00edcio O objetivo deste estudo \u00e9 analisar o processo da gest\u00e3o documental dos arquivos dos setores da Ara\u00fajo Imobili\u00e1ria, e propor melhorias no desenvolvimento desde a produ\u00e7\u00e3o dos documentos at\u00e9 a fase intermedi\u00e1ria, visto que a informa\u00e7\u00e3o organizada torna grande aliada na tomada de decis\u00f5es no mercado de trabalho. A pesquisa surge [&hellip;]<\/p>\n","protected":false},"author":5,"featured_media":0,"comment_status":"open","ping_status":"open","sticky":false,"template":"","format":"standard","meta":{"ocean_front_end_style_editor":"no","ocean_post_layout":"","ocean_both_sidebars_style":"","ocean_both_sidebars_content_width":0,"ocean_both_sidebars_sidebars_width":0,"ocean_sidebar":"0","ocean_second_sidebar":"0","ocean_disable_margins":"enable","ocean_add_body_class":"","ocean_shortcode_before_top_bar":"","ocean_shortcode_after_top_bar":"","ocean_shortcode_before_header":"","ocean_shortcode_after_header":"","ocean_has_shortcode":"","ocean_shortcode_after_title":"","ocean_shortcode_before_footer_widgets":"","ocean_shortcode_after_footer_widgets":"","ocean_shortcode_before_footer_bottom":"","ocean_shortcode_after_footer_bottom":"","ocean_display_top_bar":"default","ocean_display_header":"default","ocean_header_style":"","ocean_center_header_left_menu":"0","ocean_custom_header_template":"0","ocean_custom_logo":0,"ocean_custom_retina_logo":0,"ocean_custom_logo_max_width":0,"ocean_custom_logo_tablet_max_width":0,"ocean_custom_logo_mobile_max_width":0,"ocean_custom_logo_max_height":0,"ocean_custom_logo_tablet_max_height":0,"ocean_custom_logo_mobile_max_height":0,"ocean_header_custom_menu":"0","ocean_menu_typo_font_family":"0","ocean_menu_typo_font_subset":"","ocean_menu_typo_font_size":0,"ocean_menu_typo_font_size_tablet":0,"ocean_menu_typo_font_size_mobile":0,"ocean_menu_typo_font_size_unit":"px","ocean_menu_typo_font_weight":"","ocean_menu_typo_font_weight_tablet":"","ocean_menu_typo_font_weight_mobile":"","ocean_menu_typo_transform":"","ocean_menu_typo_transform_tablet":"","ocean_menu_typo_transform_mobile":"","ocean_menu_typo_line_height":0,"ocean_menu_typo_line_height_tablet":0,"ocean_menu_typo_line_height_mobile":0,"ocean_menu_typo_line_height_unit":"","ocean_menu_typo_spacing":0,"ocean_menu_typo_spacing_tablet":0,"ocean_menu_typo_spacing_mobile":0,"ocean_menu_typo_spacing_unit":"","ocean_menu_link_color":"","ocean_menu_link_color_hover":"","ocean_menu_link_color_active":"","ocean_menu_link_background":"","ocean_menu_link_hover_background":"","ocean_menu_link_active_background":"","ocean_menu_social_links_bg":"","ocean_menu_social_hover_links_bg":"","ocean_menu_social_links_color":"","ocean_menu_social_hover_links_color":"","ocean_disable_title":"default","ocean_disable_heading":"default","ocean_post_title":"","ocean_post_subheading":"","ocean_post_title_style":"","ocean_post_title_background_color":"","ocean_post_title_background":0,"ocean_post_title_bg_image_position":"","ocean_post_title_bg_image_attachment":"","ocean_post_title_bg_image_repeat":"","ocean_post_title_bg_image_size":"","ocean_post_title_height":0,"ocean_post_title_bg_overlay":0.5,"ocean_post_title_bg_overlay_color":"","ocean_disable_breadcrumbs":"default","ocean_breadcrumbs_color":"","ocean_breadcrumbs_separator_color":"","ocean_breadcrumbs_links_color":"","ocean_breadcrumbs_links_hover_color":"","ocean_display_footer_widgets":"default","ocean_display_footer_bottom":"default","ocean_custom_footer_template":"0","ocean_post_oembed":"","ocean_post_self_hosted_media":"","ocean_post_video_embed":"","ocean_link_format":"","ocean_link_format_target":"self","ocean_quote_format":"","ocean_quote_format_link":"post","ocean_gallery_link_images":"off","ocean_gallery_id":[],"footnotes":""},"categories":[597,315],"tags":[671,74,894],"class_list":["post-4656","post","type-post","status-publish","format-standard","hentry","category-profissional","category-tcc-graduacao","tag-diagnostico-arquivistico","tag-gestao-de-documentos","tag-universidade-federal-do-vale-do-sao-francisco-univasf","entry"],"_links":{"self":[{"href":"https:\/\/www.ccsa.ufpb.br\/pesquisarquivistica\/wp-json\/wp\/v2\/posts\/4656","targetHints":{"allow":["GET"]}}],"collection":[{"href":"https:\/\/www.ccsa.ufpb.br\/pesquisarquivistica\/wp-json\/wp\/v2\/posts"}],"about":[{"href":"https:\/\/www.ccsa.ufpb.br\/pesquisarquivistica\/wp-json\/wp\/v2\/types\/post"}],"author":[{"embeddable":true,"href":"https:\/\/www.ccsa.ufpb.br\/pesquisarquivistica\/wp-json\/wp\/v2\/users\/5"}],"replies":[{"embeddable":true,"href":"https:\/\/www.ccsa.ufpb.br\/pesquisarquivistica\/wp-json\/wp\/v2\/comments?post=4656"}],"version-history":[{"count":1,"href":"https:\/\/www.ccsa.ufpb.br\/pesquisarquivistica\/wp-json\/wp\/v2\/posts\/4656\/revisions"}],"predecessor-version":[{"id":4657,"href":"https:\/\/www.ccsa.ufpb.br\/pesquisarquivistica\/wp-json\/wp\/v2\/posts\/4656\/revisions\/4657"}],"wp:attachment":[{"href":"https:\/\/www.ccsa.ufpb.br\/pesquisarquivistica\/wp-json\/wp\/v2\/media?parent=4656"}],"wp:term":[{"taxonomy":"category","embeddable":true,"href":"https:\/\/www.ccsa.ufpb.br\/pesquisarquivistica\/wp-json\/wp\/v2\/categories?post=4656"},{"taxonomy":"post_tag","embeddable":true,"href":"https:\/\/www.ccsa.ufpb.br\/pesquisarquivistica\/wp-json\/wp\/v2\/tags?post=4656"}],"curies":[{"name":"wp","href":"https:\/\/api.w.org\/{rel}","templated":true}]}}