{"id":4784,"date":"2023-08-11T11:32:18","date_gmt":"2023-08-11T14:32:18","guid":{"rendered":"http:\/\/www.ccsa.ufpb.br\/pesquisarquivistica\/?p=4784"},"modified":"2023-08-11T11:32:19","modified_gmt":"2023-08-11T14:32:19","slug":"patrimonio-cultural-e-preservacao-da-memoria-o-reinado-no-acervo-do-museu-historico-e-artistico-de-claudio-2014-atual-2","status":"publish","type":"post","link":"https:\/\/www.ccsa.ufpb.br\/pesquisarquivistica\/patrimonio-cultural-e-preservacao-da-memoria-o-reinado-no-acervo-do-museu-historico-e-artistico-de-claudio-2014-atual-2\/","title":{"rendered":"PATRIM\u00d4NIO CULTURAL E PRESERVA\u00c7\u00c3O DA MEM\u00d3RIA: O REINADO NO ACERVO DO MUSEU HIST\u00d3RICO E ART\u00cdSTICO DE CL\u00c1UDIO (2014- Atual)"},"content":{"rendered":"\n<p><a href=\"http:\/\/lattes.cnpq.br\/1983832993032895\" data-type=\"link\" data-id=\"http:\/\/lattes.cnpq.br\/1983832993032895\" target=\"_blank\" rel=\"noreferrer noopener\">Eduardo Luiz dos Santos<\/a> &#8211; Coordenador \/ Jonas Marcal de Queiroz &#8211; Integrante \/ Elida Marques de Souza &#8211; Integrante \/ Sara Helena Amaral de Sousa &#8211; Integrante.<\/p>\n\n\n\n<p>A abertura e estrutura\u00e7\u00e3o de um arquivo permanente da cidade de Cl\u00e1udio juntamente a prefeitura da mesma propiciar\u00e1 a pesquisa e debate sobre a organiza\u00e7\u00e3o de uma grande manifesta\u00e7\u00e3o cultural da cidade, a festa do Reinado, com isso possibilitaremos a prefeitura a oportunidade de trabalhar tamb\u00e9m explorando o aspecto tur\u00edstico da festa ofertando a toda a popula\u00e7\u00e3o informa\u00e7\u00f5es acerca da mesma. Outra a\u00e7\u00e3o desenvolvida no trabalho ser\u00e1 a promo\u00e7\u00e3o de entrevistas com integrantes da Irmandade do Ros\u00e1rio da cidade, como tamb\u00e9m com membros dos grupos de &#8220;terno&#8221; os quais s\u00e3o descendentes dos fundadores da tradi\u00e7\u00e3o na cidade, tal trabalho propiciar\u00e1 a exposi\u00e7\u00e3o da representatividade da tradi\u00e7\u00e3o do Reinado para herdeiros dessa cultura. Os materiais produzidos a partir de tais entrevistas ser\u00e3o reunidos ao acervo do arquivo do Museu Hist\u00f3rico e Art\u00edstico de Cl\u00e1udio, em uma das s\u00e9ries organizadas, assim o arquivo ter\u00e1 seu papel de difusor da informa\u00e7\u00e3o na medida em que abrigar\u00e1 documentos e discursos da mem\u00f3ria.<\/p>\n\n\n\n<p><\/p>\n\n\n\n<p><\/p>\n","protected":false},"excerpt":{"rendered":"<p>Eduardo Luiz dos Santos &#8211; Coordenador \/ Jonas Marcal de Queiroz &#8211; Integrante \/ Elida Marques de Souza &#8211; Integrante \/ Sara Helena Amaral de Sousa &#8211; Integrante. A abertura e estrutura\u00e7\u00e3o de um arquivo permanente da cidade de Cl\u00e1udio juntamente a prefeitura da mesma propiciar\u00e1 a pesquisa e debate sobre a organiza\u00e7\u00e3o de uma [&hellip;]<\/p>\n","protected":false},"author":8,"featured_media":0,"comment_status":"open","ping_status":"open","sticky":false,"template":"","format":"standard","meta":{"ocean_post_layout":"","ocean_both_sidebars_style":"","ocean_both_sidebars_content_width":0,"ocean_both_sidebars_sidebars_width":0,"ocean_sidebar":"","ocean_second_sidebar":"","ocean_disable_margins":"enable","ocean_add_body_class":"","ocean_shortcode_before_top_bar":"","ocean_shortcode_after_top_bar":"","ocean_shortcode_before_header":"","ocean_shortcode_after_header":"","ocean_has_shortcode":"","ocean_shortcode_after_title":"","ocean_shortcode_before_footer_widgets":"","ocean_shortcode_after_footer_widgets":"","ocean_shortcode_before_footer_bottom":"","ocean_shortcode_after_footer_bottom":"","ocean_display_top_bar":"default","ocean_display_header":"default","ocean_header_style":"","ocean_center_header_left_menu":"","ocean_custom_header_template":"","ocean_custom_logo":0,"ocean_custom_retina_logo":0,"ocean_custom_logo_max_width":0,"ocean_custom_logo_tablet_max_width":0,"ocean_custom_logo_mobile_max_width":0,"ocean_custom_logo_max_height":0,"ocean_custom_logo_tablet_max_height":0,"ocean_custom_logo_mobile_max_height":0,"ocean_header_custom_menu":"","ocean_menu_typo_font_family":"","ocean_menu_typo_font_subset":"","ocean_menu_typo_font_size":0,"ocean_menu_typo_font_size_tablet":0,"ocean_menu_typo_font_size_mobile":0,"ocean_menu_typo_font_size_unit":"px","ocean_menu_typo_font_weight":"","ocean_menu_typo_font_weight_tablet":"","ocean_menu_typo_font_weight_mobile":"","ocean_menu_typo_transform":"","ocean_menu_typo_transform_tablet":"","ocean_menu_typo_transform_mobile":"","ocean_menu_typo_line_height":0,"ocean_menu_typo_line_height_tablet":0,"ocean_menu_typo_line_height_mobile":0,"ocean_menu_typo_line_height_unit":"","ocean_menu_typo_spacing":0,"ocean_menu_typo_spacing_tablet":0,"ocean_menu_typo_spacing_mobile":0,"ocean_menu_typo_spacing_unit":"","ocean_menu_link_color":"","ocean_menu_link_color_hover":"","ocean_menu_link_color_active":"","ocean_menu_link_background":"","ocean_menu_link_hover_background":"","ocean_menu_link_active_background":"","ocean_menu_social_links_bg":"","ocean_menu_social_hover_links_bg":"","ocean_menu_social_links_color":"","ocean_menu_social_hover_links_color":"","ocean_disable_title":"default","ocean_disable_heading":"default","ocean_post_title":"","ocean_post_subheading":"","ocean_post_title_style":"","ocean_post_title_background_color":"","ocean_post_title_background":0,"ocean_post_title_bg_image_position":"","ocean_post_title_bg_image_attachment":"","ocean_post_title_bg_image_repeat":"","ocean_post_title_bg_image_size":"","ocean_post_title_height":0,"ocean_post_title_bg_overlay":0.5,"ocean_post_title_bg_overlay_color":"","ocean_disable_breadcrumbs":"default","ocean_breadcrumbs_color":"","ocean_breadcrumbs_separator_color":"","ocean_breadcrumbs_links_color":"","ocean_breadcrumbs_links_hover_color":"","ocean_display_footer_widgets":"default","ocean_display_footer_bottom":"default","ocean_custom_footer_template":"","ocean_post_oembed":"","ocean_post_self_hosted_media":"","ocean_post_video_embed":"","ocean_link_format":"","ocean_link_format_target":"self","ocean_quote_format":"","ocean_quote_format_link":"post","ocean_gallery_link_images":"off","ocean_gallery_id":[],"footnotes":""},"categories":[597,1],"tags":[178,843],"class_list":["post-4784","post","type-post","status-publish","format-standard","hentry","category-profissional","category-projetos-de-extensao","tag-acervo-museologico","tag-universidade-federal-de-vicosa-ufv","entry"],"_links":{"self":[{"href":"https:\/\/www.ccsa.ufpb.br\/pesquisarquivistica\/wp-json\/wp\/v2\/posts\/4784","targetHints":{"allow":["GET"]}}],"collection":[{"href":"https:\/\/www.ccsa.ufpb.br\/pesquisarquivistica\/wp-json\/wp\/v2\/posts"}],"about":[{"href":"https:\/\/www.ccsa.ufpb.br\/pesquisarquivistica\/wp-json\/wp\/v2\/types\/post"}],"author":[{"embeddable":true,"href":"https:\/\/www.ccsa.ufpb.br\/pesquisarquivistica\/wp-json\/wp\/v2\/users\/8"}],"replies":[{"embeddable":true,"href":"https:\/\/www.ccsa.ufpb.br\/pesquisarquivistica\/wp-json\/wp\/v2\/comments?post=4784"}],"version-history":[{"count":1,"href":"https:\/\/www.ccsa.ufpb.br\/pesquisarquivistica\/wp-json\/wp\/v2\/posts\/4784\/revisions"}],"predecessor-version":[{"id":4785,"href":"https:\/\/www.ccsa.ufpb.br\/pesquisarquivistica\/wp-json\/wp\/v2\/posts\/4784\/revisions\/4785"}],"wp:attachment":[{"href":"https:\/\/www.ccsa.ufpb.br\/pesquisarquivistica\/wp-json\/wp\/v2\/media?parent=4784"}],"wp:term":[{"taxonomy":"category","embeddable":true,"href":"https:\/\/www.ccsa.ufpb.br\/pesquisarquivistica\/wp-json\/wp\/v2\/categories?post=4784"},{"taxonomy":"post_tag","embeddable":true,"href":"https:\/\/www.ccsa.ufpb.br\/pesquisarquivistica\/wp-json\/wp\/v2\/tags?post=4784"}],"curies":[{"name":"wp","href":"https:\/\/api.w.org\/{rel}","templated":true}]}}