{"id":4855,"date":"2023-08-15T14:41:36","date_gmt":"2023-08-15T17:41:36","guid":{"rendered":"http:\/\/www.ccsa.ufpb.br\/pesquisarquivistica\/?p=4855"},"modified":"2023-08-15T14:41:37","modified_gmt":"2023-08-15T17:41:37","slug":"acervo-academico-das-instituicoes-federais-de-ensino-superior-ifes-manutencao-guarda-e-acesso-aos-documentos-de-arquivo-2017","status":"publish","type":"post","link":"https:\/\/www.ccsa.ufpb.br\/pesquisarquivistica\/acervo-academico-das-instituicoes-federais-de-ensino-superior-ifes-manutencao-guarda-e-acesso-aos-documentos-de-arquivo-2017\/","title":{"rendered":"ACERVO ACAD\u00caMICO DAS INSTITUI\u00c7\u00d5ES FEDERAIS DE ENSINO SUPERIOR (IFES): manuten\u00e7\u00e3o, guarda e acesso aos documentos de arquivo (2017)"},"content":{"rendered":"\n<p><a href=\"http:\/\/lattes.cnpq.br\/8352364368193900\" data-type=\"link\" data-id=\"http:\/\/lattes.cnpq.br\/8352364368193900\" target=\"_blank\" rel=\"noreferrer noopener\">Zen\u00f3bio dos Santos J\u00fanior<\/a><\/p>\n\n\n\n<p>Nas \u00faltimas d\u00e9cadas, uma s\u00e9rie de programas e a\u00e7\u00f5es contribu\u00edram para o crescimento, o aperfei\u00e7oamento e a visibilidade dos acervos acad\u00eamicos, dentre os quais, a expans\u00e3o da educa\u00e7\u00e3o superior no pa\u00eds e a legisla\u00e7\u00e3o arquiv\u00edstica no \u00e2mbito das Institui\u00e7\u00f5es Federais de Ensino Superior (IFES). A primeira foi essencial na pol\u00edtica nacional das Universidades Federais, que passaram por um processo de reestrutura\u00e7\u00e3o do ensino superior por meio do Plano Nacional de Educa\u00e7\u00e3o e REUNI, no per\u00edodo de 2003 a 2014. Na segunda, criaram-se normas e procedimentos arquiv\u00edsticos voltados para os acervos acad\u00eamicos das IFES. Nesse contexto, surgiram novos desafios para as institui\u00e7\u00f5es e gestores dos arquivos no que diz respeito \u00e0 organiza\u00e7\u00e3o, conserva\u00e7\u00e3o, guarda e acesso ao acervo acad\u00eamico. O objetivo desta pesquisa \u00e9 avaliar as facilidades e dificuldades do acervo acad\u00eamico das IFES quanto \u00e0 manuten\u00e7\u00e3o, guarda e acesso aos documentos de arquivo, com \u00eanfase na publica\u00e7\u00e3o da portaria MEC n\u00ba 1.224\/2013. A metodologia de pesquisa utilizada foi qualitativa e quantitativa com base na an\u00e1lise documental e bibliogr\u00e1fica. Para coleta de dados foram aplicados question\u00e1rios e entrevistas aos gestores dos arquivos ou acervos acad\u00eamicos das IFES, em que participaram apenas as Universidades Federais da Regi\u00e3o Sudeste integrantes do Sistema de Gest\u00e3o de Documentos de Arquivo do Minist\u00e9rio da Educa\u00e7\u00e3o (SIGA\/MEC). Acredita-se que esta pesquisa seja de grande valia para aqueles que buscam informa\u00e7\u00f5es sobre os arquivos universit\u00e1rios ou acervos acad\u00eamicos, especificamente, das IFES.<\/p>\n\n\n\n<p>Texto completo dispon\u00edvel em: <a href=\"https:\/\/repositorio.fumec.br\/xmlui\/handle\/123456789\/963\" target=\"_blank\" rel=\"noreferrer noopener\">https:\/\/repositorio.fumec.br\/xmlui\/handle\/123456789\/963<\/a><\/p>\n","protected":false},"excerpt":{"rendered":"<p>Zen\u00f3bio dos Santos J\u00fanior Nas \u00faltimas d\u00e9cadas, uma s\u00e9rie de programas e a\u00e7\u00f5es contribu\u00edram para o crescimento, o aperfei\u00e7oamento e a visibilidade dos acervos acad\u00eamicos, dentre os quais, a expans\u00e3o da educa\u00e7\u00e3o superior no pa\u00eds e a legisla\u00e7\u00e3o arquiv\u00edstica no \u00e2mbito das Institui\u00e7\u00f5es Federais de Ensino Superior (IFES). A primeira foi essencial na pol\u00edtica nacional [&hellip;]<\/p>\n","protected":false},"author":8,"featured_media":0,"comment_status":"open","ping_status":"open","sticky":false,"template":"","format":"standard","meta":{"ocean_post_layout":"","ocean_both_sidebars_style":"","ocean_both_sidebars_content_width":0,"ocean_both_sidebars_sidebars_width":0,"ocean_sidebar":"","ocean_second_sidebar":"","ocean_disable_margins":"enable","ocean_add_body_class":"","ocean_shortcode_before_top_bar":"","ocean_shortcode_after_top_bar":"","ocean_shortcode_before_header":"","ocean_shortcode_after_header":"","ocean_has_shortcode":"","ocean_shortcode_after_title":"","ocean_shortcode_before_footer_widgets":"","ocean_shortcode_after_footer_widgets":"","ocean_shortcode_before_footer_bottom":"","ocean_shortcode_after_footer_bottom":"","ocean_display_top_bar":"default","ocean_display_header":"default","ocean_header_style":"","ocean_center_header_left_menu":"","ocean_custom_header_template":"","ocean_custom_logo":0,"ocean_custom_retina_logo":0,"ocean_custom_logo_max_width":0,"ocean_custom_logo_tablet_max_width":0,"ocean_custom_logo_mobile_max_width":0,"ocean_custom_logo_max_height":0,"ocean_custom_logo_tablet_max_height":0,"ocean_custom_logo_mobile_max_height":0,"ocean_header_custom_menu":"","ocean_menu_typo_font_family":"","ocean_menu_typo_font_subset":"","ocean_menu_typo_font_size":0,"ocean_menu_typo_font_size_tablet":0,"ocean_menu_typo_font_size_mobile":0,"ocean_menu_typo_font_size_unit":"px","ocean_menu_typo_font_weight":"","ocean_menu_typo_font_weight_tablet":"","ocean_menu_typo_font_weight_mobile":"","ocean_menu_typo_transform":"","ocean_menu_typo_transform_tablet":"","ocean_menu_typo_transform_mobile":"","ocean_menu_typo_line_height":0,"ocean_menu_typo_line_height_tablet":0,"ocean_menu_typo_line_height_mobile":0,"ocean_menu_typo_line_height_unit":"","ocean_menu_typo_spacing":0,"ocean_menu_typo_spacing_tablet":0,"ocean_menu_typo_spacing_mobile":0,"ocean_menu_typo_spacing_unit":"","ocean_menu_link_color":"","ocean_menu_link_color_hover":"","ocean_menu_link_color_active":"","ocean_menu_link_background":"","ocean_menu_link_hover_background":"","ocean_menu_link_active_background":"","ocean_menu_social_links_bg":"","ocean_menu_social_hover_links_bg":"","ocean_menu_social_links_color":"","ocean_menu_social_hover_links_color":"","ocean_disable_title":"default","ocean_disable_heading":"default","ocean_post_title":"","ocean_post_subheading":"","ocean_post_title_style":"","ocean_post_title_background_color":"","ocean_post_title_background":0,"ocean_post_title_bg_image_position":"","ocean_post_title_bg_image_attachment":"","ocean_post_title_bg_image_repeat":"","ocean_post_title_bg_image_size":"","ocean_post_title_height":0,"ocean_post_title_bg_overlay":0.5,"ocean_post_title_bg_overlay_color":"","ocean_disable_breadcrumbs":"default","ocean_breadcrumbs_color":"","ocean_breadcrumbs_separator_color":"","ocean_breadcrumbs_links_color":"","ocean_breadcrumbs_links_hover_color":"","ocean_display_footer_widgets":"default","ocean_display_footer_bottom":"default","ocean_custom_footer_template":"","ocean_post_oembed":"","ocean_post_self_hosted_media":"","ocean_post_video_embed":"","ocean_link_format":"","ocean_link_format_target":"self","ocean_quote_format":"","ocean_quote_format_link":"post","ocean_gallery_link_images":"off","ocean_gallery_id":[],"footnotes":""},"categories":[314,597],"tags":[74,714,181,904],"class_list":["post-4855","post","type-post","status-publish","format-standard","hentry","category-dissertacoes","category-profissional","tag-gestao-de-documentos","tag-instituicoes-federais-de-ensino-superior","tag-legislacao-arquivistica","tag-universidade-federal-de-ouro-preto-ufop","entry"],"_links":{"self":[{"href":"https:\/\/www.ccsa.ufpb.br\/pesquisarquivistica\/wp-json\/wp\/v2\/posts\/4855","targetHints":{"allow":["GET"]}}],"collection":[{"href":"https:\/\/www.ccsa.ufpb.br\/pesquisarquivistica\/wp-json\/wp\/v2\/posts"}],"about":[{"href":"https:\/\/www.ccsa.ufpb.br\/pesquisarquivistica\/wp-json\/wp\/v2\/types\/post"}],"author":[{"embeddable":true,"href":"https:\/\/www.ccsa.ufpb.br\/pesquisarquivistica\/wp-json\/wp\/v2\/users\/8"}],"replies":[{"embeddable":true,"href":"https:\/\/www.ccsa.ufpb.br\/pesquisarquivistica\/wp-json\/wp\/v2\/comments?post=4855"}],"version-history":[{"count":1,"href":"https:\/\/www.ccsa.ufpb.br\/pesquisarquivistica\/wp-json\/wp\/v2\/posts\/4855\/revisions"}],"predecessor-version":[{"id":4856,"href":"https:\/\/www.ccsa.ufpb.br\/pesquisarquivistica\/wp-json\/wp\/v2\/posts\/4855\/revisions\/4856"}],"wp:attachment":[{"href":"https:\/\/www.ccsa.ufpb.br\/pesquisarquivistica\/wp-json\/wp\/v2\/media?parent=4855"}],"wp:term":[{"taxonomy":"category","embeddable":true,"href":"https:\/\/www.ccsa.ufpb.br\/pesquisarquivistica\/wp-json\/wp\/v2\/categories?post=4855"},{"taxonomy":"post_tag","embeddable":true,"href":"https:\/\/www.ccsa.ufpb.br\/pesquisarquivistica\/wp-json\/wp\/v2\/tags?post=4855"}],"curies":[{"name":"wp","href":"https:\/\/api.w.org\/{rel}","templated":true}]}}