{"id":7253,"date":"2024-06-08T20:43:46","date_gmt":"2024-06-08T23:43:46","guid":{"rendered":"http:\/\/www.ccsa.ufpb.br\/pesquisarquivistica\/?p=7253"},"modified":"2024-06-14T12:53:50","modified_gmt":"2024-06-14T15:53:50","slug":"seminario-pedagogico-concepcoes-e-praticas-do-curso-de-arquivologia-ufrgs-2017-2018","status":"publish","type":"post","link":"https:\/\/www.ccsa.ufpb.br\/pesquisarquivistica\/seminario-pedagogico-concepcoes-e-praticas-do-curso-de-arquivologia-ufrgs-2017-2018\/","title":{"rendered":"SEMIN\u00c1RIO PEDAG\u00d3GICO: Concep\u00e7\u00f5es e pr\u00e1ticas do curso de Arquivologia UFRGS (2017-Atual)"},"content":{"rendered":"\n<p class=\"wp-block-paragraph\"><a href=\"http:\/\/lattes.cnpq.br\/2473322390153323\">Rita de C\u00e1ssia Portela da Silva<\/a><\/p>\n\n\n\n<p class=\"wp-block-paragraph\">RESUMO: a\u00e7\u00e3o promovida pelo NDE, COMGRAD\/AQL e pelo Setor Acad\u00eamico da FABICO, com o prop\u00f3sito de discutir as concep\u00e7\u00f5es e pr\u00e1ticas pedag\u00f3gicas do Curso de Arquivologia. OBJETIVO GERAL: discutir as concep\u00e7\u00f5es e pr\u00e1ticas pedag\u00f3gicas do Curso de Arquivologia. OBJETIVOS ESPEC\u00cdFICOS: a) acompanhar a consolida\u00e7\u00e3o do Projeto Pedag\u00f3gico de cada Curso; b) contribuir com a consolida\u00e7\u00e3o do perfil profissional do egresso do Curso; c) zelar pela execu\u00e7\u00e3o do curr\u00edculo e pela integra\u00e7\u00e3o curricular interdisciplinar; d) discutir possibilidades de articula\u00e7\u00e3o entre o ensino, a extens\u00e3o, e a pesquisa em n\u00edvel de gradua\u00e7\u00e3o e p\u00f3s-gradua\u00e7\u00e3o. RELEV\u00c2NCIA: a a\u00e7\u00e3o justifica-se por promover um espa\u00e7o de di\u00e1logo e constru\u00e7\u00e3o coletiva, por meio do conhecimento e compreens\u00e3o das concep\u00e7\u00f5es pedag\u00f3gicas do Curso e das pr\u00e1ticas dos docentes que nele atuam, mediado pelo NDE, COMGRAD\/AQL e Setor Acad\u00eamico. Acredita-se que as iniciativas ora propostas ir\u00e3o favorecer a intera\u00e7\u00e3o entre os componentes curriculares do Curso estimulando, qualificando o processo de ensino e aprendizagem. DESENVOLVIMENTO: A a\u00e7\u00e3o \u00e9 constitu\u00edda de tr\u00eas m\u00f3dulos: M\u00d3DULO 1 &#8211; CONCEP\u00c7\u00d5ES E PR\u00c1TICAS DO CURSO DE ARQUIVOLOGIA Espa\u00e7o de estudo e discuss\u00e3o do Projeto Pedag\u00f3gico do Curso, enfatizando: a) os objetivos do curso; b) o perfil do egresso &#8211; habilidades e compet\u00eancias de acordo como as Diretrizes Nacionais de Curso; c) concep\u00e7\u00f5es pedag\u00f3gicas; d) acompanhamento discente; f) acesso, inclus\u00e3o e perman\u00eancia no Curso. M\u00d3DULO 2 &#8211; COMPONENTES CURRICULARES E PR\u00c1TICAS PEDAG\u00d3GICAS I Estudo dos planos de ensino das disciplinas ofertadas em 2018\/1. M\u00d3DULO 3 &#8211; COMPONENTES CURRICULARES E PR\u00c1TICAS PEDAG\u00d3GICAS II Estudo dos planos de ensino das disciplinas ofertadas em 2018\/2. O M\u00f3dulo 1 deve ocorrer em setembro de 2017. Os M\u00f3dulos 2 e 3 devem se realizar no per\u00edodo destinado para atualiza\u00e7\u00e3o dos planos de ensino ocorrendo, respectivamente em outubro de 2017 e em maio de 2018.<\/p>\n","protected":false},"excerpt":{"rendered":"<p>Rita de C\u00e1ssia Portela da Silva RESUMO: a\u00e7\u00e3o promovida pelo NDE, COMGRAD\/AQL e pelo Setor Acad\u00eamico da FABICO, com o prop\u00f3sito de discutir as concep\u00e7\u00f5es e pr\u00e1ticas pedag\u00f3gicas do Curso de Arquivologia. OBJETIVO GERAL: discutir as concep\u00e7\u00f5es e pr\u00e1ticas pedag\u00f3gicas do Curso de Arquivologia. OBJETIVOS ESPEC\u00cdFICOS: a) acompanhar a consolida\u00e7\u00e3o do Projeto Pedag\u00f3gico de cada [&hellip;]<\/p>\n","protected":false},"author":1,"featured_media":0,"comment_status":"open","ping_status":"open","sticky":false,"template":"","format":"standard","meta":{"ocean_front_end_style_editor":"no","ocean_post_layout":"","ocean_both_sidebars_style":"","ocean_both_sidebars_content_width":0,"ocean_both_sidebars_sidebars_width":0,"ocean_sidebar":"","ocean_second_sidebar":"","ocean_disable_margins":"enable","ocean_add_body_class":"","ocean_shortcode_before_top_bar":"","ocean_shortcode_after_top_bar":"","ocean_shortcode_before_header":"","ocean_shortcode_after_header":"","ocean_has_shortcode":"","ocean_shortcode_after_title":"","ocean_shortcode_before_footer_widgets":"","ocean_shortcode_after_footer_widgets":"","ocean_shortcode_before_footer_bottom":"","ocean_shortcode_after_footer_bottom":"","ocean_display_top_bar":"default","ocean_display_header":"default","ocean_header_style":"","ocean_center_header_left_menu":"","ocean_custom_header_template":"","ocean_custom_logo":0,"ocean_custom_retina_logo":0,"ocean_custom_logo_max_width":0,"ocean_custom_logo_tablet_max_width":0,"ocean_custom_logo_mobile_max_width":0,"ocean_custom_logo_max_height":0,"ocean_custom_logo_tablet_max_height":0,"ocean_custom_logo_mobile_max_height":0,"ocean_header_custom_menu":"","ocean_menu_typo_font_family":"","ocean_menu_typo_font_subset":"","ocean_menu_typo_font_size":0,"ocean_menu_typo_font_size_tablet":0,"ocean_menu_typo_font_size_mobile":0,"ocean_menu_typo_font_size_unit":"px","ocean_menu_typo_font_weight":"","ocean_menu_typo_font_weight_tablet":"","ocean_menu_typo_font_weight_mobile":"","ocean_menu_typo_transform":"","ocean_menu_typo_transform_tablet":"","ocean_menu_typo_transform_mobile":"","ocean_menu_typo_line_height":0,"ocean_menu_typo_line_height_tablet":0,"ocean_menu_typo_line_height_mobile":0,"ocean_menu_typo_line_height_unit":"","ocean_menu_typo_spacing":0,"ocean_menu_typo_spacing_tablet":0,"ocean_menu_typo_spacing_mobile":0,"ocean_menu_typo_spacing_unit":"","ocean_menu_link_color":"","ocean_menu_link_color_hover":"","ocean_menu_link_color_active":"","ocean_menu_link_background":"","ocean_menu_link_hover_background":"","ocean_menu_link_active_background":"","ocean_menu_social_links_bg":"","ocean_menu_social_hover_links_bg":"","ocean_menu_social_links_color":"","ocean_menu_social_hover_links_color":"","ocean_disable_title":"default","ocean_disable_heading":"default","ocean_post_title":"","ocean_post_subheading":"","ocean_post_title_style":"","ocean_post_title_background_color":"","ocean_post_title_background":0,"ocean_post_title_bg_image_position":"","ocean_post_title_bg_image_attachment":"","ocean_post_title_bg_image_repeat":"","ocean_post_title_bg_image_size":"","ocean_post_title_height":0,"ocean_post_title_bg_overlay":0.5,"ocean_post_title_bg_overlay_color":"","ocean_disable_breadcrumbs":"default","ocean_breadcrumbs_color":"","ocean_breadcrumbs_separator_color":"","ocean_breadcrumbs_links_color":"","ocean_breadcrumbs_links_hover_color":"","ocean_display_footer_widgets":"default","ocean_display_footer_bottom":"default","ocean_custom_footer_template":"","ocean_post_oembed":"","ocean_post_self_hosted_media":"","ocean_post_video_embed":"","ocean_link_format":"","ocean_link_format_target":"self","ocean_quote_format":"","ocean_quote_format_link":"post","ocean_gallery_link_images":"on","ocean_gallery_id":[],"footnotes":""},"categories":[596,1],"tags":[343,431,645],"class_list":["post-7253","post","type-post","status-publish","format-standard","hentry","category-docente","category-projetos-de-extensao","tag-arquivologia","tag-curso-de-arquivologia","tag-universidade-federal-do-rio-grande-do-sul-ufrgs","entry"],"_links":{"self":[{"href":"https:\/\/www.ccsa.ufpb.br\/pesquisarquivistica\/wp-json\/wp\/v2\/posts\/7253","targetHints":{"allow":["GET"]}}],"collection":[{"href":"https:\/\/www.ccsa.ufpb.br\/pesquisarquivistica\/wp-json\/wp\/v2\/posts"}],"about":[{"href":"https:\/\/www.ccsa.ufpb.br\/pesquisarquivistica\/wp-json\/wp\/v2\/types\/post"}],"author":[{"embeddable":true,"href":"https:\/\/www.ccsa.ufpb.br\/pesquisarquivistica\/wp-json\/wp\/v2\/users\/1"}],"replies":[{"embeddable":true,"href":"https:\/\/www.ccsa.ufpb.br\/pesquisarquivistica\/wp-json\/wp\/v2\/comments?post=7253"}],"version-history":[{"count":3,"href":"https:\/\/www.ccsa.ufpb.br\/pesquisarquivistica\/wp-json\/wp\/v2\/posts\/7253\/revisions"}],"predecessor-version":[{"id":7284,"href":"https:\/\/www.ccsa.ufpb.br\/pesquisarquivistica\/wp-json\/wp\/v2\/posts\/7253\/revisions\/7284"}],"wp:attachment":[{"href":"https:\/\/www.ccsa.ufpb.br\/pesquisarquivistica\/wp-json\/wp\/v2\/media?parent=7253"}],"wp:term":[{"taxonomy":"category","embeddable":true,"href":"https:\/\/www.ccsa.ufpb.br\/pesquisarquivistica\/wp-json\/wp\/v2\/categories?post=7253"},{"taxonomy":"post_tag","embeddable":true,"href":"https:\/\/www.ccsa.ufpb.br\/pesquisarquivistica\/wp-json\/wp\/v2\/tags?post=7253"}],"curies":[{"name":"wp","href":"https:\/\/api.w.org\/{rel}","templated":true}]}}