{"id":7323,"date":"2024-06-19T17:26:16","date_gmt":"2024-06-19T20:26:16","guid":{"rendered":"http:\/\/www.ccsa.ufpb.br\/pesquisarquivistica\/?p=7323"},"modified":"2024-06-19T17:26:16","modified_gmt":"2024-06-19T20:26:16","slug":"organizacao-do-arquivo-do-movimento-de-justica-e-direitos-humanos-mjdh-brasil-2009-2009","status":"publish","type":"post","link":"https:\/\/www.ccsa.ufpb.br\/pesquisarquivistica\/organizacao-do-arquivo-do-movimento-de-justica-e-direitos-humanos-mjdh-brasil-2009-2009\/","title":{"rendered":"ORGANIZA\u00c7\u00c3O DO ARQUIVO DO MOVIMENTO DE JUSTI\u00c7A E DIREITOS HUMANOS\/MJDH BRASIL (2009-2009)"},"content":{"rendered":"\n<p><a href=\"http:\/\/lattes.cnpq.br\/8935095050823535\">Val\u00e9ria Raquel Bertotti<\/a><\/p>\n\n\n\n<p>O presente projeto teve in\u00edcio em 08 de setembro de 2009. Tem como objetivo geral identificar, organizar e descrever o Fundo Documental do Movimento de Justi\u00e7a e Direitos Humanos\/MJDH Brasil, atrav\u00e9s do estabelecimento de uma pol\u00edtica de arranjo documental que permita definir as S\u00e9ries Documentais. O p\u00fablico a ser beneficiado pelo projeto s\u00e3o as Organiza\u00e7\u00f5es de Direitos Humanos, Organiza\u00e7\u00f5es Sociais, Pesquisadores das \u00e1reas das ci\u00eancias sociais e humanas e o P\u00fablico em geral. Seu desenvolvimento est\u00e1 sendo realizado em parceria com a Universidade Federal do Rio Grande do Sul e os Archiveros sem Fronteras?Brasil. Ser\u00e1 desenvolvido o Estudo, an\u00e1lise e identifica\u00e7\u00e3o referentes \u00e0 origem, constitui\u00e7\u00e3o, estrutura e evolu\u00e7\u00e3o organizacional do MJDH, e a identifica\u00e7\u00e3o das tipologias documentais para defini\u00e7\u00e3o da estrutura interna do Fundo e a elabora\u00e7\u00e3o do quadro de arranjo documental. A partir do Quadro de Arranjo, ser\u00e1 feita a Organiza\u00e7\u00e3o, identifica\u00e7\u00e3o e adequa\u00e7\u00e3o f\u00edsica do acervo. Para 2010 est\u00e1 previsto o t\u00e9rmino da organiza\u00e7\u00e3o do acervo e a elabora\u00e7\u00e3o de um treinamento dos respons\u00e1veis pelo acervo sobre a organiza\u00e7\u00e3o e consulta do acervo realizado. Entrega e apresenta\u00e7\u00e3o do Relat\u00f3rio T\u00e9cnico com as informa\u00e7\u00f5es referentes ao acervo.<\/p>\n","protected":false},"excerpt":{"rendered":"<p>Val\u00e9ria Raquel Bertotti O presente projeto teve in\u00edcio em 08 de setembro de 2009. Tem como objetivo geral identificar, organizar e descrever o Fundo Documental do Movimento de Justi\u00e7a e Direitos Humanos\/MJDH Brasil, atrav\u00e9s do estabelecimento de uma pol\u00edtica de arranjo documental que permita definir as S\u00e9ries Documentais. O p\u00fablico a ser beneficiado pelo projeto [&hellip;]<\/p>\n","protected":false},"author":1,"featured_media":0,"comment_status":"open","ping_status":"open","sticky":false,"template":"","format":"standard","meta":{"ocean_post_layout":"","ocean_both_sidebars_style":"","ocean_both_sidebars_content_width":0,"ocean_both_sidebars_sidebars_width":0,"ocean_sidebar":"","ocean_second_sidebar":"","ocean_disable_margins":"enable","ocean_add_body_class":"","ocean_shortcode_before_top_bar":"","ocean_shortcode_after_top_bar":"","ocean_shortcode_before_header":"","ocean_shortcode_after_header":"","ocean_has_shortcode":"","ocean_shortcode_after_title":"","ocean_shortcode_before_footer_widgets":"","ocean_shortcode_after_footer_widgets":"","ocean_shortcode_before_footer_bottom":"","ocean_shortcode_after_footer_bottom":"","ocean_display_top_bar":"default","ocean_display_header":"default","ocean_header_style":"","ocean_center_header_left_menu":"","ocean_custom_header_template":"","ocean_custom_logo":0,"ocean_custom_retina_logo":0,"ocean_custom_logo_max_width":0,"ocean_custom_logo_tablet_max_width":0,"ocean_custom_logo_mobile_max_width":0,"ocean_custom_logo_max_height":0,"ocean_custom_logo_tablet_max_height":0,"ocean_custom_logo_mobile_max_height":0,"ocean_header_custom_menu":"","ocean_menu_typo_font_family":"","ocean_menu_typo_font_subset":"","ocean_menu_typo_font_size":0,"ocean_menu_typo_font_size_tablet":0,"ocean_menu_typo_font_size_mobile":0,"ocean_menu_typo_font_size_unit":"px","ocean_menu_typo_font_weight":"","ocean_menu_typo_font_weight_tablet":"","ocean_menu_typo_font_weight_mobile":"","ocean_menu_typo_transform":"","ocean_menu_typo_transform_tablet":"","ocean_menu_typo_transform_mobile":"","ocean_menu_typo_line_height":0,"ocean_menu_typo_line_height_tablet":0,"ocean_menu_typo_line_height_mobile":0,"ocean_menu_typo_line_height_unit":"","ocean_menu_typo_spacing":0,"ocean_menu_typo_spacing_tablet":0,"ocean_menu_typo_spacing_mobile":0,"ocean_menu_typo_spacing_unit":"","ocean_menu_link_color":"","ocean_menu_link_color_hover":"","ocean_menu_link_color_active":"","ocean_menu_link_background":"","ocean_menu_link_hover_background":"","ocean_menu_link_active_background":"","ocean_menu_social_links_bg":"","ocean_menu_social_hover_links_bg":"","ocean_menu_social_links_color":"","ocean_menu_social_hover_links_color":"","ocean_disable_title":"default","ocean_disable_heading":"default","ocean_post_title":"","ocean_post_subheading":"","ocean_post_title_style":"","ocean_post_title_background_color":"","ocean_post_title_background":0,"ocean_post_title_bg_image_position":"","ocean_post_title_bg_image_attachment":"","ocean_post_title_bg_image_repeat":"","ocean_post_title_bg_image_size":"","ocean_post_title_height":0,"ocean_post_title_bg_overlay":0.5,"ocean_post_title_bg_overlay_color":"","ocean_disable_breadcrumbs":"default","ocean_breadcrumbs_color":"","ocean_breadcrumbs_separator_color":"","ocean_breadcrumbs_links_color":"","ocean_breadcrumbs_links_hover_color":"","ocean_display_footer_widgets":"default","ocean_display_footer_bottom":"default","ocean_custom_footer_template":"","ocean_post_oembed":"","ocean_post_self_hosted_media":"","ocean_post_video_embed":"","ocean_link_format":"","ocean_link_format_target":"self","ocean_quote_format":"","ocean_quote_format_link":"post","ocean_gallery_link_images":"on","ocean_gallery_id":[],"footnotes":""},"categories":[596,1],"tags":[389,95,645],"class_list":["post-7323","post","type-post","status-publish","format-standard","hentry","category-docente","category-projetos-de-extensao","tag-descricao","tag-organizacao-de-arquivos","tag-universidade-federal-do-rio-grande-do-sul-ufrgs","entry"],"_links":{"self":[{"href":"https:\/\/www.ccsa.ufpb.br\/pesquisarquivistica\/wp-json\/wp\/v2\/posts\/7323","targetHints":{"allow":["GET"]}}],"collection":[{"href":"https:\/\/www.ccsa.ufpb.br\/pesquisarquivistica\/wp-json\/wp\/v2\/posts"}],"about":[{"href":"https:\/\/www.ccsa.ufpb.br\/pesquisarquivistica\/wp-json\/wp\/v2\/types\/post"}],"author":[{"embeddable":true,"href":"https:\/\/www.ccsa.ufpb.br\/pesquisarquivistica\/wp-json\/wp\/v2\/users\/1"}],"replies":[{"embeddable":true,"href":"https:\/\/www.ccsa.ufpb.br\/pesquisarquivistica\/wp-json\/wp\/v2\/comments?post=7323"}],"version-history":[{"count":1,"href":"https:\/\/www.ccsa.ufpb.br\/pesquisarquivistica\/wp-json\/wp\/v2\/posts\/7323\/revisions"}],"predecessor-version":[{"id":7324,"href":"https:\/\/www.ccsa.ufpb.br\/pesquisarquivistica\/wp-json\/wp\/v2\/posts\/7323\/revisions\/7324"}],"wp:attachment":[{"href":"https:\/\/www.ccsa.ufpb.br\/pesquisarquivistica\/wp-json\/wp\/v2\/media?parent=7323"}],"wp:term":[{"taxonomy":"category","embeddable":true,"href":"https:\/\/www.ccsa.ufpb.br\/pesquisarquivistica\/wp-json\/wp\/v2\/categories?post=7323"},{"taxonomy":"post_tag","embeddable":true,"href":"https:\/\/www.ccsa.ufpb.br\/pesquisarquivistica\/wp-json\/wp\/v2\/tags?post=7323"}],"curies":[{"name":"wp","href":"https:\/\/api.w.org\/{rel}","templated":true}]}}