{"id":7578,"date":"2024-08-05T18:34:24","date_gmt":"2024-08-05T21:34:24","guid":{"rendered":"http:\/\/www.ccsa.ufpb.br\/pesquisarquivistica\/?p=7578"},"modified":"2025-03-09T20:05:47","modified_gmt":"2025-03-09T23:05:47","slug":"linguagem-arquivologia-e-tecnologia-o-letramento-digital-no-projeto-sesa-2014-2018","status":"publish","type":"post","link":"https:\/\/www.ccsa.ufpb.br\/pesquisarquivistica\/linguagem-arquivologia-e-tecnologia-o-letramento-digital-no-projeto-sesa-2014-2018\/","title":{"rendered":"LINGUAGEM, ARQUIVOLOGIA E TECNOLOGIA: o letramento digital no projeto SESA (2014-2018)"},"content":{"rendered":"\n<p class=\"wp-block-paragraph\">Integrantes: Eliete Correia dos Santos &#8211; Coordenador \/ <a href=\"http:\/\/lattes.cnpq.br\/8466925573652617\">Danilo de Sousa Ferreira <\/a>&#8211; Integrante \/ Vitor Hugo Teixeira Ara\u00fajo &#8211; Integrante \/ Brunelly Santos Pereira Da Silva &#8211; Integrante.<\/p>\n\n\n\n<p class=\"wp-block-paragraph\">A preponder\u00e2ncia dos sistemas midi\u00e1ticos, a comunica\u00e7\u00e3o por sat\u00e9lites e as redes de computadores fez surgir uma nova economia e um novo conceito de sociedade, a sociedade planet\u00e1ria, que t\u00eam exigido dos sistemas educacionais a forma\u00e7\u00e3o de um cidad\u00e3o do\/para o mundo, capacitado a empregar os recursos infotelecomunicacionais para a aquisi\u00e7\u00e3o e constru\u00e7\u00e3o de conhecimento. Estamos diante de um novo formato de receber e transmitir informa\u00e7\u00e3o, e de uma busca incessante de conhecimento, o acesso ao mundo e as suas tradi\u00e7\u00f5es culturais, com muito mais efic\u00e1cia e rapidez que ontem. As novas Tecnologias da Informa\u00e7\u00e3o e da Comunica\u00e7\u00e3o (TIC), usadas na comunica\u00e7\u00e3o social, est\u00e3o cada vez mais interativas, pois permitem a troca de dados dos seus usu\u00e1rios com recursos que lhes permitem alternativas e aberturas das mais diferentes. Essas novas tecnologias que permitem a prepara\u00e7\u00e3o e manipula\u00e7\u00e3o cont\u00edgua de teores espec\u00edficos por parte do professor\/aluno e do aluno\/professor, codificando-os, decodificando-os, recodificando-os conforme as suas realidades, as suas hist\u00f3rias de vida e a tradi\u00e7\u00f5es em que vivem, permitem um entendimento mais eficaz, alternando os pap\u00e9is de emissor e receptor, como coprotagonistas e contribuintes da a\u00e7\u00e3o cognitiva. De acordo com Moran (2007), a sociedade hoje \u00e9 mais complexa como tamb\u00e9m as compet\u00eancias necess\u00e1rias para ela, por isso \u00e9 preciso repensar todo o processo, reaprender a ensinar, a estar com os alunos, e orientar atividades, a definir o que vale a pena fazer para aprender juntos ou separados. Desse modo, os pap\u00e9is de professores e alunos passam a abranger mais espa\u00e7os de atua\u00e7\u00e3o. Sujeitos agora capazes de intervir de forma concreta e eficaz em suas pr\u00f3prias realidades. Pode-se inicialmente questionar, que tipo de did\u00e1tica deve dar conta das novas compet\u00eancias e habilidades requeridas por uma universidade em processo de transforma\u00e7\u00e3o. Uma das dificuldades \u00e9 o conhecimento pr\u00e9vio de software ou programas que podem contribuir para uma melhor atua\u00e7\u00e3o do aluno nos usos das TCIs. Por isso, este projeto de extens\u00e3o \u00e9 uma possibilidade de contribuir para superar essa dificuldade. OBJETIVO GERAL Ampliar o conhecimento digital dos alunos de Arquivologia para usar a Web 2.0 em atividades de ensino, pesquisa e extens\u00e3o. OBJETIVO ESPEC\u00cdFICO ? Promover cursos, minicursos de capacita\u00e7\u00e3o de uso de software necess\u00e1rios para o letramento acad\u00eamico; ? Capacitar os alunos para utilizar a plataforma moodle.<\/p>\n","protected":false},"excerpt":{"rendered":"<p>Integrantes: Eliete Correia dos Santos &#8211; Coordenador \/ Danilo de Sousa Ferreira &#8211; Integrante \/ Vitor Hugo Teixeira Ara\u00fajo &#8211; Integrante \/ Brunelly Santos Pereira Da Silva &#8211; Integrante. A preponder\u00e2ncia dos sistemas midi\u00e1ticos, a comunica\u00e7\u00e3o por sat\u00e9lites e as redes de computadores fez surgir uma nova economia e um novo conceito de sociedade, a [&hellip;]<\/p>\n","protected":false},"author":1,"featured_media":0,"comment_status":"open","ping_status":"open","sticky":false,"template":"","format":"standard","meta":{"ocean_front_end_style_editor":"no","ocean_post_layout":"","ocean_both_sidebars_style":"","ocean_both_sidebars_content_width":0,"ocean_both_sidebars_sidebars_width":0,"ocean_sidebar":"","ocean_second_sidebar":"","ocean_disable_margins":"enable","ocean_add_body_class":"","ocean_shortcode_before_top_bar":"","ocean_shortcode_after_top_bar":"","ocean_shortcode_before_header":"","ocean_shortcode_after_header":"","ocean_has_shortcode":"","ocean_shortcode_after_title":"","ocean_shortcode_before_footer_widgets":"","ocean_shortcode_after_footer_widgets":"","ocean_shortcode_before_footer_bottom":"","ocean_shortcode_after_footer_bottom":"","ocean_display_top_bar":"default","ocean_display_header":"default","ocean_header_style":"","ocean_center_header_left_menu":"","ocean_custom_header_template":"","ocean_custom_logo":0,"ocean_custom_retina_logo":0,"ocean_custom_logo_max_width":0,"ocean_custom_logo_tablet_max_width":0,"ocean_custom_logo_mobile_max_width":0,"ocean_custom_logo_max_height":0,"ocean_custom_logo_tablet_max_height":0,"ocean_custom_logo_mobile_max_height":0,"ocean_header_custom_menu":"","ocean_menu_typo_font_family":"","ocean_menu_typo_font_subset":"","ocean_menu_typo_font_size":0,"ocean_menu_typo_font_size_tablet":0,"ocean_menu_typo_font_size_mobile":0,"ocean_menu_typo_font_size_unit":"px","ocean_menu_typo_font_weight":"","ocean_menu_typo_font_weight_tablet":"","ocean_menu_typo_font_weight_mobile":"","ocean_menu_typo_transform":"","ocean_menu_typo_transform_tablet":"","ocean_menu_typo_transform_mobile":"","ocean_menu_typo_line_height":0,"ocean_menu_typo_line_height_tablet":0,"ocean_menu_typo_line_height_mobile":0,"ocean_menu_typo_line_height_unit":"","ocean_menu_typo_spacing":0,"ocean_menu_typo_spacing_tablet":0,"ocean_menu_typo_spacing_mobile":0,"ocean_menu_typo_spacing_unit":"","ocean_menu_link_color":"","ocean_menu_link_color_hover":"","ocean_menu_link_color_active":"","ocean_menu_link_background":"","ocean_menu_link_hover_background":"","ocean_menu_link_active_background":"","ocean_menu_social_links_bg":"","ocean_menu_social_hover_links_bg":"","ocean_menu_social_links_color":"","ocean_menu_social_hover_links_color":"","ocean_disable_title":"default","ocean_disable_heading":"default","ocean_post_title":"","ocean_post_subheading":"","ocean_post_title_style":"","ocean_post_title_background_color":"","ocean_post_title_background":0,"ocean_post_title_bg_image_position":"","ocean_post_title_bg_image_attachment":"","ocean_post_title_bg_image_repeat":"","ocean_post_title_bg_image_size":"","ocean_post_title_height":0,"ocean_post_title_bg_overlay":0.5,"ocean_post_title_bg_overlay_color":"","ocean_disable_breadcrumbs":"default","ocean_breadcrumbs_color":"","ocean_breadcrumbs_separator_color":"","ocean_breadcrumbs_links_color":"","ocean_breadcrumbs_links_hover_color":"","ocean_display_footer_widgets":"default","ocean_display_footer_bottom":"default","ocean_custom_footer_template":"","ocean_post_oembed":"","ocean_post_self_hosted_media":"","ocean_post_video_embed":"","ocean_link_format":"","ocean_link_format_target":"self","ocean_quote_format":"","ocean_quote_format_link":"post","ocean_gallery_link_images":"on","ocean_gallery_id":[],"footnotes":""},"categories":[596,1],"tags":[343,984,27,635],"class_list":["post-7578","post","type-post","status-publish","format-standard","hentry","category-docente","category-projetos-de-extensao","tag-arquivologia","tag-cultura-digital","tag-tecnologia-da-informacao-e-comunicacao","tag-universidade-estadual-da-paraiba-uepb","entry"],"_links":{"self":[{"href":"https:\/\/www.ccsa.ufpb.br\/pesquisarquivistica\/wp-json\/wp\/v2\/posts\/7578","targetHints":{"allow":["GET"]}}],"collection":[{"href":"https:\/\/www.ccsa.ufpb.br\/pesquisarquivistica\/wp-json\/wp\/v2\/posts"}],"about":[{"href":"https:\/\/www.ccsa.ufpb.br\/pesquisarquivistica\/wp-json\/wp\/v2\/types\/post"}],"author":[{"embeddable":true,"href":"https:\/\/www.ccsa.ufpb.br\/pesquisarquivistica\/wp-json\/wp\/v2\/users\/1"}],"replies":[{"embeddable":true,"href":"https:\/\/www.ccsa.ufpb.br\/pesquisarquivistica\/wp-json\/wp\/v2\/comments?post=7578"}],"version-history":[{"count":2,"href":"https:\/\/www.ccsa.ufpb.br\/pesquisarquivistica\/wp-json\/wp\/v2\/posts\/7578\/revisions"}],"predecessor-version":[{"id":8152,"href":"https:\/\/www.ccsa.ufpb.br\/pesquisarquivistica\/wp-json\/wp\/v2\/posts\/7578\/revisions\/8152"}],"wp:attachment":[{"href":"https:\/\/www.ccsa.ufpb.br\/pesquisarquivistica\/wp-json\/wp\/v2\/media?parent=7578"}],"wp:term":[{"taxonomy":"category","embeddable":true,"href":"https:\/\/www.ccsa.ufpb.br\/pesquisarquivistica\/wp-json\/wp\/v2\/categories?post=7578"},{"taxonomy":"post_tag","embeddable":true,"href":"https:\/\/www.ccsa.ufpb.br\/pesquisarquivistica\/wp-json\/wp\/v2\/tags?post=7578"}],"curies":[{"name":"wp","href":"https:\/\/api.w.org\/{rel}","templated":true}]}}