{"id":7731,"date":"2025-03-01T19:11:49","date_gmt":"2025-03-01T22:11:49","guid":{"rendered":"http:\/\/www.ccsa.ufpb.br\/pesquisarquivistica\/?p=7731"},"modified":"2025-03-01T19:12:31","modified_gmt":"2025-03-01T22:12:31","slug":"da-medicina-a-politica-as-dinamicas-da-construcao-de-memorias-de-si-de-nicolau-araujo-vergueiro-1882-1956-2023","status":"publish","type":"post","link":"https:\/\/www.ccsa.ufpb.br\/pesquisarquivistica\/da-medicina-a-politica-as-dinamicas-da-construcao-de-memorias-de-si-de-nicolau-araujo-vergueiro-1882-1956-2023\/","title":{"rendered":"DA MEDICINA \u00c0 POL\u00cdTICA: as din\u00e2micas da constru\u00e7\u00e3o de mem\u00f3rias de si de Nicolau Araujo Vergueiro (1882 &#8211; 1956) (2023)"},"content":{"rendered":"\n<p class=\"wp-block-paragraph\"><a href=\"https:\/\/buscatextual.cnpq.br\/buscatextual\/visualizacv.do\">Dhion Carlos Hedlund<\/a><\/p>\n\n\n\n<p class=\"wp-block-paragraph\">Esta pesquisa discute as circunst\u00e2ncias e din\u00e2micas que envolveram a constru\u00e7\u00e3o de mem\u00f3rias de si de Nicolau Araujo Vergueiro conformadas pelos seus escritos memorial\u00edsticos autorreferenciais, vinculadas \u00e0 vest\u00edgios de seu acervo pessoal. Vergueiro foi m\u00e9dico e pol\u00edtico da cidade de Passo Fundo\/RS, nasceu em 07 de mar\u00e7o de 1882 e faleceu em 16 de mar\u00e7o de 1956. Sua ascens\u00e3o para cargos pol\u00edticos iniciou em 1908 ao ser eleito Conselheiro Municipal de Passo Fundo, posteriormente eleito Deputado Estadual, Intendente Municipal e Deputado Federal; chefe pol\u00edtico local do Partido Republicano Riograndense (PRR) e do Partido Social Democr\u00e1tico (PSD); o decl\u00ednio pol\u00edtico ocorre a partir da d\u00e9cada de 1930 e o encerramento de suas atividades pol\u00edticas na d\u00e9cada de 1950. Recebeu diversas homenagens em vida e ap\u00f3s a morte. Seu acervo pessoal foi doado pelos familiares \u00e0 Funda\u00e7\u00e3o Universidade de Passo Fundo (FUPF) no ano de 2011, sob cust\u00f3dia do Arquivo Hist\u00f3rico Regional (AHR). A pesquisa \u00e9 de abordagem qualitativa, sob a perspectiva hist\u00f3rica, e se utiliza de revis\u00e3o bibliogr\u00e1fica e documental para a constru\u00e7\u00e3o te\u00f3rica e an\u00e1lise, baseando-se em fontes prim\u00e1rias e secund\u00e1rias, como os Relat\u00f3rios da Intend\u00eancia Municipal de Passo Fundo, dispositivos legais, entrevistas, trabalhos acad\u00eamicos, livros, jornais da \u00e9poca e documentos do acervo. Do ponto de vista interdisciplinar, ressalta-se a rela\u00e7\u00e3o entre a Arquivologia e a Hist\u00f3ria nos processos de produ\u00e7\u00e3o, acumula\u00e7\u00e3o e tratamento de acervos pessoais, e a influ\u00eancia desses processos no trabalho historiogr\u00e1fico. Os Cadernos de Mem\u00f3rias e os Cadernos de Recortes Documentais d\u00e3o um sentido pr\u00f3prio \u00e0 constitui\u00e7\u00e3o de mem\u00f3ria que Vergueiro est\u00e1 estabelecendo e que se sustenta no acervo que acumula, e que depois \u00e9 doado para a FUPF, assim como as din\u00e2micas sociais e pol\u00edticas presentes em acervos pessoais, ao conformarem o patrim\u00f4nio a ser preservado, assumem um papel importante para a consolida\u00e7\u00e3o das mem\u00f3rias de si representadas no acervo e podem afirmar ou silenciar aspectos hist\u00f3ricos, inclusive aqueles que o titular projetou para si.<\/p>\n\n\n\n<p class=\"wp-block-paragraph\">Texto completo dispon\u00edvel em: <a href=\"http:\/\/tede.upf.br:8080\/jspui\/handle\/tede\/2430\">http:\/\/tede.upf.br:8080\/jspui\/handle\/tede\/2430<\/a><\/p>\n\n\n\n<p class=\"wp-block-paragraph\"><\/p>\n","protected":false},"excerpt":{"rendered":"<p>Dhion Carlos Hedlund Esta pesquisa discute as circunst\u00e2ncias e din\u00e2micas que envolveram a constru\u00e7\u00e3o de mem\u00f3rias de si de Nicolau Araujo Vergueiro conformadas pelos seus escritos memorial\u00edsticos autorreferenciais, vinculadas \u00e0 vest\u00edgios de seu acervo pessoal. Vergueiro foi m\u00e9dico e pol\u00edtico da cidade de Passo Fundo\/RS, nasceu em 07 de mar\u00e7o de 1882 e faleceu em [&hellip;]<\/p>\n","protected":false},"author":4,"featured_media":0,"comment_status":"open","ping_status":"open","sticky":false,"template":"","format":"standard","meta":{"ocean_front_end_style_editor":"no","ocean_post_layout":"","ocean_both_sidebars_style":"","ocean_both_sidebars_content_width":0,"ocean_both_sidebars_sidebars_width":0,"ocean_sidebar":"","ocean_second_sidebar":"","ocean_disable_margins":"enable","ocean_add_body_class":"","ocean_shortcode_before_top_bar":"","ocean_shortcode_after_top_bar":"","ocean_shortcode_before_header":"","ocean_shortcode_after_header":"","ocean_has_shortcode":"","ocean_shortcode_after_title":"","ocean_shortcode_before_footer_widgets":"","ocean_shortcode_after_footer_widgets":"","ocean_shortcode_before_footer_bottom":"","ocean_shortcode_after_footer_bottom":"","ocean_display_top_bar":"default","ocean_display_header":"default","ocean_header_style":"","ocean_center_header_left_menu":"","ocean_custom_header_template":"","ocean_custom_logo":0,"ocean_custom_retina_logo":0,"ocean_custom_logo_max_width":0,"ocean_custom_logo_tablet_max_width":0,"ocean_custom_logo_mobile_max_width":0,"ocean_custom_logo_max_height":0,"ocean_custom_logo_tablet_max_height":0,"ocean_custom_logo_mobile_max_height":0,"ocean_header_custom_menu":"","ocean_menu_typo_font_family":"","ocean_menu_typo_font_subset":"","ocean_menu_typo_font_size":0,"ocean_menu_typo_font_size_tablet":0,"ocean_menu_typo_font_size_mobile":0,"ocean_menu_typo_font_size_unit":"px","ocean_menu_typo_font_weight":"","ocean_menu_typo_font_weight_tablet":"","ocean_menu_typo_font_weight_mobile":"","ocean_menu_typo_transform":"","ocean_menu_typo_transform_tablet":"","ocean_menu_typo_transform_mobile":"","ocean_menu_typo_line_height":0,"ocean_menu_typo_line_height_tablet":0,"ocean_menu_typo_line_height_mobile":0,"ocean_menu_typo_line_height_unit":"","ocean_menu_typo_spacing":0,"ocean_menu_typo_spacing_tablet":0,"ocean_menu_typo_spacing_mobile":0,"ocean_menu_typo_spacing_unit":"","ocean_menu_link_color":"","ocean_menu_link_color_hover":"","ocean_menu_link_color_active":"","ocean_menu_link_background":"","ocean_menu_link_hover_background":"","ocean_menu_link_active_background":"","ocean_menu_social_links_bg":"","ocean_menu_social_hover_links_bg":"","ocean_menu_social_links_color":"","ocean_menu_social_hover_links_color":"","ocean_disable_title":"default","ocean_disable_heading":"default","ocean_post_title":"","ocean_post_subheading":"","ocean_post_title_style":"","ocean_post_title_background_color":"","ocean_post_title_background":0,"ocean_post_title_bg_image_position":"","ocean_post_title_bg_image_attachment":"","ocean_post_title_bg_image_repeat":"","ocean_post_title_bg_image_size":"","ocean_post_title_height":0,"ocean_post_title_bg_overlay":0.5,"ocean_post_title_bg_overlay_color":"","ocean_disable_breadcrumbs":"default","ocean_breadcrumbs_color":"","ocean_breadcrumbs_separator_color":"","ocean_breadcrumbs_links_color":"","ocean_breadcrumbs_links_hover_color":"","ocean_display_footer_widgets":"default","ocean_display_footer_bottom":"default","ocean_custom_footer_template":"","ocean_post_oembed":"","ocean_post_self_hosted_media":"","ocean_post_video_embed":"","ocean_link_format":"","ocean_link_format_target":"self","ocean_quote_format":"","ocean_quote_format_link":"post","ocean_gallery_link_images":"on","ocean_gallery_id":[],"footnotes":""},"categories":[596,313],"tags":[347,136,959,564,958,644],"class_list":["post-7731","post","type-post","status-publish","format-standard","hentry","category-docente","category-teses","tag-arquivo-pessoal","tag-memoria","tag-nicolau-araujo-vergueiro","tag-patrimonio-arquivistico","tag-universidade-de-passo-fundo-upf","tag-universidade-federal-do-rio-grande-furg","entry"],"_links":{"self":[{"href":"https:\/\/www.ccsa.ufpb.br\/pesquisarquivistica\/wp-json\/wp\/v2\/posts\/7731","targetHints":{"allow":["GET"]}}],"collection":[{"href":"https:\/\/www.ccsa.ufpb.br\/pesquisarquivistica\/wp-json\/wp\/v2\/posts"}],"about":[{"href":"https:\/\/www.ccsa.ufpb.br\/pesquisarquivistica\/wp-json\/wp\/v2\/types\/post"}],"author":[{"embeddable":true,"href":"https:\/\/www.ccsa.ufpb.br\/pesquisarquivistica\/wp-json\/wp\/v2\/users\/4"}],"replies":[{"embeddable":true,"href":"https:\/\/www.ccsa.ufpb.br\/pesquisarquivistica\/wp-json\/wp\/v2\/comments?post=7731"}],"version-history":[{"count":1,"href":"https:\/\/www.ccsa.ufpb.br\/pesquisarquivistica\/wp-json\/wp\/v2\/posts\/7731\/revisions"}],"predecessor-version":[{"id":7732,"href":"https:\/\/www.ccsa.ufpb.br\/pesquisarquivistica\/wp-json\/wp\/v2\/posts\/7731\/revisions\/7732"}],"wp:attachment":[{"href":"https:\/\/www.ccsa.ufpb.br\/pesquisarquivistica\/wp-json\/wp\/v2\/media?parent=7731"}],"wp:term":[{"taxonomy":"category","embeddable":true,"href":"https:\/\/www.ccsa.ufpb.br\/pesquisarquivistica\/wp-json\/wp\/v2\/categories?post=7731"},{"taxonomy":"post_tag","embeddable":true,"href":"https:\/\/www.ccsa.ufpb.br\/pesquisarquivistica\/wp-json\/wp\/v2\/tags?post=7731"}],"curies":[{"name":"wp","href":"https:\/\/api.w.org\/{rel}","templated":true}]}}