{"id":7747,"date":"2025-03-01T22:30:41","date_gmt":"2025-03-02T01:30:41","guid":{"rendered":"http:\/\/www.ccsa.ufpb.br\/pesquisarquivistica\/?p=7747"},"modified":"2025-03-02T00:45:17","modified_gmt":"2025-03-02T03:45:17","slug":"descricao-conservacao-preventiva-e-digitalizacao-dos-processos-em-exposicao-na-sala-de-memoria-da-justica-federal-subsecao-rio-grande-2015-2016","status":"publish","type":"post","link":"https:\/\/www.ccsa.ufpb.br\/pesquisarquivistica\/descricao-conservacao-preventiva-e-digitalizacao-dos-processos-em-exposicao-na-sala-de-memoria-da-justica-federal-subsecao-rio-grande-2015-2016\/","title":{"rendered":"DESCRI\u00c7\u00c3O, CONSERVA\u00c7\u00c3O PREVENTIVA E DIGITALIZA\u00c7\u00c3O DOS PROCESSOS EM EXPOSI\u00c7\u00c3O NA SALA DE MEM\u00d3RIA DA JUSTI\u00c7A FEDERAL SUBSE\u00c7\u00c3O RIO GRANDE (2015-2016)"},"content":{"rendered":"\n<p>Integrantes: <a href=\"http:\/\/lattes.cnpq.br\/3502426977254866\">Dhion Carlos Hedlund <\/a>&#8211; Coordenador \/ Evelin Melo Mintegui &#8211; Integrante \/ La\u00eds Garighan &#8211; Integrante \/ Valesca Soares &#8211; Integrante \/ Maila Bartolo Gon\u00e7alves &#8211; Integrante \/ Silvana Brum Rosa &#8211; Integrante \/ Rejane Sacco dos Anjos &#8211; Integrante \/ Susi Andresa da Cunha Soares &#8211; Integrante<\/p>\n\n\n\n<p>A presente proposta tem como objetivos a descri\u00e7\u00e3o, a conserva\u00e7\u00e3o preventiva e a digitaliza\u00e7\u00e3o dos processos em exposi\u00e7\u00e3o na Sala de Mem\u00f3ria da justi\u00e7a Federal Subse\u00e7\u00e3o Rio Grande. Seu objeto \u00e9 um conjunto de processos selecionados pela institui\u00e7\u00e3o produtora como representantes de suas primeiras atividades na cidade de Rio Grande. A metodologia envolve a descri\u00e7\u00e3o arquiv\u00edstica e difus\u00e3o da mesma via internet, a realiza\u00e7\u00e3o de procedimentos de conserva\u00e7\u00e3o preventiva, como a higieniza\u00e7\u00e3o mec\u00e2nica do material, bem como acondicionamento adequado. Al\u00e9m disso, prev\u00ea a digitaliza\u00e7\u00e3o do conte\u00fado dos mesmos para acesso, como iniciativa de prote\u00e7\u00e3o e conserva\u00e7\u00e3o dos originais. Prev\u00ea a divulga\u00e7\u00e3o das a\u00e7\u00f5es atrav\u00e9s de um blog, bem como uma exposi\u00e7\u00e3o sobre o processo de desenvolvimento do trabalho a ser realizado na pr\u00f3pria Sala de Mem\u00f3ria.<\/p>\n","protected":false},"excerpt":{"rendered":"<p>Integrantes: Dhion Carlos Hedlund &#8211; Coordenador \/ Evelin Melo Mintegui &#8211; Integrante \/ La\u00eds Garighan &#8211; Integrante \/ Valesca Soares &#8211; Integrante \/ Maila Bartolo Gon\u00e7alves &#8211; Integrante \/ Silvana Brum Rosa &#8211; Integrante \/ Rejane Sacco dos Anjos &#8211; Integrante \/ Susi Andresa da Cunha Soares &#8211; Integrante A presente proposta tem como objetivos [&hellip;]<\/p>\n","protected":false},"author":4,"featured_media":0,"comment_status":"open","ping_status":"open","sticky":false,"template":"","format":"standard","meta":{"ocean_post_layout":"","ocean_both_sidebars_style":"","ocean_both_sidebars_content_width":0,"ocean_both_sidebars_sidebars_width":0,"ocean_sidebar":"","ocean_second_sidebar":"","ocean_disable_margins":"enable","ocean_add_body_class":"","ocean_shortcode_before_top_bar":"","ocean_shortcode_after_top_bar":"","ocean_shortcode_before_header":"","ocean_shortcode_after_header":"","ocean_has_shortcode":"","ocean_shortcode_after_title":"","ocean_shortcode_before_footer_widgets":"","ocean_shortcode_after_footer_widgets":"","ocean_shortcode_before_footer_bottom":"","ocean_shortcode_after_footer_bottom":"","ocean_display_top_bar":"default","ocean_display_header":"default","ocean_header_style":"","ocean_center_header_left_menu":"","ocean_custom_header_template":"","ocean_custom_logo":0,"ocean_custom_retina_logo":0,"ocean_custom_logo_max_width":0,"ocean_custom_logo_tablet_max_width":0,"ocean_custom_logo_mobile_max_width":0,"ocean_custom_logo_max_height":0,"ocean_custom_logo_tablet_max_height":0,"ocean_custom_logo_mobile_max_height":0,"ocean_header_custom_menu":"","ocean_menu_typo_font_family":"","ocean_menu_typo_font_subset":"","ocean_menu_typo_font_size":0,"ocean_menu_typo_font_size_tablet":0,"ocean_menu_typo_font_size_mobile":0,"ocean_menu_typo_font_size_unit":"px","ocean_menu_typo_font_weight":"","ocean_menu_typo_font_weight_tablet":"","ocean_menu_typo_font_weight_mobile":"","ocean_menu_typo_transform":"","ocean_menu_typo_transform_tablet":"","ocean_menu_typo_transform_mobile":"","ocean_menu_typo_line_height":0,"ocean_menu_typo_line_height_tablet":0,"ocean_menu_typo_line_height_mobile":0,"ocean_menu_typo_line_height_unit":"","ocean_menu_typo_spacing":0,"ocean_menu_typo_spacing_tablet":0,"ocean_menu_typo_spacing_mobile":0,"ocean_menu_typo_spacing_unit":"","ocean_menu_link_color":"","ocean_menu_link_color_hover":"","ocean_menu_link_color_active":"","ocean_menu_link_background":"","ocean_menu_link_hover_background":"","ocean_menu_link_active_background":"","ocean_menu_social_links_bg":"","ocean_menu_social_hover_links_bg":"","ocean_menu_social_links_color":"","ocean_menu_social_hover_links_color":"","ocean_disable_title":"default","ocean_disable_heading":"default","ocean_post_title":"","ocean_post_subheading":"","ocean_post_title_style":"","ocean_post_title_background_color":"","ocean_post_title_background":0,"ocean_post_title_bg_image_position":"","ocean_post_title_bg_image_attachment":"","ocean_post_title_bg_image_repeat":"","ocean_post_title_bg_image_size":"","ocean_post_title_height":0,"ocean_post_title_bg_overlay":0.5,"ocean_post_title_bg_overlay_color":"","ocean_disable_breadcrumbs":"default","ocean_breadcrumbs_color":"","ocean_breadcrumbs_separator_color":"","ocean_breadcrumbs_links_color":"","ocean_breadcrumbs_links_hover_color":"","ocean_display_footer_widgets":"default","ocean_display_footer_bottom":"default","ocean_custom_footer_template":"","ocean_post_oembed":"","ocean_post_self_hosted_media":"","ocean_post_video_embed":"","ocean_link_format":"","ocean_link_format_target":"self","ocean_quote_format":"","ocean_quote_format_link":"post","ocean_gallery_link_images":"on","ocean_gallery_id":[],"footnotes":""},"categories":[596,1],"tags":[88,157,150,644],"class_list":["post-7747","post","type-post","status-publish","format-standard","hentry","category-docente","category-projetos-de-extensao","tag-descricao-arquivistica","tag-difusao-de-acervos","tag-digitalizacao","tag-universidade-federal-do-rio-grande-furg","entry"],"_links":{"self":[{"href":"https:\/\/www.ccsa.ufpb.br\/pesquisarquivistica\/wp-json\/wp\/v2\/posts\/7747","targetHints":{"allow":["GET"]}}],"collection":[{"href":"https:\/\/www.ccsa.ufpb.br\/pesquisarquivistica\/wp-json\/wp\/v2\/posts"}],"about":[{"href":"https:\/\/www.ccsa.ufpb.br\/pesquisarquivistica\/wp-json\/wp\/v2\/types\/post"}],"author":[{"embeddable":true,"href":"https:\/\/www.ccsa.ufpb.br\/pesquisarquivistica\/wp-json\/wp\/v2\/users\/4"}],"replies":[{"embeddable":true,"href":"https:\/\/www.ccsa.ufpb.br\/pesquisarquivistica\/wp-json\/wp\/v2\/comments?post=7747"}],"version-history":[{"count":1,"href":"https:\/\/www.ccsa.ufpb.br\/pesquisarquivistica\/wp-json\/wp\/v2\/posts\/7747\/revisions"}],"predecessor-version":[{"id":7748,"href":"https:\/\/www.ccsa.ufpb.br\/pesquisarquivistica\/wp-json\/wp\/v2\/posts\/7747\/revisions\/7748"}],"wp:attachment":[{"href":"https:\/\/www.ccsa.ufpb.br\/pesquisarquivistica\/wp-json\/wp\/v2\/media?parent=7747"}],"wp:term":[{"taxonomy":"category","embeddable":true,"href":"https:\/\/www.ccsa.ufpb.br\/pesquisarquivistica\/wp-json\/wp\/v2\/categories?post=7747"},{"taxonomy":"post_tag","embeddable":true,"href":"https:\/\/www.ccsa.ufpb.br\/pesquisarquivistica\/wp-json\/wp\/v2\/tags?post=7747"}],"curies":[{"name":"wp","href":"https:\/\/api.w.org\/{rel}","templated":true}]}}