{"id":7766,"date":"2025-03-01T23:45:57","date_gmt":"2025-03-02T02:45:57","guid":{"rendered":"http:\/\/www.ccsa.ufpb.br\/pesquisarquivistica\/?p=7766"},"modified":"2025-03-01T23:45:57","modified_gmt":"2025-03-02T02:45:57","slug":"a-institucionalidade-arquivistica-nos-municipios-brasileiros-2023-atual","status":"publish","type":"post","link":"https:\/\/www.ccsa.ufpb.br\/pesquisarquivistica\/a-institucionalidade-arquivistica-nos-municipios-brasileiros-2023-atual\/","title":{"rendered":"A INSTITUCIONALIDADE ARQUIV\u00cdSTICA NOS MUNIC\u00cdPIOS BRASILEIROS (2023-Atual)"},"content":{"rendered":"\n<p>Integrantes: <a href=\"http:\/\/lattes.cnpq.br\/1458850189170755\">Evelin Melo Mintegui <\/a>&#8211; Integrante \/ Camila Schwinden Lehmkuhl &#8211; Integrante \/ Francisco Alcides Cougo Jr. &#8211; Coordenador \/ Clarissa Moreira dos Santos Schmidt &#8211; Integrante \/ Clarissa de Lourdes Sommer Alves &#8211; Integrante \/ Monica Tenaglia &#8211; Integrante \/ Rafael Chaves Ferreira &#8211; Integrante \/ Renato de Mattos &#8211; Integrante.<\/p>\n\n\n\n<p>A legisla\u00e7\u00e3o brasileira estabelece que \u00e9 dever da administra\u00e7\u00e3o p\u00fablica promover a gest\u00e3o de documentos e garantir o acesso \u00e0 informa\u00e7\u00e3o. De acordo com o Conselho Nacional de Arquivos (CONARQ), nos munic\u00edpios tais deveres devem ser atribu\u00eddos \u00e0s institui\u00e7\u00f5es arquiv\u00edsticas (arquivos p\u00fablicos). O CONARQ compreende tais institui\u00e7\u00f5es como \u00f3rg\u00e3os dotados de autonomia de gest\u00e3o, posicionamento hier\u00e1rquico adequado, infraestrutura e recursos or\u00e7ament\u00e1rios e humanos ? condi\u00e7\u00f5es que entendemos como requisitos b\u00e1sicos de institucionalidade arquiv\u00edstica. Apesar da import\u00e2ncia do tema, at\u00e9 hoje n\u00e3o existem dados confi\u00e1veis sobre a implementa\u00e7\u00e3o e as caracter\u00edsticas das institui\u00e7\u00f5es arquiv\u00edsticas nos munic\u00edpios do Brasil. Este projeto prop\u00f5e, assim, a realiza\u00e7\u00e3o de um mapeamento sistem\u00e1tico sobreas condi\u00e7\u00f5es da institucionalidade arquiv\u00edstica vinculada ao Poder Executivo nos entes subnacionais brasileiros(munic\u00edpios). A proposta objetiva investigar a presen\u00e7a dos requisitos b\u00e1sicos da institucionalidade arquiv\u00edstica p\u00fablica, tendo como recorte amostral os entes municipais com popula\u00e7\u00e3o igual ou superior a 50 mil habitantes, conforme estimativas aferidas pelo Instituto Brasileiro de Geografia e Estat\u00edstica (IBGE, 2022). A realiza\u00e7\u00e3o da pesquisa empregar\u00e1 uma estrat\u00e9gia metodol\u00f3gica de car\u00e1ter quali-quantitativo, baseada na coleta de dados junto ao Portal Leis Municipais e aos Portais da Transpar\u00eancia dos 678 munic\u00edpios brasileiros contemplados na amostragem ?onde vive mais da metade da popula\u00e7\u00e3o do pa\u00eds. A pesquisa pretende contribuir efetivamente para a formula\u00e7\u00e3o e implementa\u00e7\u00e3o da pol\u00edtica nacional de arquivos prevista na Lei Federal no 8.159\/1991. Ademais, a expectativa \u00e9 deque se estabele\u00e7a um entendimento mais aprofundado sobre os problemas p\u00fablicos relacionados \u00e0 gest\u00e3o de documentos e arquivos no Brasil. Espera-se, tamb\u00e9m, contribuir para a consolida\u00e7\u00e3o do conhecimento produzido pela Arquivologia no pa\u00eds, ainda incipiente em muitas searas.<\/p>\n","protected":false},"excerpt":{"rendered":"<p>Integrantes: Evelin Melo Mintegui &#8211; Integrante \/ Camila Schwinden Lehmkuhl &#8211; Integrante \/ Francisco Alcides Cougo Jr. &#8211; Coordenador \/ Clarissa Moreira dos Santos Schmidt &#8211; Integrante \/ Clarissa de Lourdes Sommer Alves &#8211; Integrante \/ Monica Tenaglia &#8211; Integrante \/ Rafael Chaves Ferreira &#8211; Integrante \/ Renato de Mattos &#8211; Integrante. A legisla\u00e7\u00e3o brasileira [&hellip;]<\/p>\n","protected":false},"author":4,"featured_media":0,"comment_status":"open","ping_status":"open","sticky":false,"template":"","format":"standard","meta":{"ocean_post_layout":"","ocean_both_sidebars_style":"","ocean_both_sidebars_content_width":0,"ocean_both_sidebars_sidebars_width":0,"ocean_sidebar":"","ocean_second_sidebar":"","ocean_disable_margins":"enable","ocean_add_body_class":"","ocean_shortcode_before_top_bar":"","ocean_shortcode_after_top_bar":"","ocean_shortcode_before_header":"","ocean_shortcode_after_header":"","ocean_has_shortcode":"","ocean_shortcode_after_title":"","ocean_shortcode_before_footer_widgets":"","ocean_shortcode_after_footer_widgets":"","ocean_shortcode_before_footer_bottom":"","ocean_shortcode_after_footer_bottom":"","ocean_display_top_bar":"default","ocean_display_header":"default","ocean_header_style":"","ocean_center_header_left_menu":"","ocean_custom_header_template":"","ocean_custom_logo":0,"ocean_custom_retina_logo":0,"ocean_custom_logo_max_width":0,"ocean_custom_logo_tablet_max_width":0,"ocean_custom_logo_mobile_max_width":0,"ocean_custom_logo_max_height":0,"ocean_custom_logo_tablet_max_height":0,"ocean_custom_logo_mobile_max_height":0,"ocean_header_custom_menu":"","ocean_menu_typo_font_family":"","ocean_menu_typo_font_subset":"","ocean_menu_typo_font_size":0,"ocean_menu_typo_font_size_tablet":0,"ocean_menu_typo_font_size_mobile":0,"ocean_menu_typo_font_size_unit":"px","ocean_menu_typo_font_weight":"","ocean_menu_typo_font_weight_tablet":"","ocean_menu_typo_font_weight_mobile":"","ocean_menu_typo_transform":"","ocean_menu_typo_transform_tablet":"","ocean_menu_typo_transform_mobile":"","ocean_menu_typo_line_height":0,"ocean_menu_typo_line_height_tablet":0,"ocean_menu_typo_line_height_mobile":0,"ocean_menu_typo_line_height_unit":"","ocean_menu_typo_spacing":0,"ocean_menu_typo_spacing_tablet":0,"ocean_menu_typo_spacing_mobile":0,"ocean_menu_typo_spacing_unit":"","ocean_menu_link_color":"","ocean_menu_link_color_hover":"","ocean_menu_link_color_active":"","ocean_menu_link_background":"","ocean_menu_link_hover_background":"","ocean_menu_link_active_background":"","ocean_menu_social_links_bg":"","ocean_menu_social_hover_links_bg":"","ocean_menu_social_links_color":"","ocean_menu_social_hover_links_color":"","ocean_disable_title":"default","ocean_disable_heading":"default","ocean_post_title":"","ocean_post_subheading":"","ocean_post_title_style":"","ocean_post_title_background_color":"","ocean_post_title_background":0,"ocean_post_title_bg_image_position":"","ocean_post_title_bg_image_attachment":"","ocean_post_title_bg_image_repeat":"","ocean_post_title_bg_image_size":"","ocean_post_title_height":0,"ocean_post_title_bg_overlay":0.5,"ocean_post_title_bg_overlay_color":"","ocean_disable_breadcrumbs":"default","ocean_breadcrumbs_color":"","ocean_breadcrumbs_separator_color":"","ocean_breadcrumbs_links_color":"","ocean_breadcrumbs_links_hover_color":"","ocean_display_footer_widgets":"default","ocean_display_footer_bottom":"default","ocean_custom_footer_template":"","ocean_post_oembed":"","ocean_post_self_hosted_media":"","ocean_post_video_embed":"","ocean_link_format":"","ocean_link_format_target":"self","ocean_quote_format":"","ocean_quote_format_link":"post","ocean_gallery_link_images":"on","ocean_gallery_id":[],"footnotes":""},"categories":[596,9],"tags":[961,82,644],"class_list":["post-7766","post","type-post","status-publish","format-standard","hentry","category-docente","category-projetos-de-pesquisa","tag-institucionalidade-arquivistica","tag-politicas-arquivisticas","tag-universidade-federal-do-rio-grande-furg","entry"],"_links":{"self":[{"href":"https:\/\/www.ccsa.ufpb.br\/pesquisarquivistica\/wp-json\/wp\/v2\/posts\/7766","targetHints":{"allow":["GET"]}}],"collection":[{"href":"https:\/\/www.ccsa.ufpb.br\/pesquisarquivistica\/wp-json\/wp\/v2\/posts"}],"about":[{"href":"https:\/\/www.ccsa.ufpb.br\/pesquisarquivistica\/wp-json\/wp\/v2\/types\/post"}],"author":[{"embeddable":true,"href":"https:\/\/www.ccsa.ufpb.br\/pesquisarquivistica\/wp-json\/wp\/v2\/users\/4"}],"replies":[{"embeddable":true,"href":"https:\/\/www.ccsa.ufpb.br\/pesquisarquivistica\/wp-json\/wp\/v2\/comments?post=7766"}],"version-history":[{"count":1,"href":"https:\/\/www.ccsa.ufpb.br\/pesquisarquivistica\/wp-json\/wp\/v2\/posts\/7766\/revisions"}],"predecessor-version":[{"id":7767,"href":"https:\/\/www.ccsa.ufpb.br\/pesquisarquivistica\/wp-json\/wp\/v2\/posts\/7766\/revisions\/7767"}],"wp:attachment":[{"href":"https:\/\/www.ccsa.ufpb.br\/pesquisarquivistica\/wp-json\/wp\/v2\/media?parent=7766"}],"wp:term":[{"taxonomy":"category","embeddable":true,"href":"https:\/\/www.ccsa.ufpb.br\/pesquisarquivistica\/wp-json\/wp\/v2\/categories?post=7766"},{"taxonomy":"post_tag","embeddable":true,"href":"https:\/\/www.ccsa.ufpb.br\/pesquisarquivistica\/wp-json\/wp\/v2\/tags?post=7766"}],"curies":[{"name":"wp","href":"https:\/\/api.w.org\/{rel}","templated":true}]}}