{"id":7772,"date":"2025-03-02T00:08:43","date_gmt":"2025-03-02T03:08:43","guid":{"rendered":"http:\/\/www.ccsa.ufpb.br\/pesquisarquivistica\/?p=7772"},"modified":"2025-03-02T00:44:44","modified_gmt":"2025-03-02T03:44:44","slug":"memoria-do-mundo-submissao-de-candidatura-da-serie-terrorismo-de-estado-no-conesul-do-acervo-do-mjdh-2022-2022","status":"publish","type":"post","link":"https:\/\/www.ccsa.ufpb.br\/pesquisarquivistica\/memoria-do-mundo-submissao-de-candidatura-da-serie-terrorismo-de-estado-no-conesul-do-acervo-do-mjdh-2022-2022\/","title":{"rendered":"MEM\u00d3RIA DO MUNDO: submiss\u00e3o de candidatura da s\u00e9rie terrorismo de estado no Conesul do acervo do MJDH (2022-2022)"},"content":{"rendered":"\n<p>Integrantes: <a href=\"http:\/\/lattes.cnpq.br\/1458850189170755\">Evelin Melo Mintegui<\/a> &#8211; Integrante \/ Roberta Pinto Medeiros &#8211; Coordenador.<\/p>\n\n\n\n<p>Este projeto de extens\u00e3o teve como objetivo a submiss\u00e3o de candidatura de parte do Acervo do Movimento Justi\u00e7a e Direitos Humanos ao Projeto Mem\u00f3ria do Mundo, da Unesco. Para isso, a iniciativa contava com metodologia que previa an\u00e1lise da S\u00e9rie Terrorismo de Estado, sele\u00e7\u00e3o de recorte para candidatura, descri\u00e7\u00e3o arquiv\u00edstica do recorte, preenchimento dos formul\u00e1rios pertinentes, tradu\u00e7\u00e3o para os idiomas oficiais do edital e submiss\u00e3o. A iniciaitiva obteve sucesso, e em novembro de 2022, a S\u00e9rie Terrorismo de Estado no Per\u00edodo de Ditaduras no Conesul foi incorporada ao Registro de Mem\u00f3ria do Mundo &#8211; Am\u00e9rica Latina e Caribe<\/p>\n","protected":false},"excerpt":{"rendered":"<p>Integrantes: Evelin Melo Mintegui &#8211; Integrante \/ Roberta Pinto Medeiros &#8211; Coordenador. Este projeto de extens\u00e3o teve como objetivo a submiss\u00e3o de candidatura de parte do Acervo do Movimento Justi\u00e7a e Direitos Humanos ao Projeto Mem\u00f3ria do Mundo, da Unesco. Para isso, a iniciativa contava com metodologia que previa an\u00e1lise da S\u00e9rie Terrorismo de Estado, [&hellip;]<\/p>\n","protected":false},"author":4,"featured_media":0,"comment_status":"open","ping_status":"open","sticky":false,"template":"","format":"standard","meta":{"ocean_post_layout":"","ocean_both_sidebars_style":"","ocean_both_sidebars_content_width":0,"ocean_both_sidebars_sidebars_width":0,"ocean_sidebar":"","ocean_second_sidebar":"","ocean_disable_margins":"enable","ocean_add_body_class":"","ocean_shortcode_before_top_bar":"","ocean_shortcode_after_top_bar":"","ocean_shortcode_before_header":"","ocean_shortcode_after_header":"","ocean_has_shortcode":"","ocean_shortcode_after_title":"","ocean_shortcode_before_footer_widgets":"","ocean_shortcode_after_footer_widgets":"","ocean_shortcode_before_footer_bottom":"","ocean_shortcode_after_footer_bottom":"","ocean_display_top_bar":"default","ocean_display_header":"default","ocean_header_style":"","ocean_center_header_left_menu":"","ocean_custom_header_template":"","ocean_custom_logo":0,"ocean_custom_retina_logo":0,"ocean_custom_logo_max_width":0,"ocean_custom_logo_tablet_max_width":0,"ocean_custom_logo_mobile_max_width":0,"ocean_custom_logo_max_height":0,"ocean_custom_logo_tablet_max_height":0,"ocean_custom_logo_mobile_max_height":0,"ocean_header_custom_menu":"","ocean_menu_typo_font_family":"","ocean_menu_typo_font_subset":"","ocean_menu_typo_font_size":0,"ocean_menu_typo_font_size_tablet":0,"ocean_menu_typo_font_size_mobile":0,"ocean_menu_typo_font_size_unit":"px","ocean_menu_typo_font_weight":"","ocean_menu_typo_font_weight_tablet":"","ocean_menu_typo_font_weight_mobile":"","ocean_menu_typo_transform":"","ocean_menu_typo_transform_tablet":"","ocean_menu_typo_transform_mobile":"","ocean_menu_typo_line_height":0,"ocean_menu_typo_line_height_tablet":0,"ocean_menu_typo_line_height_mobile":0,"ocean_menu_typo_line_height_unit":"","ocean_menu_typo_spacing":0,"ocean_menu_typo_spacing_tablet":0,"ocean_menu_typo_spacing_mobile":0,"ocean_menu_typo_spacing_unit":"","ocean_menu_link_color":"","ocean_menu_link_color_hover":"","ocean_menu_link_color_active":"","ocean_menu_link_background":"","ocean_menu_link_hover_background":"","ocean_menu_link_active_background":"","ocean_menu_social_links_bg":"","ocean_menu_social_hover_links_bg":"","ocean_menu_social_links_color":"","ocean_menu_social_hover_links_color":"","ocean_disable_title":"default","ocean_disable_heading":"default","ocean_post_title":"","ocean_post_subheading":"","ocean_post_title_style":"","ocean_post_title_background_color":"","ocean_post_title_background":0,"ocean_post_title_bg_image_position":"","ocean_post_title_bg_image_attachment":"","ocean_post_title_bg_image_repeat":"","ocean_post_title_bg_image_size":"","ocean_post_title_height":0,"ocean_post_title_bg_overlay":0.5,"ocean_post_title_bg_overlay_color":"","ocean_disable_breadcrumbs":"default","ocean_breadcrumbs_color":"","ocean_breadcrumbs_separator_color":"","ocean_breadcrumbs_links_color":"","ocean_breadcrumbs_links_hover_color":"","ocean_display_footer_widgets":"default","ocean_display_footer_bottom":"default","ocean_custom_footer_template":"","ocean_post_oembed":"","ocean_post_self_hosted_media":"","ocean_post_video_embed":"","ocean_link_format":"","ocean_link_format_target":"self","ocean_quote_format":"","ocean_quote_format_link":"post","ocean_gallery_link_images":"on","ocean_gallery_id":[],"footnotes":""},"categories":[596,1],"tags":[88,964,136,644],"class_list":["post-7772","post","type-post","status-publish","format-standard","hentry","category-docente","category-projetos-de-extensao","tag-descricao-arquivistica","tag-ditaduras-no-conesul","tag-memoria","tag-universidade-federal-do-rio-grande-furg","entry"],"_links":{"self":[{"href":"https:\/\/www.ccsa.ufpb.br\/pesquisarquivistica\/wp-json\/wp\/v2\/posts\/7772","targetHints":{"allow":["GET"]}}],"collection":[{"href":"https:\/\/www.ccsa.ufpb.br\/pesquisarquivistica\/wp-json\/wp\/v2\/posts"}],"about":[{"href":"https:\/\/www.ccsa.ufpb.br\/pesquisarquivistica\/wp-json\/wp\/v2\/types\/post"}],"author":[{"embeddable":true,"href":"https:\/\/www.ccsa.ufpb.br\/pesquisarquivistica\/wp-json\/wp\/v2\/users\/4"}],"replies":[{"embeddable":true,"href":"https:\/\/www.ccsa.ufpb.br\/pesquisarquivistica\/wp-json\/wp\/v2\/comments?post=7772"}],"version-history":[{"count":1,"href":"https:\/\/www.ccsa.ufpb.br\/pesquisarquivistica\/wp-json\/wp\/v2\/posts\/7772\/revisions"}],"predecessor-version":[{"id":7773,"href":"https:\/\/www.ccsa.ufpb.br\/pesquisarquivistica\/wp-json\/wp\/v2\/posts\/7772\/revisions\/7773"}],"wp:attachment":[{"href":"https:\/\/www.ccsa.ufpb.br\/pesquisarquivistica\/wp-json\/wp\/v2\/media?parent=7772"}],"wp:term":[{"taxonomy":"category","embeddable":true,"href":"https:\/\/www.ccsa.ufpb.br\/pesquisarquivistica\/wp-json\/wp\/v2\/categories?post=7772"},{"taxonomy":"post_tag","embeddable":true,"href":"https:\/\/www.ccsa.ufpb.br\/pesquisarquivistica\/wp-json\/wp\/v2\/tags?post=7772"}],"curies":[{"name":"wp","href":"https:\/\/api.w.org\/{rel}","templated":true}]}}