{"id":7853,"date":"2025-03-03T14:47:38","date_gmt":"2025-03-03T17:47:38","guid":{"rendered":"http:\/\/www.ccsa.ufpb.br\/pesquisarquivistica\/?p=7853"},"modified":"2025-03-04T21:38:23","modified_gmt":"2025-03-05T00:38:23","slug":"tratamento-do-acervo-do-datc-acoes-preliminares-com-vistas-a-gestao-e-conservacao-do-acervo-2011-2011","status":"publish","type":"post","link":"https:\/\/www.ccsa.ufpb.br\/pesquisarquivistica\/tratamento-do-acervo-do-datc-acoes-preliminares-com-vistas-a-gestao-e-conservacao-do-acervo-2011-2011\/","title":{"rendered":"TRATAMENTO DO ACERVO DO DATC: A\u00c7\u00d5ES PRELIMINARES COM VISTAS \u00c0 GEST\u00c3O E CONSERVA\u00c7\u00c3O DO ACERVO (2011-2011)"},"content":{"rendered":"\n<p>Integrantes: <a href=\"http:\/\/lattes.cnpq.br\/2094860584081283\">Luciana Souza de Brito<\/a> &#8211; Coordenador \/ Janine Say\u00e3o Tremper Magroski &#8211; Integrante \/ Eduardo Castell\u00e3 Xavier &#8211; Integrante \/ Hamilton Luis da Silva Fernandes &#8211; Integrante \/ Nilza Fernanda Farias Andrade &#8211; Integrante \/ Leonardo Goulart Machado &#8211; Integrante \/ Elisa Cordeiro Bastos &#8211; Integrante \/ Dionata Silvestre da Silva &#8211; Integrante<\/p>\n\n\n\n<p>O projeto Tratamento do acervo do DATC: a\u00e7\u00f5es preliminares com vistas \u00e0 gest\u00e3o e conserva\u00e7\u00e3o do acervo visa o desenvolvimento de a\u00e7\u00f5es com base nos referenciais te\u00f3rico metodol\u00f3gicos do campo da arquivologia para o tratamento do acervo documental do Departamento Aut\u00e1rquico de Transportes Coletivos  DATC. Nesse contexto, o projeto tem como objetivo geral a realiza\u00e7\u00e3o do levantamento e a identifica\u00e7\u00e3o da documenta\u00e7\u00e3o do DATC com vistas \u00e0 proposi\u00e7\u00e3o de um m\u00e9todo de acondicionamento e armazenamento do acervo que possa efetivamente proporcionar a conserva\u00e7\u00e3o do mesmo. Al\u00e9m disso, como meio de possibilitar o acesso e a conserva\u00e7\u00e3o da documenta\u00e7\u00e3o a equipe de trabalho do projeto dever\u00e1 iniciar um processo de higieniza\u00e7\u00e3o no acervo, tendo em vista que esse encontra-se em p\u00e9ssimo estado de conserva\u00e7\u00e3o e foi alvo dos mais variados processos de degrada\u00e7\u00e3o<\/p>\n","protected":false},"excerpt":{"rendered":"<p>Integrantes: Luciana Souza de Brito &#8211; Coordenador \/ Janine Say\u00e3o Tremper Magroski &#8211; Integrante \/ Eduardo Castell\u00e3 Xavier &#8211; Integrante \/ Hamilton Luis da Silva Fernandes &#8211; Integrante \/ Nilza Fernanda Farias Andrade &#8211; Integrante \/ Leonardo Goulart Machado &#8211; Integrante \/ Elisa Cordeiro Bastos &#8211; Integrante \/ Dionata Silvestre da Silva &#8211; Integrante O [&hellip;]<\/p>\n","protected":false},"author":4,"featured_media":0,"comment_status":"open","ping_status":"open","sticky":false,"template":"","format":"standard","meta":{"ocean_post_layout":"","ocean_both_sidebars_style":"","ocean_both_sidebars_content_width":0,"ocean_both_sidebars_sidebars_width":0,"ocean_sidebar":"","ocean_second_sidebar":"","ocean_disable_margins":"enable","ocean_add_body_class":"","ocean_shortcode_before_top_bar":"","ocean_shortcode_after_top_bar":"","ocean_shortcode_before_header":"","ocean_shortcode_after_header":"","ocean_has_shortcode":"","ocean_shortcode_after_title":"","ocean_shortcode_before_footer_widgets":"","ocean_shortcode_after_footer_widgets":"","ocean_shortcode_before_footer_bottom":"","ocean_shortcode_after_footer_bottom":"","ocean_display_top_bar":"default","ocean_display_header":"default","ocean_header_style":"","ocean_center_header_left_menu":"","ocean_custom_header_template":"","ocean_custom_logo":0,"ocean_custom_retina_logo":0,"ocean_custom_logo_max_width":0,"ocean_custom_logo_tablet_max_width":0,"ocean_custom_logo_mobile_max_width":0,"ocean_custom_logo_max_height":0,"ocean_custom_logo_tablet_max_height":0,"ocean_custom_logo_mobile_max_height":0,"ocean_header_custom_menu":"","ocean_menu_typo_font_family":"","ocean_menu_typo_font_subset":"","ocean_menu_typo_font_size":0,"ocean_menu_typo_font_size_tablet":0,"ocean_menu_typo_font_size_mobile":0,"ocean_menu_typo_font_size_unit":"px","ocean_menu_typo_font_weight":"","ocean_menu_typo_font_weight_tablet":"","ocean_menu_typo_font_weight_mobile":"","ocean_menu_typo_transform":"","ocean_menu_typo_transform_tablet":"","ocean_menu_typo_transform_mobile":"","ocean_menu_typo_line_height":0,"ocean_menu_typo_line_height_tablet":0,"ocean_menu_typo_line_height_mobile":0,"ocean_menu_typo_line_height_unit":"","ocean_menu_typo_spacing":0,"ocean_menu_typo_spacing_tablet":0,"ocean_menu_typo_spacing_mobile":0,"ocean_menu_typo_spacing_unit":"","ocean_menu_link_color":"","ocean_menu_link_color_hover":"","ocean_menu_link_color_active":"","ocean_menu_link_background":"","ocean_menu_link_hover_background":"","ocean_menu_link_active_background":"","ocean_menu_social_links_bg":"","ocean_menu_social_hover_links_bg":"","ocean_menu_social_links_color":"","ocean_menu_social_hover_links_color":"","ocean_disable_title":"default","ocean_disable_heading":"default","ocean_post_title":"","ocean_post_subheading":"","ocean_post_title_style":"","ocean_post_title_background_color":"","ocean_post_title_background":0,"ocean_post_title_bg_image_position":"","ocean_post_title_bg_image_attachment":"","ocean_post_title_bg_image_repeat":"","ocean_post_title_bg_image_size":"","ocean_post_title_height":0,"ocean_post_title_bg_overlay":0.5,"ocean_post_title_bg_overlay_color":"","ocean_disable_breadcrumbs":"default","ocean_breadcrumbs_color":"","ocean_breadcrumbs_separator_color":"","ocean_breadcrumbs_links_color":"","ocean_breadcrumbs_links_hover_color":"","ocean_display_footer_widgets":"default","ocean_display_footer_bottom":"default","ocean_custom_footer_template":"","ocean_post_oembed":"","ocean_post_self_hosted_media":"","ocean_post_video_embed":"","ocean_link_format":"","ocean_link_format_target":"self","ocean_quote_format":"","ocean_quote_format_link":"post","ocean_gallery_link_images":"on","ocean_gallery_id":[],"footnotes":""},"categories":[596,1],"tags":[642,74,138,644],"class_list":["post-7853","post","type-post","status-publish","format-standard","hentry","category-docente","category-projetos-de-extensao","tag-conservacao","tag-gestao-de-documentos","tag-tratamento-arquivistico","tag-universidade-federal-do-rio-grande-furg","entry"],"_links":{"self":[{"href":"https:\/\/www.ccsa.ufpb.br\/pesquisarquivistica\/wp-json\/wp\/v2\/posts\/7853","targetHints":{"allow":["GET"]}}],"collection":[{"href":"https:\/\/www.ccsa.ufpb.br\/pesquisarquivistica\/wp-json\/wp\/v2\/posts"}],"about":[{"href":"https:\/\/www.ccsa.ufpb.br\/pesquisarquivistica\/wp-json\/wp\/v2\/types\/post"}],"author":[{"embeddable":true,"href":"https:\/\/www.ccsa.ufpb.br\/pesquisarquivistica\/wp-json\/wp\/v2\/users\/4"}],"replies":[{"embeddable":true,"href":"https:\/\/www.ccsa.ufpb.br\/pesquisarquivistica\/wp-json\/wp\/v2\/comments?post=7853"}],"version-history":[{"count":1,"href":"https:\/\/www.ccsa.ufpb.br\/pesquisarquivistica\/wp-json\/wp\/v2\/posts\/7853\/revisions"}],"predecessor-version":[{"id":7854,"href":"https:\/\/www.ccsa.ufpb.br\/pesquisarquivistica\/wp-json\/wp\/v2\/posts\/7853\/revisions\/7854"}],"wp:attachment":[{"href":"https:\/\/www.ccsa.ufpb.br\/pesquisarquivistica\/wp-json\/wp\/v2\/media?parent=7853"}],"wp:term":[{"taxonomy":"category","embeddable":true,"href":"https:\/\/www.ccsa.ufpb.br\/pesquisarquivistica\/wp-json\/wp\/v2\/categories?post=7853"},{"taxonomy":"post_tag","embeddable":true,"href":"https:\/\/www.ccsa.ufpb.br\/pesquisarquivistica\/wp-json\/wp\/v2\/tags?post=7853"}],"curies":[{"name":"wp","href":"https:\/\/api.w.org\/{rel}","templated":true}]}}