{"id":7948,"date":"2025-03-04T16:15:39","date_gmt":"2025-03-04T19:15:39","guid":{"rendered":"http:\/\/www.ccsa.ufpb.br\/pesquisarquivistica\/?p=7948"},"modified":"2025-03-04T16:15:39","modified_gmt":"2025-03-04T19:15:39","slug":"movimentos-sociais-e-arquivos-mulheres-e-suas-memorias-de-lutas-2022-2022","status":"publish","type":"post","link":"https:\/\/www.ccsa.ufpb.br\/pesquisarquivistica\/movimentos-sociais-e-arquivos-mulheres-e-suas-memorias-de-lutas-2022-2022\/","title":{"rendered":"MOVIMENTOS SOCIAIS E ARQUIVOS: mulheres e suas mem\u00f3rias de lutas (2022-2022)"},"content":{"rendered":"\n<p>Integrantes: <a href=\"http:\/\/lattes.cnpq.br\/4231965504706994\">Roberta Pinto Medeiros <\/a>&#8211; Coordenador \/ Ana Laura Bonini Rodrigues de Souza &#8211; Integrante.<\/p>\n\n\n\n<p>O projeto Movimentos Sociais e arquivos: mulheres e suas mem\u00f3rias de luta prop\u00f5e um di\u00e1logo interdisciplinar a partir de mem\u00f3rias de mulheres participantes de movimentos sociais e tamb\u00e9m estudiosas de aludida tem\u00e1tica. O objetivo geral do projeto \u00e9 propor reflex\u00f5es no \u00e2mbito arquiv\u00edstico e hist\u00f3rico brasileiro a partir de experi\u00eancias de mulheres participantes dos movimentos sociais e de estudiosas em diferentes \u00e1reas do conhecimento. E o objetivo espec\u00edfico se delineou em mapear e diagnosticar as tens\u00f5es, demandas, atores e objetos, que viabilizem estrat\u00e9gias de interlocu\u00e7\u00e3o do campo dos Arquivos com os Movimentos Sociais em suas m\u00faltiplas possibilidades. Sendo assim, demarca-se o objetivo geral de propor reflex\u00f5es no \u00e2mbito arquiv\u00edstico e hist\u00f3rico, a partir das experi\u00eancias de mulheres participantes de Movimentos Sociais e de estudiosas em diferentes \u00e1reas do conhecimento, e com a compress\u00e3o dos documentos como artefato cultural que classifica sujeitos e conhecimentos, estabelecendo direitos e deveres, e o objetivo espec\u00edfico \u00e9 mapear e diagnosticar as tens\u00f5es, demandas, atores e objetos, que viabilizem estrat\u00e9gias de interlocu\u00e7\u00e3o do campo dos Arquivos com os Movimentos Sociais em suas m\u00faltiplas possibilidades. Desta forma, espera-se como resultado a ser alcan\u00e7ado com este projeto de pesquisa, a possibilidade de reflex\u00f5es interdisciplinares para com a tem\u00e1tica de mem\u00f3rias de lutas de mulheres dos movimentos sociais.<\/p>\n","protected":false},"excerpt":{"rendered":"<p>Integrantes: Roberta Pinto Medeiros &#8211; Coordenador \/ Ana Laura Bonini Rodrigues de Souza &#8211; Integrante. O projeto Movimentos Sociais e arquivos: mulheres e suas mem\u00f3rias de luta prop\u00f5e um di\u00e1logo interdisciplinar a partir de mem\u00f3rias de mulheres participantes de movimentos sociais e tamb\u00e9m estudiosas de aludida tem\u00e1tica. O objetivo geral do projeto \u00e9 propor reflex\u00f5es [&hellip;]<\/p>\n","protected":false},"author":4,"featured_media":0,"comment_status":"open","ping_status":"open","sticky":false,"template":"","format":"standard","meta":{"ocean_post_layout":"","ocean_both_sidebars_style":"","ocean_both_sidebars_content_width":0,"ocean_both_sidebars_sidebars_width":0,"ocean_sidebar":"","ocean_second_sidebar":"","ocean_disable_margins":"enable","ocean_add_body_class":"","ocean_shortcode_before_top_bar":"","ocean_shortcode_after_top_bar":"","ocean_shortcode_before_header":"","ocean_shortcode_after_header":"","ocean_has_shortcode":"","ocean_shortcode_after_title":"","ocean_shortcode_before_footer_widgets":"","ocean_shortcode_after_footer_widgets":"","ocean_shortcode_before_footer_bottom":"","ocean_shortcode_after_footer_bottom":"","ocean_display_top_bar":"default","ocean_display_header":"default","ocean_header_style":"","ocean_center_header_left_menu":"","ocean_custom_header_template":"","ocean_custom_logo":0,"ocean_custom_retina_logo":0,"ocean_custom_logo_max_width":0,"ocean_custom_logo_tablet_max_width":0,"ocean_custom_logo_mobile_max_width":0,"ocean_custom_logo_max_height":0,"ocean_custom_logo_tablet_max_height":0,"ocean_custom_logo_mobile_max_height":0,"ocean_header_custom_menu":"","ocean_menu_typo_font_family":"","ocean_menu_typo_font_subset":"","ocean_menu_typo_font_size":0,"ocean_menu_typo_font_size_tablet":0,"ocean_menu_typo_font_size_mobile":0,"ocean_menu_typo_font_size_unit":"px","ocean_menu_typo_font_weight":"","ocean_menu_typo_font_weight_tablet":"","ocean_menu_typo_font_weight_mobile":"","ocean_menu_typo_transform":"","ocean_menu_typo_transform_tablet":"","ocean_menu_typo_transform_mobile":"","ocean_menu_typo_line_height":0,"ocean_menu_typo_line_height_tablet":0,"ocean_menu_typo_line_height_mobile":0,"ocean_menu_typo_line_height_unit":"","ocean_menu_typo_spacing":0,"ocean_menu_typo_spacing_tablet":0,"ocean_menu_typo_spacing_mobile":0,"ocean_menu_typo_spacing_unit":"","ocean_menu_link_color":"","ocean_menu_link_color_hover":"","ocean_menu_link_color_active":"","ocean_menu_link_background":"","ocean_menu_link_hover_background":"","ocean_menu_link_active_background":"","ocean_menu_social_links_bg":"","ocean_menu_social_hover_links_bg":"","ocean_menu_social_links_color":"","ocean_menu_social_hover_links_color":"","ocean_disable_title":"default","ocean_disable_heading":"default","ocean_post_title":"","ocean_post_subheading":"","ocean_post_title_style":"","ocean_post_title_background_color":"","ocean_post_title_background":0,"ocean_post_title_bg_image_position":"","ocean_post_title_bg_image_attachment":"","ocean_post_title_bg_image_repeat":"","ocean_post_title_bg_image_size":"","ocean_post_title_height":0,"ocean_post_title_bg_overlay":0.5,"ocean_post_title_bg_overlay_color":"","ocean_disable_breadcrumbs":"default","ocean_breadcrumbs_color":"","ocean_breadcrumbs_separator_color":"","ocean_breadcrumbs_links_color":"","ocean_breadcrumbs_links_hover_color":"","ocean_display_footer_widgets":"default","ocean_display_footer_bottom":"default","ocean_custom_footer_template":"","ocean_post_oembed":"","ocean_post_self_hosted_media":"","ocean_post_video_embed":"","ocean_link_format":"","ocean_link_format_target":"self","ocean_quote_format":"","ocean_quote_format_link":"post","ocean_gallery_link_images":"on","ocean_gallery_id":[],"footnotes":""},"categories":[596,9],"tags":[229,889,270,644],"class_list":["post-7948","post","type-post","status-publish","format-standard","hentry","category-docente","category-projetos-de-pesquisa","tag-arquivos-historicos","tag-documento-historico","tag-movimentos-sociais","tag-universidade-federal-do-rio-grande-furg","entry"],"_links":{"self":[{"href":"https:\/\/www.ccsa.ufpb.br\/pesquisarquivistica\/wp-json\/wp\/v2\/posts\/7948","targetHints":{"allow":["GET"]}}],"collection":[{"href":"https:\/\/www.ccsa.ufpb.br\/pesquisarquivistica\/wp-json\/wp\/v2\/posts"}],"about":[{"href":"https:\/\/www.ccsa.ufpb.br\/pesquisarquivistica\/wp-json\/wp\/v2\/types\/post"}],"author":[{"embeddable":true,"href":"https:\/\/www.ccsa.ufpb.br\/pesquisarquivistica\/wp-json\/wp\/v2\/users\/4"}],"replies":[{"embeddable":true,"href":"https:\/\/www.ccsa.ufpb.br\/pesquisarquivistica\/wp-json\/wp\/v2\/comments?post=7948"}],"version-history":[{"count":1,"href":"https:\/\/www.ccsa.ufpb.br\/pesquisarquivistica\/wp-json\/wp\/v2\/posts\/7948\/revisions"}],"predecessor-version":[{"id":7949,"href":"https:\/\/www.ccsa.ufpb.br\/pesquisarquivistica\/wp-json\/wp\/v2\/posts\/7948\/revisions\/7949"}],"wp:attachment":[{"href":"https:\/\/www.ccsa.ufpb.br\/pesquisarquivistica\/wp-json\/wp\/v2\/media?parent=7948"}],"wp:term":[{"taxonomy":"category","embeddable":true,"href":"https:\/\/www.ccsa.ufpb.br\/pesquisarquivistica\/wp-json\/wp\/v2\/categories?post=7948"},{"taxonomy":"post_tag","embeddable":true,"href":"https:\/\/www.ccsa.ufpb.br\/pesquisarquivistica\/wp-json\/wp\/v2\/tags?post=7948"}],"curies":[{"name":"wp","href":"https:\/\/api.w.org\/{rel}","templated":true}]}}