{"id":8189,"date":"2025-03-08T20:53:01","date_gmt":"2025-03-08T23:53:01","guid":{"rendered":"http:\/\/www.ccsa.ufpb.br\/pesquisarquivistica\/?p=8189"},"modified":"2025-03-08T20:53:01","modified_gmt":"2025-03-08T23:53:01","slug":"representacoes-sociais-narrativas-e-memorias-da-vila-vicentina-julia-freire-2013-2014","status":"publish","type":"post","link":"https:\/\/www.ccsa.ufpb.br\/pesquisarquivistica\/representacoes-sociais-narrativas-e-memorias-da-vila-vicentina-julia-freire-2013-2014\/","title":{"rendered":"REPRESENTA\u00c7\u00d5ES SOCIAIS, NARRATIVAS E MEM\u00d3RIAS DA VILA VICENTINA J\u00daLIA FREIRE (2013-2014)"},"content":{"rendered":"\n<p>Integrantes: <a href=\"http:\/\/lattes.cnpq.br\/6882006229281341\">Suerde Miranda de Oliveira Brito<\/a> &#8211; Coordenador \/ Anna Carla Silva de Queiroz &#8211; Integrante \/ Ana Cristina Coutinho Flor &#8211; Integrante \/ Jefferson da Silva Moraes &#8211; Integrante \/ Mauro Porf\u00edrio Barbosa Guimar\u00e3es J\u00fanior &#8211; Integrante \/ Silvaneide Ferreira de Melo &#8211; Integrante.<\/p>\n\n\n\n<p>A presente pesquisa teve como objetivo conhecer a hist\u00f3ria da Institui\u00e7\u00e3o de Longa Perman\u00eancia para Idosos, Vila Vicentina J\u00falia Freire (VVJF), a partir de suas mem\u00f3rias, representa\u00e7\u00f5es sociais e narrativas. A VVJF \u00e9 uma institui\u00e7\u00e3o filantr\u00f3pica, localizada no munic\u00edpio de Jo\u00e3o Pessoa, na Para\u00edba, e atende, atualmente, 63 idosos (33 homens 30 mulheres). Trata-se um estudo de abordagem qualitativa, descritiva e explorat\u00f3ria, fundamentada na perspectiva moscoviciana da Teoria das Representa\u00e7\u00f5es Sociais e na perspectiva psicossocial da mem\u00f3ria (simultaneamente social e psicol\u00f3gica, e relacionada \u00e0 intera\u00e7\u00e3o social e \u00e0 comunica\u00e7\u00e3o social). As representa\u00e7\u00f5es sociais s\u00e3o realidades constru\u00eddas socialmente, que dizem respeito ao modo de interpretar o cotidiano e se articulam \u00e0 mem\u00f3ria coletiva do grupo, atrav\u00e9s da ancoragem das experi\u00eancias novas em acontecimentos preexistentes. Os participantes do estudo foram seis moradores da VVJF e um do seu entorno, cinco funcion\u00e1rios, cinco volunt\u00e1rios e um familiar de idoso. O n\u00famero de participantes foi definido pelo crit\u00e9rio de satura\u00e7\u00e3o; isto \u00e9, quando os temas e\/ou fatos come\u00e7aram a se repetir, realizamos mais algumas entrevistas e a coleta de dados foi conclu\u00edda. Os crit\u00e9rios de inclus\u00e3o dos idosos na amostra foram: independ\u00eancia funcional ou depend\u00eancia parcial, capacidade cognitiva e aceita\u00e7\u00e3o em participar da pesquisa. Os demais participantes foram escolhidos por conveni\u00eancia. Os instrumentos de coleta de dados foram entrevistas narrativas e entrevistas semiestruturadas. A coleta de dados se desenvolveu em duas etapas. Na primeira, solicitamos ?Conte a hist\u00f3ria da Vila Vicentina?. Na segunda, com apoio de fotografias do acervo da institui\u00e7\u00e3o, realizamos as entrevistas semiestruturadas. Tanto os instrumentos como os procedimentos de coleta de dados foram testados num estudo piloto, modificados e novamente aplicados, para poder definir a sua vers\u00e3o final. Identificamos a necessidade de incluir mais um instrumento, a observa\u00e7\u00e3o direta assistem\u00e1tica, e registro num Di\u00e1rio de Campo, bem como substituir o apoio das fotografias pelas associa\u00e7\u00f5es-livres de palavras. As entrevistas foram gravadas e transcritas, na \u00edntegra, para an\u00e1lise tem\u00e1tica de seu conte\u00fado. Os dados demonstram que, seja para os idosos, funcion\u00e1rios e volunt\u00e1rios, a VVJF \u00e9 representada como amor, carinho, paz e tranquilidade. As mem\u00f3rias da Vila, para os idosos, dizem respeito, principalmente, \u00e0s comemora\u00e7\u00f5es de Carnaval, Festas Juninas e Natal, enquanto para os funcion\u00e1rios, relacionaram-se mais \u00e0 hist\u00f3ria da sua funda\u00e7\u00e3o e crescimento. Para os volunt\u00e1rios, por causa da diversidade do grupo, giram em torno de temas variados, sendo mais comum lembran\u00e7as dos moradores da institui\u00e7\u00e3o.<\/p>\n","protected":false},"excerpt":{"rendered":"<p>Integrantes: Suerde Miranda de Oliveira Brito &#8211; Coordenador \/ Anna Carla Silva de Queiroz &#8211; Integrante \/ Ana Cristina Coutinho Flor &#8211; Integrante \/ Jefferson da Silva Moraes &#8211; Integrante \/ Mauro Porf\u00edrio Barbosa Guimar\u00e3es J\u00fanior &#8211; Integrante \/ Silvaneide Ferreira de Melo &#8211; Integrante. A presente pesquisa teve como objetivo conhecer a hist\u00f3ria da [&hellip;]<\/p>\n","protected":false},"author":4,"featured_media":0,"comment_status":"open","ping_status":"open","sticky":false,"template":"","format":"standard","meta":{"ocean_post_layout":"","ocean_both_sidebars_style":"","ocean_both_sidebars_content_width":0,"ocean_both_sidebars_sidebars_width":0,"ocean_sidebar":"","ocean_second_sidebar":"","ocean_disable_margins":"enable","ocean_add_body_class":"","ocean_shortcode_before_top_bar":"","ocean_shortcode_after_top_bar":"","ocean_shortcode_before_header":"","ocean_shortcode_after_header":"","ocean_has_shortcode":"","ocean_shortcode_after_title":"","ocean_shortcode_before_footer_widgets":"","ocean_shortcode_after_footer_widgets":"","ocean_shortcode_before_footer_bottom":"","ocean_shortcode_after_footer_bottom":"","ocean_display_top_bar":"default","ocean_display_header":"default","ocean_header_style":"","ocean_center_header_left_menu":"","ocean_custom_header_template":"","ocean_custom_logo":0,"ocean_custom_retina_logo":0,"ocean_custom_logo_max_width":0,"ocean_custom_logo_tablet_max_width":0,"ocean_custom_logo_mobile_max_width":0,"ocean_custom_logo_max_height":0,"ocean_custom_logo_tablet_max_height":0,"ocean_custom_logo_mobile_max_height":0,"ocean_header_custom_menu":"","ocean_menu_typo_font_family":"","ocean_menu_typo_font_subset":"","ocean_menu_typo_font_size":0,"ocean_menu_typo_font_size_tablet":0,"ocean_menu_typo_font_size_mobile":0,"ocean_menu_typo_font_size_unit":"px","ocean_menu_typo_font_weight":"","ocean_menu_typo_font_weight_tablet":"","ocean_menu_typo_font_weight_mobile":"","ocean_menu_typo_transform":"","ocean_menu_typo_transform_tablet":"","ocean_menu_typo_transform_mobile":"","ocean_menu_typo_line_height":0,"ocean_menu_typo_line_height_tablet":0,"ocean_menu_typo_line_height_mobile":0,"ocean_menu_typo_line_height_unit":"","ocean_menu_typo_spacing":0,"ocean_menu_typo_spacing_tablet":0,"ocean_menu_typo_spacing_mobile":0,"ocean_menu_typo_spacing_unit":"","ocean_menu_link_color":"","ocean_menu_link_color_hover":"","ocean_menu_link_color_active":"","ocean_menu_link_background":"","ocean_menu_link_hover_background":"","ocean_menu_link_active_background":"","ocean_menu_social_links_bg":"","ocean_menu_social_hover_links_bg":"","ocean_menu_social_links_color":"","ocean_menu_social_hover_links_color":"","ocean_disable_title":"default","ocean_disable_heading":"default","ocean_post_title":"","ocean_post_subheading":"","ocean_post_title_style":"","ocean_post_title_background_color":"","ocean_post_title_background":0,"ocean_post_title_bg_image_position":"","ocean_post_title_bg_image_attachment":"","ocean_post_title_bg_image_repeat":"","ocean_post_title_bg_image_size":"","ocean_post_title_height":0,"ocean_post_title_bg_overlay":0.5,"ocean_post_title_bg_overlay_color":"","ocean_disable_breadcrumbs":"default","ocean_breadcrumbs_color":"","ocean_breadcrumbs_separator_color":"","ocean_breadcrumbs_links_color":"","ocean_breadcrumbs_links_hover_color":"","ocean_display_footer_widgets":"default","ocean_display_footer_bottom":"default","ocean_custom_footer_template":"","ocean_post_oembed":"","ocean_post_self_hosted_media":"","ocean_post_video_embed":"","ocean_link_format":"","ocean_link_format_target":"self","ocean_quote_format":"","ocean_quote_format_link":"post","ocean_gallery_link_images":"on","ocean_gallery_id":[],"footnotes":""},"categories":[596,9],"tags":[583,271,635],"class_list":["post-8189","post","type-post","status-publish","format-standard","hentry","category-docente","category-projetos-de-pesquisa","tag-acervo-fotografico","tag-arquivos-e-narrativas","tag-universidade-estadual-da-paraiba-uepb","entry"],"_links":{"self":[{"href":"https:\/\/www.ccsa.ufpb.br\/pesquisarquivistica\/wp-json\/wp\/v2\/posts\/8189","targetHints":{"allow":["GET"]}}],"collection":[{"href":"https:\/\/www.ccsa.ufpb.br\/pesquisarquivistica\/wp-json\/wp\/v2\/posts"}],"about":[{"href":"https:\/\/www.ccsa.ufpb.br\/pesquisarquivistica\/wp-json\/wp\/v2\/types\/post"}],"author":[{"embeddable":true,"href":"https:\/\/www.ccsa.ufpb.br\/pesquisarquivistica\/wp-json\/wp\/v2\/users\/4"}],"replies":[{"embeddable":true,"href":"https:\/\/www.ccsa.ufpb.br\/pesquisarquivistica\/wp-json\/wp\/v2\/comments?post=8189"}],"version-history":[{"count":1,"href":"https:\/\/www.ccsa.ufpb.br\/pesquisarquivistica\/wp-json\/wp\/v2\/posts\/8189\/revisions"}],"predecessor-version":[{"id":8190,"href":"https:\/\/www.ccsa.ufpb.br\/pesquisarquivistica\/wp-json\/wp\/v2\/posts\/8189\/revisions\/8190"}],"wp:attachment":[{"href":"https:\/\/www.ccsa.ufpb.br\/pesquisarquivistica\/wp-json\/wp\/v2\/media?parent=8189"}],"wp:term":[{"taxonomy":"category","embeddable":true,"href":"https:\/\/www.ccsa.ufpb.br\/pesquisarquivistica\/wp-json\/wp\/v2\/categories?post=8189"},{"taxonomy":"post_tag","embeddable":true,"href":"https:\/\/www.ccsa.ufpb.br\/pesquisarquivistica\/wp-json\/wp\/v2\/tags?post=8189"}],"curies":[{"name":"wp","href":"https:\/\/api.w.org\/{rel}","templated":true}]}}